{"id":613,"date":"2017-06-26T09:48:37","date_gmt":"2017-06-26T12:48:37","guid":{"rendered":"http:\/\/www.minasdosul.com.br\/?p=613"},"modified":"2017-06-26T09:48:37","modified_gmt":"2017-06-26T12:48:37","slug":"infeccoes-por-hpv-mitos-e-verdades-e-tema-de-encontro","status":"publish","type":"post","link":"https:\/\/www.minasdosul.com.br\/?p=613","title":{"rendered":"Infec\u00e7\u00f5es por HPV: Mitos e Verdades \u00e9 tema de encontro"},"content":{"rendered":"<p><strong><a href=\"http:\/\/www.minasdosul.com.br\/wp-content\/uploads\/2017\/06\/AMMG-Logo-ok.jpg\"><img loading=\"lazy\" decoding=\"async\" class=\"alignleft size-full wp-image-614\" src=\"http:\/\/www.minasdosul.com.br\/wp-content\/uploads\/2017\/06\/AMMG-Logo-ok.jpg\" alt=\"AMMG Logo ok\" width=\"232\" height=\"217\" \/><\/a>\u00a0Infec\u00e7\u00f5es por HPV: Mitos e Verdades \u00e9 tema de encontro<\/strong><\/p>\n<p>Reuni\u00e3o Multidisciplinar na AMMG reunir\u00e1 m\u00e9dicos de diversas especialidades para falar de um problema que pode afetar mulheres e homens: HPV \u2013 Uma abordagem multidisciplinar<\/p>\n<p>Data: 8 de julho, s\u00e1bado. Hor\u00e1rio: 8h30 \u00e0s 12h<\/p>\n<p>Local: Teatro Oromar Moreira (Avenida Jo\u00e3o Pinheiro, 161, Centro, Belo Horizonte)<\/p>\n<p>Informa\u00e7\u00f5es e inscri\u00e7\u00f5es: (31) 3247 1619 ou seaci@ammgmail.org.br<\/p>\n<p>P\u00fablico alvo: estudantes de medicina, m\u00e9dicos e demais profissionais da sa\u00fade<\/p>\n<p>A Associa\u00e7\u00e3o M\u00e9dica de Minas Gerais (AMMG) realiza em Belo Horizonte, no dia 8 de julho (s\u00e1bado), de 8h30 as 12h, mais uma edi\u00e7\u00e3o de sua Reuni\u00e3o Multidisciplinar com o tema: HPV &#8211; Uma abordagem Multidisciplinar, envolvendo diversas especialidades m\u00e9dicas. Promovida pela Diretoria Cient\u00edfica da AMMG e coordenada pela Associa\u00e7\u00e3o Brasileira de Patologia do Trato Genital Inferior e Colposcopia \u2013 Cap\u00edtulo Minas Gerais, o encontro trar\u00e1 um dos maiores especialistas na \u00e1rea, o m\u00e9dico e pesquisador Edson Fedrizi, professor da Universidade Federal de Santa Catarina (UFSC) e diretor do Centro de Pesquisa Cl\u00ednica do \u2018Projeto HPV\u2019, onde s\u00e3o desenvolvidas v\u00e1rias pesquisas na \u00e1rea sobre Doen\u00e7as Sexualmente Transmiss\u00edveis &#8211; DST\/HPV.<\/p>\n<p>De acordo com a ginecologista e obstetra e diretora da AMMG, Maria In\u00eas de Miranda Lima, o HPV causa les\u00f5es condilomatosas (em forma de verruga) em homens e mulheres e est\u00e1 relacionado ao c\u00e2ncer de colo do \u00fatero, anal, de p\u00eanis, de vulva e de orofaringe. \u201cDiante dessa grande implica\u00e7\u00e3o \u00e9 fundamental promover a atualiza\u00e7\u00e3o dos mais diversos profissionais envolvidos: ginecologistas, urologistas, proctologistas, dermatologistas, otorrinolaringologistas, pediatras, dentre outros profissionais.\u201d<\/p>\n<p>Segundo a especialista, a infec\u00e7\u00e3o pelo HPV \u00e9 muito frequente, mas transit\u00f3ria, regredindo espontaneamente na maioria das vezes. No pequeno n\u00famero de casos nos quais ela persiste e, especialmente, \u00e9 causada por um tipo viral oncog\u00eanico (com potencial para causar c\u00e2ncer), pode ocorrer o desenvolvimento de les\u00f5es precursoras, que se n\u00e3o forem identificadas e tratadas podem progredir para o c\u00e2ncer.<\/p>\n<p>Para Maria In\u00eas, a baixa cobertura vacinal \u00e9 um os grandes problemas para vencer a doen\u00e7a. \u201cA vacina\u00e7\u00e3o para meninas, indicada de 9 a 13 anos alcan\u00e7ou cobertura de 90% na primeira dose, em 2015. Na segunda dose, os \u00edndices est\u00e3o em torno de 50%. O que \u00e9 muito ruim, pois para alcan\u00e7ar a prote\u00e7\u00e3o necess\u00e1ria s\u00e3o necess\u00e1rias duas doses.\u201d Segundo ela, v\u00e1rios fatores interferem para esse quadro. Um deles \u00e9 fato da vacina\u00e7\u00e3o ter sa\u00eddo das escolas e a outra, a propaga\u00e7\u00e3o de efeitos adversos em meninas, que at\u00e9 hoje n\u00e3o foi comprovada cientificamente.<\/p>\n<p>Na mulher, o HPV pode desencadear um tumor a partir de les\u00f5es precursoras no colo do \u00fatero, totalmente cur\u00e1veis na maioria das vezes. Se n\u00e3o tratadas, podem, ap\u00f3s muitos anos, se transformarem em c\u00e2ncer. Estima-se que somente cerca de 5% das pessoas infectadas pelo HPV desenvolver\u00e1 alguma forma de manifesta\u00e7\u00e3o.<\/p>\n<p>Para os meninos, que tamb\u00e9m podem sofrer com a infec\u00e7\u00e3o, a chegada da vacina na rede p\u00fablica foi aprovada este ano, sendo o Brasil o primeiro pa\u00eds da Am\u00e9rica do Sul a autoriz\u00e1-la. \u201cA indica\u00e7\u00e3o para est\u00e1 faixa et\u00e1ria se deve a melhor resposta imunol\u00f3gica e ao fato de ainda n\u00e3o ter tido contato com v\u00edrus do HPV. No entanto a vacina est\u00e1 indicada em outras faixas et\u00e1rias e situa\u00e7\u00f5es\u201d, explica.<\/p>\n<p>A transmiss\u00e3o do v\u00edrus se d\u00e1 por contato direto com a pele ou mucosa infectada. A principal forma \u00e9 pela via sexual, que inclui contato oral-genital, genital-genital ou mesmo manual-genital. Tamb\u00e9m pode haver transmiss\u00e3o durante o parto. N\u00e3o est\u00e1 comprovada a possibilidade de contamina\u00e7\u00e3o por meio de objetos, do uso de vaso sanit\u00e1rio e piscina ou pelo compartilhamento de toalhas e roupas \u00edntimas.<\/p>\n<p>A reuni\u00e3o multidisciplinar contar\u00e1 com a participa\u00e7\u00e3o de especialistas da Associa\u00e7\u00e3o Brasileira de Patologia do Trato Genital Inferior e Colposcopia \u2013 Cap\u00edtulo Minas Gerais (ABGTGIC), Sociedade Brasileira de Dermatologia \u2013 Regional Minas Gerais (SBD-MG), Sociedade Brasileira de Urologia \u2013 Regional Minas Gerais (SBU-MG), Sociedade de Otorrinolaringologia de Minas Gerais e Sociedade Mineira de Pediatra (SMP). Inscri\u00e7\u00f5es: seaci@ammgmail.org.br ou (31) 3247 1619.<\/p>\n<p>ENTREVISTAS E MAIS INFORMA\u00c7\u00d5ES PARA A IMPRENSA:<\/p>\n<p>Assessoria de Imprensa da AMMG:<\/p>\n<p>Daniela Colen\/N\u00e9tali Leite\/ Renata Cl\u00edmaco<\/p>\n<p>(31) 3247 1615 \/ 3247 1639 \/ 3247 1630<\/p>\n","protected":false},"excerpt":{"rendered":"<p>\u00a0Infec\u00e7\u00f5es por HPV: Mitos e Verdades \u00e9 tema de encontro Reuni\u00e3o Multidisciplinar na AMMG reunir\u00e1 m\u00e9dicos de diversas especialidades para falar de um problema que pode afetar mulheres e homens: HPV \u2013 Uma abordagem multidisciplinar Data: 8 de julho, s\u00e1bado. Hor\u00e1rio: 8h30 \u00e0s 12h Local: Teatro Oromar Moreira (Avenida Jo\u00e3o Pinheiro, 161, Centro, Belo Horizonte) [&hellip;]<\/p>\n","protected":false},"author":2,"featured_media":0,"comment_status":"open","ping_status":"closed","sticky":false,"template":"","format":"standard","meta":{"rop_custom_images_group":[],"rop_custom_messages_group":[],"rop_publish_now":"initial","rop_publish_now_accounts":[],"rop_publish_now_history":[],"rop_publish_now_status":"pending","footnotes":""},"categories":[47,42,1,40,43],"tags":[],"class_list":["bg-stuff"],"_links":{"self":[{"href":"https:\/\/www.minasdosul.com.br\/index.php?rest_route=\/wp\/v2\/posts\/613","targetHints":{"allow":["GET"]}}],"collection":[{"href":"https:\/\/www.minasdosul.com.br\/index.php?rest_route=\/wp\/v2\/posts"}],"about":[{"href":"https:\/\/www.minasdosul.com.br\/index.php?rest_route=\/wp\/v2\/types\/post"}],"author":[{"embeddable":true,"href":"https:\/\/www.minasdosul.com.br\/index.php?rest_route=\/wp\/v2\/users\/2"}],"replies":[{"embeddable":true,"href":"https:\/\/www.minasdosul.com.br\/index.php?rest_route=%2Fwp%2Fv2%2Fcomments&post=613"}],"version-history":[{"count":1,"href":"https:\/\/www.minasdosul.com.br\/index.php?rest_route=\/wp\/v2\/posts\/613\/revisions"}],"predecessor-version":[{"id":615,"href":"https:\/\/www.minasdosul.com.br\/index.php?rest_route=\/wp\/v2\/posts\/613\/revisions\/615"}],"wp:attachment":[{"href":"https:\/\/www.minasdosul.com.br\/index.php?rest_route=%2Fwp%2Fv2%2Fmedia&parent=613"}],"wp:term":[{"taxonomy":"category","embeddable":true,"href":"https:\/\/www.minasdosul.com.br\/index.php?rest_route=%2Fwp%2Fv2%2Fcategories&post=613"},{"taxonomy":"post_tag","embeddable":true,"href":"https:\/\/www.minasdosul.com.br\/index.php?rest_route=%2Fwp%2Fv2%2Ftags&post=613"}],"curies":[{"name":"wp","href":"https:\/\/api.w.org\/{rel}","templated":true}]}}