{"id":609,"date":"2017-06-09T14:31:25","date_gmt":"2017-06-09T17:31:25","guid":{"rendered":"http:\/\/www.minasdosul.com.br\/?p=609"},"modified":"2017-06-09T14:31:25","modified_gmt":"2017-06-09T17:31:25","slug":"sindicato-dos-contabilistas-de-varginha-edital-de-convocacao","status":"publish","type":"post","link":"https:\/\/www.minasdosul.com.br\/?p=609","title":{"rendered":"Sindicato dos Contabilistas de Varginha &#8211; EDITAL DE CONVOCA\u00c7\u00c3O"},"content":{"rendered":"<p><strong>\u00a0\u00a0\u00a0\u00a0\u00a0\u00a0\u00a0\u00a0\u00a0\u00a0\u00a0\u00a0\u00a0\u00a0\u00a0\u00a0\u00a0\u00a0\u00a0\u00a0\u00a0 <a href=\"http:\/\/www.minasdosul.com.br\/wp-content\/uploads\/2017\/06\/SindCont-VGA.jpg\"><img loading=\"lazy\" decoding=\"async\" class=\"alignleft size-full wp-image-610\" src=\"http:\/\/www.minasdosul.com.br\/wp-content\/uploads\/2017\/06\/SindCont-VGA.jpg\" alt=\"SindCont VGA\" width=\"240\" height=\"240\" srcset=\"https:\/\/www.minasdosul.com.br\/wp-content\/uploads\/2017\/06\/SindCont-VGA.jpg 240w, https:\/\/www.minasdosul.com.br\/wp-content\/uploads\/2017\/06\/SindCont-VGA-150x150.jpg 150w\" sizes=\"auto, (max-width: 240px) 100vw, 240px\" \/><\/a>EDITAL DE CONVOCA\u00c7\u00c3O<\/strong><\/p>\n<p>O Sindicato dos Contabilistas e Auxiliares de Contabilidade de Varginha \u2013 SINDCONT-VGA\/MG, com sede na Rua Honduras, 11, Vila Pinto, Varginha (MG), CEP: 37.010-700, pelo presente edital, nos termos da legisla\u00e7\u00e3o vigente, convoca todos os seus associados para Assembleia Geral Ordin\u00e1ria, a realizar-se no dia 14\/06\/2017 em sua sede, \u00e0s 8h, em primeira chamada, com presen\u00e7a de maioria absoluta dos associados ou \u00e0s 8h30min, em segunda chamada, com a presen\u00e7a de qualquer n\u00famero de associados, a fim de discutir e deliberar sobre o relat\u00f3rio da diretoria executiva e presta\u00e7\u00e3o de contas do exerc\u00edcio anterior.<\/p>\n<p>JANILTON MARCEL DE PAIVA<\/p>\n<p>&#8211; Presidente-<\/p>\n","protected":false},"excerpt":{"rendered":"<p>\u00a0\u00a0\u00a0\u00a0\u00a0\u00a0\u00a0\u00a0\u00a0\u00a0\u00a0\u00a0\u00a0\u00a0\u00a0\u00a0\u00a0\u00a0\u00a0\u00a0\u00a0 EDITAL DE CONVOCA\u00c7\u00c3O O Sindicato dos Contabilistas e Auxiliares de Contabilidade de Varginha \u2013 SINDCONT-VGA\/MG, com sede na Rua Honduras, 11, Vila Pinto, Varginha (MG), CEP: 37.010-700, pelo presente edital, nos termos da legisla\u00e7\u00e3o vigente, convoca todos os seus associados para Assembleia Geral Ordin\u00e1ria, a realizar-se no dia 14\/06\/2017 em sua sede, \u00e0s 8h, [&hellip;]<\/p>\n","protected":false},"author":2,"featured_media":0,"comment_status":"open","ping_status":"closed","sticky":false,"template":"","format":"standard","meta":{"rop_custom_images_group":[],"rop_custom_messages_group":[],"rop_publish_now":"initial","rop_publish_now_accounts":[],"rop_publish_now_history":[],"rop_publish_now_status":"pending","footnotes":""},"categories":[42,1,43],"tags":[],"class_list":["bg-stuff"],"_links":{"self":[{"href":"https:\/\/www.minasdosul.com.br\/index.php?rest_route=\/wp\/v2\/posts\/609","targetHints":{"allow":["GET"]}}],"collection":[{"href":"https:\/\/www.minasdosul.com.br\/index.php?rest_route=\/wp\/v2\/posts"}],"about":[{"href":"https:\/\/www.minasdosul.com.br\/index.php?rest_route=\/wp\/v2\/types\/post"}],"author":[{"embeddable":true,"href":"https:\/\/www.minasdosul.com.br\/index.php?rest_route=\/wp\/v2\/users\/2"}],"replies":[{"embeddable":true,"href":"https:\/\/www.minasdosul.com.br\/index.php?rest_route=%2Fwp%2Fv2%2Fcomments&post=609"}],"version-history":[{"count":1,"href":"https:\/\/www.minasdosul.com.br\/index.php?rest_route=\/wp\/v2\/posts\/609\/revisions"}],"predecessor-version":[{"id":611,"href":"https:\/\/www.minasdosul.com.br\/index.php?rest_route=\/wp\/v2\/posts\/609\/revisions\/611"}],"wp:attachment":[{"href":"https:\/\/www.minasdosul.com.br\/index.php?rest_route=%2Fwp%2Fv2%2Fmedia&parent=609"}],"wp:term":[{"taxonomy":"category","embeddable":true,"href":"https:\/\/www.minasdosul.com.br\/index.php?rest_route=%2Fwp%2Fv2%2Fcategories&post=609"},{"taxonomy":"post_tag","embeddable":true,"href":"https:\/\/www.minasdosul.com.br\/index.php?rest_route=%2Fwp%2Fv2%2Ftags&post=609"}],"curies":[{"name":"wp","href":"https:\/\/api.w.org\/{rel}","templated":true}]}}