{"id":554,"date":"2017-02-15T10:46:06","date_gmt":"2017-02-15T12:46:06","guid":{"rendered":"http:\/\/www.minasdosul.com.br\/?p=554"},"modified":"2017-02-15T10:46:46","modified_gmt":"2017-02-15T12:46:46","slug":"em-varginha-vacinacao-no-parque-rinald-e-bairros-vizinhos-prossegue","status":"publish","type":"post","link":"https:\/\/www.minasdosul.com.br\/?p=554","title":{"rendered":"Varginha: vacina\u00e7\u00e3o no parque Rinald e bairros vizinhos prossegue"},"content":{"rendered":"<p style=\"text-align: justify;\"><a href=\"http:\/\/www.minasdosul.com.br\/wp-content\/uploads\/2017\/02\/mutiraodengue.jpg\"><img loading=\"lazy\" decoding=\"async\" class=\"alignleft size-medium wp-image-555\" src=\"http:\/\/www.minasdosul.com.br\/wp-content\/uploads\/2017\/02\/mutiraodengue-300x140.jpg\" alt=\"mutiraodengue\" width=\"300\" height=\"140\" srcset=\"https:\/\/www.minasdosul.com.br\/wp-content\/uploads\/2017\/02\/mutiraodengue-300x140.jpg 300w, https:\/\/www.minasdosul.com.br\/wp-content\/uploads\/2017\/02\/mutiraodengue.jpg 329w\" sizes=\"auto, (max-width: 300px) 100vw, 300px\" \/><\/a>O bloqueio da febre Amarela prossegue no parque Rinald, onde na semana passada foi confirmada a morte de um Primata n\u00e3o Humano (macaco), e tamb\u00e9m nos bairros Mont Serrat, Alto do Pinheiros, Jardim Corcetti, San Marino e\u00a0 Jardim Estrela, num raio de mil metros de onde aconteceu o fato, dentro das a\u00e7\u00f5es imediatas para conten\u00e7\u00e3o da doen\u00e7a. No final de semana, s\u00e1bado e domingo, foram aplicadas 700 doses da vacina, atingindo 60% das resid\u00eancias programadas para a visita\u00e7\u00e3o porta a porta.<\/p>\n<p style=\"text-align: justify;\">Dando continuidade a a\u00e7\u00e3o, equipes da Secretaria de Sa\u00fade estar\u00e3o percorrendo os bairros, nesta segunda e ter\u00e7a-feira a tarde, dias 13 e 14, com a finalidade de concluir os 40% de resid\u00eancias, alcan\u00e7ado a vacina\u00e7\u00e3o esperada daquela popula\u00e7\u00e3o.<\/p>\n<p style=\"text-align: justify;\">Na quarta-feira as equipes ser\u00e3o deslocadas para o Parque Mariela, onde no final de semana foi localizado um macaco morto. \u201cCom rela\u00e7\u00e3o ao Mariela estamos mais tranquilos, porque o animal apresentava fratura de cr\u00e2nio e tudo indica morte por atropelamento, mas estamos atentos e faremos o bloqueio necess\u00e1rio\u201d, explicou o secret\u00e1rio e Sa\u00fade M\u00e1rio Terra.<\/p>\n<p style=\"text-align: justify;\"><strong>Busca ativa<\/strong> &#8211; A busca ativa por primatas (macacos), que faz parte da rotina do setor de Zoonoses da Prefeitura de Varginha foi intensificada nos \u00faltimos dias com a aproxima\u00e7\u00e3o da Febre Amarela em cidades vizinhas. Segundo veterin\u00e1rio Jos\u00e9 Eduardo, todos os parques \u00a0e matas ser\u00e3o percorridos pelas equipes que trabalham diariamente.<\/p>\n<p><b>MUTIR\u00c3O DA DENGUE DA PR\u00d3XIMA SEMANA SER\u00c0 DUPLO<\/b><\/p>\n<p style=\"text-align: justify;\"><b>\u00a0D<\/b>ia 15 (quarta-feira) no Parque Rinaldi,\u00a0 7h30 \u00e0s 13h00<br \/>\nDia 16 (quinta-feira) no\u00a0 Mont Serrat,\u00a0 das 7h30 \u00e0s 13h00<\/p>\n<p style=\"text-align: justify;\">Assim, estes bairros estar\u00e3o sendo contemplados com mais um Mutir\u00e3o de Limpeza, a fim de eliminar os dep\u00f3sitos de \u00e1gua parada nas resid\u00eancias, com o recolhimento de todos os materiais inserv\u00edveis no intuito de evitar uma epidemia de doen\u00e7as transmitidas pelo vetor Aedes Aegypti, j\u00e1 que estes bairros est\u00e3o com grande n\u00famero de casos de dengue confirmados.<\/p>\n<p>Solicitamos aos moradores para que retirem de suas casas, deixando nas cal\u00e7adas no mesmo dia bem cedinho, no m\u00e1ximo at\u00e9 7h30, todos os materiais inserv\u00edveis como: m\u00f3veis velhos, latas, vidros, metais, pneus, objetos que possam reter \u00e1gua, dentre outros, pois os caminh\u00f5es de coleta s\u00f3 percorrem as ruas uma \u00fanica vez!<\/p>\n<p>Ressaltamos tamb\u00e9m que n\u00e3o ser\u00e3o recolhidos pelos caminh\u00f5es galhos de \u00e1rvores e entulhos de constru\u00e7\u00e3o.<\/p>\n<p>Haver\u00e1 tamb\u00e9m panfletagem orientativa nas ruas dos bairros nos dias 10, 13 e 14\/02\/2017.<\/p>\n<p>Lembramos ainda sobre os cuidados que devem ser tomados com rela\u00e7\u00e3o ao armazenamento de \u00e1gua captada das chuvas! \u00c9 importante que os recipientes sejam devidamente tampados ou cobertos com telas bem finas e que as \u00e1guas sejam\u00a0 cloradas!<\/p>\n<p>Estas \u00e1guas est\u00e3o se tornando grandes focos do mosquito aedes aegypti, transmissor da dengue, do zika v\u00edrus e da febre chikungunya por descuido da popula\u00e7\u00e3o.<\/p>\n<p>O aumento dos casos de dengue est\u00e1 ocorrendo em todo o estado de minas gerais, devido a fatores clim\u00e1ticos: muita chuva e aumento da temperatura por isso est\u00e3o intensificando os trabalhos no sentido de combater a dengue, a febre chikungunya e o zika v\u00edrus, e o retorno da febre amarela \u00e9 necess\u00e1rio que toda popula\u00e7\u00e3o se uma em torno desta causa.<\/p>\n<p>Muito cuidado! O mosquito pode matar quem voc\u00ea mais ama! Colabore!<\/p>\n<p>Fa\u00e7a sua parte! Mantenha sua casa limpa e livre dos focos do mosquito!<\/p>\n<p>Ajude-nos a combater os focos de dengue em Varginha!<\/p>\n<p>Denuncie! via telefone: setor de vigil\u00e2ncia ambiental (3690-2230) via email: <a href=\"mailto:denguedenuncias@varginha.mg.gov.br\">denguedenuncias@varginha.mg.gov.br<\/a>\u00a0\u00a0 guarda civil municipal &#8211; fone 153<\/p>\n<p style=\"text-align: justify;\">\n","protected":false},"excerpt":{"rendered":"<p>O bloqueio da febre Amarela prossegue no parque Rinald, onde na semana passada foi confirmada a morte de um Primata n\u00e3o Humano (macaco), e tamb\u00e9m nos bairros Mont Serrat, Alto do Pinheiros, Jardim Corcetti, San Marino e\u00a0 Jardim Estrela, num raio de mil metros de onde aconteceu o fato, dentro das a\u00e7\u00f5es imediatas para conten\u00e7\u00e3o [&hellip;]<\/p>\n","protected":false},"author":2,"featured_media":0,"comment_status":"open","ping_status":"closed","sticky":false,"template":"","format":"standard","meta":{"rop_custom_images_group":[],"rop_custom_messages_group":[],"rop_publish_now":"initial","rop_publish_now_accounts":[],"rop_publish_now_history":[],"rop_publish_now_status":"pending","footnotes":""},"categories":[42,1,43],"tags":[],"class_list":["bg-stuff"],"_links":{"self":[{"href":"https:\/\/www.minasdosul.com.br\/index.php?rest_route=\/wp\/v2\/posts\/554","targetHints":{"allow":["GET"]}}],"collection":[{"href":"https:\/\/www.minasdosul.com.br\/index.php?rest_route=\/wp\/v2\/posts"}],"about":[{"href":"https:\/\/www.minasdosul.com.br\/index.php?rest_route=\/wp\/v2\/types\/post"}],"author":[{"embeddable":true,"href":"https:\/\/www.minasdosul.com.br\/index.php?rest_route=\/wp\/v2\/users\/2"}],"replies":[{"embeddable":true,"href":"https:\/\/www.minasdosul.com.br\/index.php?rest_route=%2Fwp%2Fv2%2Fcomments&post=554"}],"version-history":[{"count":2,"href":"https:\/\/www.minasdosul.com.br\/index.php?rest_route=\/wp\/v2\/posts\/554\/revisions"}],"predecessor-version":[{"id":557,"href":"https:\/\/www.minasdosul.com.br\/index.php?rest_route=\/wp\/v2\/posts\/554\/revisions\/557"}],"wp:attachment":[{"href":"https:\/\/www.minasdosul.com.br\/index.php?rest_route=%2Fwp%2Fv2%2Fmedia&parent=554"}],"wp:term":[{"taxonomy":"category","embeddable":true,"href":"https:\/\/www.minasdosul.com.br\/index.php?rest_route=%2Fwp%2Fv2%2Fcategories&post=554"},{"taxonomy":"post_tag","embeddable":true,"href":"https:\/\/www.minasdosul.com.br\/index.php?rest_route=%2Fwp%2Fv2%2Ftags&post=554"}],"curies":[{"name":"wp","href":"https:\/\/api.w.org\/{rel}","templated":true}]}}