{"id":551,"date":"2017-02-15T10:38:23","date_gmt":"2017-02-15T12:38:23","guid":{"rendered":"http:\/\/www.minasdosul.com.br\/?p=551"},"modified":"2017-02-15T10:38:23","modified_gmt":"2017-02-15T12:38:23","slug":"prefeitura-de-varginha-inaugura-obras-do-cemei-clery-forjaz","status":"publish","type":"post","link":"https:\/\/www.minasdosul.com.br\/?p=551","title":{"rendered":"Prefeitura de Varginha inaugura obras do Cemei Clery Forjaz"},"content":{"rendered":"<p style=\"text-align: justify;\"><a href=\"http:\/\/www.minasdosul.com.br\/wp-content\/uploads\/2017\/02\/inaug_clery.jpg\"><img loading=\"lazy\" decoding=\"async\" class=\"alignleft size-medium wp-image-552\" src=\"http:\/\/www.minasdosul.com.br\/wp-content\/uploads\/2017\/02\/inaug_clery-300x225.jpg\" alt=\"inaug_clery\" width=\"300\" height=\"225\" srcset=\"https:\/\/www.minasdosul.com.br\/wp-content\/uploads\/2017\/02\/inaug_clery-300x225.jpg 300w, https:\/\/www.minasdosul.com.br\/wp-content\/uploads\/2017\/02\/inaug_clery.jpg 500w\" sizes=\"auto, (max-width: 300px) 100vw, 300px\" \/><\/a>A Prefeitura de Varginha, por meio da secretaria Municipal de Educa\u00e7\u00e3o, inaugurou na quarta-feira, 8 de fevereiro, as obras de revitaliza\u00e7\u00e3o do CEMEI &#8211; Anexo Clery Forjaz Loureiro, na Rua Estevam B\u00edscaro, 58 \u2013 no bairro Sion.<\/p>\n<p style=\"text-align: justify;\" align=\"justify\">Em 2004, com a crescente procura por vagas na educa\u00e7\u00e3o infantil (4 e 5 anos), em especial nos bairros Sion, Santana e Nossa Senhora das Gra\u00e7as, houve a necessidade de ampliar a oferta de vagas na regi\u00e3o. Por isso, a Prefeitura \u00a0de Varginha, por meio da Secretaria Municipal de Educa\u00e7\u00e3o, em parceria com o Centro Esp\u00edrita Irm\u00e3 Sheila (que cede o pr\u00e9dio), abriu uma Escola Municipal de Educa\u00e7\u00e3o Infantil, como anexo da Escola Municipal Jos\u00e9 Augusto de Paiva.<\/p>\n<p style=\"text-align: justify;\" align=\"justify\">Em 2008, como a Escola Municipal Jos\u00e9 Augusto de Paiva j\u00e1 n\u00e3o comportava o atendimento do fluxo das turmas de 5 anos do Anexo para o 1\u00ba ano do ensino fundamental, a Secretaria de Educa\u00e7\u00e3o resolveu transferir o Anexo para o Cemei Clery Forjaz Loureiro, que atende apenas crian\u00e7as da Educa\u00e7\u00e3o Infantil (creche e pr\u00e9-escola).<\/p>\n<p style=\"text-align: justify;\" align=\"justify\">Atualmente o Cemei Anexo ao Clery Forjaz \u00a0atende 178 crian\u00e7as de 4 e 5 anos em per\u00edodo parcial.<\/p>\n<p align=\"justify\"><b>Obras &#8211; <\/b>Para um melhor atendimento, dando mais conforto e prezando pela qualidade de vida de estudantes e professores, o Cemei passou por\u00a0 pintura interna e externa,\u00a0 restaura\u00e7\u00e3o das salas de aula com a coloca\u00e7\u00e3o de granito e revestimento de cer\u00e2mica, troca de portas, fechaduras, torneiras, l\u00e2mpadas, reatores e lumin\u00e1rias; revis\u00e3o na parte el\u00e9trica e hidr\u00e1ulica, instala\u00e7\u00e3o de l\u00e2mpadas de LED para maior economia, revitaliza\u00e7\u00e3o do p\u00e1tio com nova ilumina\u00e7\u00e3o e revestimento lateral com pastilhas coloridas e desenhos\u00a0 infantis para recrea\u00e7\u00e3o e atividades f\u00edsicas, instala\u00e7\u00e3o de ventiladores e TV de plasma de 43 polegadas, reforma do bebedouro, instala\u00e7\u00e3o de janela no refeit\u00f3rio para maior ventila\u00e7\u00e3o, implanta\u00e7\u00e3o do cantinho da pintura, troca do piso, chuveiro e portas nos banheiros; coloca\u00e7\u00e3o de grama e revitaliza\u00e7\u00e3o do jardim.<\/p>\n","protected":false},"excerpt":{"rendered":"<p>A Prefeitura de Varginha, por meio da secretaria Municipal de Educa\u00e7\u00e3o, inaugurou na quarta-feira, 8 de fevereiro, as obras de revitaliza\u00e7\u00e3o do CEMEI &#8211; Anexo Clery Forjaz Loureiro, na Rua Estevam B\u00edscaro, 58 \u2013 no bairro Sion. Em 2004, com a crescente procura por vagas na educa\u00e7\u00e3o infantil (4 e 5 anos), em especial nos [&hellip;]<\/p>\n","protected":false},"author":2,"featured_media":0,"comment_status":"open","ping_status":"closed","sticky":false,"template":"","format":"standard","meta":{"rop_custom_images_group":[],"rop_custom_messages_group":[],"rop_publish_now":"initial","rop_publish_now_accounts":[],"rop_publish_now_history":[],"rop_publish_now_status":"pending","footnotes":""},"categories":[42,1,43],"tags":[],"class_list":["bg-stuff"],"_links":{"self":[{"href":"https:\/\/www.minasdosul.com.br\/index.php?rest_route=\/wp\/v2\/posts\/551","targetHints":{"allow":["GET"]}}],"collection":[{"href":"https:\/\/www.minasdosul.com.br\/index.php?rest_route=\/wp\/v2\/posts"}],"about":[{"href":"https:\/\/www.minasdosul.com.br\/index.php?rest_route=\/wp\/v2\/types\/post"}],"author":[{"embeddable":true,"href":"https:\/\/www.minasdosul.com.br\/index.php?rest_route=\/wp\/v2\/users\/2"}],"replies":[{"embeddable":true,"href":"https:\/\/www.minasdosul.com.br\/index.php?rest_route=%2Fwp%2Fv2%2Fcomments&post=551"}],"version-history":[{"count":1,"href":"https:\/\/www.minasdosul.com.br\/index.php?rest_route=\/wp\/v2\/posts\/551\/revisions"}],"predecessor-version":[{"id":553,"href":"https:\/\/www.minasdosul.com.br\/index.php?rest_route=\/wp\/v2\/posts\/551\/revisions\/553"}],"wp:attachment":[{"href":"https:\/\/www.minasdosul.com.br\/index.php?rest_route=%2Fwp%2Fv2%2Fmedia&parent=551"}],"wp:term":[{"taxonomy":"category","embeddable":true,"href":"https:\/\/www.minasdosul.com.br\/index.php?rest_route=%2Fwp%2Fv2%2Fcategories&post=551"},{"taxonomy":"post_tag","embeddable":true,"href":"https:\/\/www.minasdosul.com.br\/index.php?rest_route=%2Fwp%2Fv2%2Ftags&post=551"}],"curies":[{"name":"wp","href":"https:\/\/api.w.org\/{rel}","templated":true}]}}