{"id":545,"date":"2017-02-15T10:30:31","date_gmt":"2017-02-15T12:30:31","guid":{"rendered":"http:\/\/www.minasdosul.com.br\/?p=545"},"modified":"2017-02-15T10:32:14","modified_gmt":"2017-02-15T12:32:14","slug":"criancada-lota-zoologico-de-varginha-para-show-infantil","status":"publish","type":"post","link":"https:\/\/www.minasdosul.com.br\/?p=545","title":{"rendered":"Crian\u00e7ada lota Zool\u00f3gico de Varginha para show Infantil"},"content":{"rendered":"<p><a href=\"http:\/\/www.minasdosul.com.br\/wp-content\/uploads\/2017\/02\/zoo_teatroc.jpg\"><img loading=\"lazy\" decoding=\"async\" class=\"size-medium wp-image-546 alignleft\" src=\"http:\/\/www.minasdosul.com.br\/wp-content\/uploads\/2017\/02\/zoo_teatroc-300x199.jpg\" alt=\"zoo_teatroc\" width=\"300\" height=\"199\" srcset=\"https:\/\/www.minasdosul.com.br\/wp-content\/uploads\/2017\/02\/zoo_teatroc-300x199.jpg 300w, https:\/\/www.minasdosul.com.br\/wp-content\/uploads\/2017\/02\/zoo_teatroc.jpg 500w\" sizes=\"auto, (max-width: 300px) 100vw, 300px\" \/><\/a><a href=\"http:\/\/www.minasdosul.com.br\/wp-content\/uploads\/2017\/02\/zoo_teatrod.jpg\"><img loading=\"lazy\" decoding=\"async\" class=\"size-medium wp-image-547 aligncenter\" src=\"http:\/\/www.minasdosul.com.br\/wp-content\/uploads\/2017\/02\/zoo_teatrod-300x199.jpg\" alt=\"zoo_teatrod\" width=\"300\" height=\"199\" srcset=\"https:\/\/www.minasdosul.com.br\/wp-content\/uploads\/2017\/02\/zoo_teatrod-300x199.jpg 300w, https:\/\/www.minasdosul.com.br\/wp-content\/uploads\/2017\/02\/zoo_teatrod.jpg 500w\" sizes=\"auto, (max-width: 300px) 100vw, 300px\" \/><\/a><\/p>\n<p style=\"text-align: justify;\">O domingo, 12 de fevereiro,\u00a0 foi festivo no Zool\u00f3gico de Varginha, que, para comemorar a volta \u00e0s aulas, preparou uma tarde dedicada ao p\u00fablico infantil, com a apresenta\u00e7\u00e3o de show infantil com Frozen e outros personagens, com o grupo \u00a0ALEGRART, \u00a0especializado em espet\u00e1culos circenses e teatrais.<\/p>\n<p style=\"text-align: justify;\">Pais e filhos lotaram a arena do Zool\u00f3gico e a alegria tomou conta de todos que participaram do espet\u00e1culo com os artistas, tornando a tarde ainda mais animada. \u201cFoi tudo muito bom, atingimos nosso objetivo de trazer as crian\u00e7as para o Zool\u00f3gico e cumprimos a miss\u00e3o de levar alegria para todos\u201d, disse o secret\u00e1rios de Turismo Barry Charles.<\/p>\n<p style=\"text-align: justify;\">Quem passou pelo Zoo pode perceber que o local ganhou novas e modernas placas de sinaliza\u00e7\u00e3o e est\u00e1 passando por pintura, tudo para receber melhor seus visitantes.<\/p>\n","protected":false},"excerpt":{"rendered":"<p>O domingo, 12 de fevereiro,\u00a0 foi festivo no Zool\u00f3gico de Varginha, que, para comemorar a volta \u00e0s aulas, preparou uma tarde dedicada ao p\u00fablico infantil, com a apresenta\u00e7\u00e3o de show infantil com Frozen e outros personagens, com o grupo \u00a0ALEGRART, \u00a0especializado em espet\u00e1culos circenses e teatrais. Pais e filhos lotaram a arena do Zool\u00f3gico e [&hellip;]<\/p>\n","protected":false},"author":2,"featured_media":0,"comment_status":"open","ping_status":"closed","sticky":false,"template":"","format":"standard","meta":{"rop_custom_images_group":[],"rop_custom_messages_group":[],"rop_publish_now":"initial","rop_publish_now_accounts":[],"rop_publish_now_history":[],"rop_publish_now_status":"pending","footnotes":""},"categories":[42,1,43],"tags":[],"class_list":["bg-stuff"],"_links":{"self":[{"href":"https:\/\/www.minasdosul.com.br\/index.php?rest_route=\/wp\/v2\/posts\/545","targetHints":{"allow":["GET"]}}],"collection":[{"href":"https:\/\/www.minasdosul.com.br\/index.php?rest_route=\/wp\/v2\/posts"}],"about":[{"href":"https:\/\/www.minasdosul.com.br\/index.php?rest_route=\/wp\/v2\/types\/post"}],"author":[{"embeddable":true,"href":"https:\/\/www.minasdosul.com.br\/index.php?rest_route=\/wp\/v2\/users\/2"}],"replies":[{"embeddable":true,"href":"https:\/\/www.minasdosul.com.br\/index.php?rest_route=%2Fwp%2Fv2%2Fcomments&post=545"}],"version-history":[{"count":3,"href":"https:\/\/www.minasdosul.com.br\/index.php?rest_route=\/wp\/v2\/posts\/545\/revisions"}],"predecessor-version":[{"id":550,"href":"https:\/\/www.minasdosul.com.br\/index.php?rest_route=\/wp\/v2\/posts\/545\/revisions\/550"}],"wp:attachment":[{"href":"https:\/\/www.minasdosul.com.br\/index.php?rest_route=%2Fwp%2Fv2%2Fmedia&parent=545"}],"wp:term":[{"taxonomy":"category","embeddable":true,"href":"https:\/\/www.minasdosul.com.br\/index.php?rest_route=%2Fwp%2Fv2%2Fcategories&post=545"},{"taxonomy":"post_tag","embeddable":true,"href":"https:\/\/www.minasdosul.com.br\/index.php?rest_route=%2Fwp%2Fv2%2Ftags&post=545"}],"curies":[{"name":"wp","href":"https:\/\/api.w.org\/{rel}","templated":true}]}}