{"id":541,"date":"2017-02-15T10:21:17","date_gmt":"2017-02-15T12:21:17","guid":{"rendered":"http:\/\/www.minasdosul.com.br\/?p=541"},"modified":"2017-02-15T10:21:17","modified_gmt":"2017-02-15T12:21:17","slug":"secretario-de-habitacao-recebe-visita-do-vereador-buiu-do-onibus","status":"publish","type":"post","link":"https:\/\/www.minasdosul.com.br\/?p=541","title":{"rendered":"Secret\u00e1rio de Habita\u00e7\u00e3o recebe visita do vereador Buiu do \u00f4nibus"},"content":{"rendered":"<p style=\"text-align: justify;\"><a href=\"http:\/\/www.minasdosul.com.br\/wp-content\/uploads\/2017\/02\/buiu-1.jpg\"><img loading=\"lazy\" decoding=\"async\" class=\"alignleft size-medium wp-image-543\" src=\"http:\/\/www.minasdosul.com.br\/wp-content\/uploads\/2017\/02\/buiu-1-300x171.jpg\" alt=\"buiu\" width=\"300\" height=\"171\" srcset=\"https:\/\/www.minasdosul.com.br\/wp-content\/uploads\/2017\/02\/buiu-1-300x171.jpg 300w, https:\/\/www.minasdosul.com.br\/wp-content\/uploads\/2017\/02\/buiu-1.jpg 328w\" sizes=\"auto, (max-width: 300px) 100vw, 300px\" \/><\/a>O Secret\u00e1rio Municipal de Habita\u00e7\u00e3o e Desenvolvimento Social, Prof. Francisco Gra\u00e7a de Moura, recebeu a visita do vereador Anderson Jos\u00e9 Firmino, popularmente conhecido como Buiu do \u00f4nibus, que foi cumpriment\u00e1-lo pela iniciativa oportuna de incluir no novo Plano Quadrienal de desenvolvimento social a implanta\u00e7\u00e3o da \u201cTenda do Saber Novo\u201d no residencial Carvalhos.<\/p>\n<p style=\"text-align: justify;\">\u201cAquela popula\u00e7\u00e3o merece de fato um atendimento especial face os elevados \u00edndices de vulnerabilidade social existente na referida comunidade\u201d, disse o vereador ao secret\u00e1rio.<\/p>\n","protected":false},"excerpt":{"rendered":"<p>O Secret\u00e1rio Municipal de Habita\u00e7\u00e3o e Desenvolvimento Social, Prof. Francisco Gra\u00e7a de Moura, recebeu a visita do vereador Anderson Jos\u00e9 Firmino, popularmente conhecido como Buiu do \u00f4nibus, que foi cumpriment\u00e1-lo pela iniciativa oportuna de incluir no novo Plano Quadrienal de desenvolvimento social a implanta\u00e7\u00e3o da \u201cTenda do Saber Novo\u201d no residencial Carvalhos. \u201cAquela popula\u00e7\u00e3o merece [&hellip;]<\/p>\n","protected":false},"author":2,"featured_media":0,"comment_status":"open","ping_status":"closed","sticky":false,"template":"","format":"standard","meta":{"rop_custom_images_group":[],"rop_custom_messages_group":[],"rop_publish_now":"initial","rop_publish_now_accounts":[],"rop_publish_now_history":[],"rop_publish_now_status":"pending","footnotes":""},"categories":[42,1,43],"tags":[],"class_list":["bg-stuff"],"_links":{"self":[{"href":"https:\/\/www.minasdosul.com.br\/index.php?rest_route=\/wp\/v2\/posts\/541","targetHints":{"allow":["GET"]}}],"collection":[{"href":"https:\/\/www.minasdosul.com.br\/index.php?rest_route=\/wp\/v2\/posts"}],"about":[{"href":"https:\/\/www.minasdosul.com.br\/index.php?rest_route=\/wp\/v2\/types\/post"}],"author":[{"embeddable":true,"href":"https:\/\/www.minasdosul.com.br\/index.php?rest_route=\/wp\/v2\/users\/2"}],"replies":[{"embeddable":true,"href":"https:\/\/www.minasdosul.com.br\/index.php?rest_route=%2Fwp%2Fv2%2Fcomments&post=541"}],"version-history":[{"count":1,"href":"https:\/\/www.minasdosul.com.br\/index.php?rest_route=\/wp\/v2\/posts\/541\/revisions"}],"predecessor-version":[{"id":544,"href":"https:\/\/www.minasdosul.com.br\/index.php?rest_route=\/wp\/v2\/posts\/541\/revisions\/544"}],"wp:attachment":[{"href":"https:\/\/www.minasdosul.com.br\/index.php?rest_route=%2Fwp%2Fv2%2Fmedia&parent=541"}],"wp:term":[{"taxonomy":"category","embeddable":true,"href":"https:\/\/www.minasdosul.com.br\/index.php?rest_route=%2Fwp%2Fv2%2Fcategories&post=541"},{"taxonomy":"post_tag","embeddable":true,"href":"https:\/\/www.minasdosul.com.br\/index.php?rest_route=%2Fwp%2Fv2%2Ftags&post=541"}],"curies":[{"name":"wp","href":"https:\/\/api.w.org\/{rel}","templated":true}]}}