{"id":534,"date":"2017-02-15T10:07:44","date_gmt":"2017-02-15T12:07:44","guid":{"rendered":"http:\/\/www.minasdosul.com.br\/?p=534"},"modified":"2017-02-15T10:07:44","modified_gmt":"2017-02-15T12:07:44","slug":"prefeitura-de-varginha-intensifica-acoes-contra-a-febre-amarela","status":"publish","type":"post","link":"https:\/\/www.minasdosul.com.br\/?p=534","title":{"rendered":"PREFEITURA DE VARGINHA INTENSIFICA A\u00c7\u00d5ES CONTRA A FEBRE AMARELA"},"content":{"rendered":"<p>A Prefeitura de Varginha, por meio da Secretaria Municipal de Sa\u00fade (Semus), \u00a0intensificou as a\u00e7\u00f5es contra a Febre Amarela no Munic\u00edpio, que ser\u00e3o realizadas em conjunto pela Epidemiologia, Aten\u00e7\u00e3o B\u00e1sica, Unidades de Sa\u00fade, PSF, TFD, setor Administrativo, Vigil\u00e2ncia Ambiental e\u00a0 Zoonoses.<\/p>\n<p style=\"text-align: justify;\">\u00a0No final de semana, s\u00e1bado18 e domingo 19, das 8h00 \u00e0s 17h00 acontecer\u00e1 a vacina\u00e7\u00e3o nas <b>\u00a0Unidades B\u00e1sicas de Sa\u00fade do <\/b><b>Jardim \u00c1urea, na <\/b>Rua do Barreiro, 460, <b>\u00a0Mont Serrat, na <\/b>\u00a0Rua Armando Bastos Gismonti, 263, no <b>\u00a0Corcetti, na <\/b>Pra\u00e7a Moacir Elisei, 15 e\u00a0 no <b>Parque Mariela, no<\/b> Posto de Vacina\u00e7\u00e3o no Recanto do Salom\u00e3o, na Pra\u00e7a 20 de agosto, 30.<\/p>\n<p style=\"text-align: justify;\">\u00a0 <b>Zoonoses<\/b>\u00a0 &#8211;\u00a0 Paralelo a esta a\u00e7\u00e3o, prosseguem pelo setor de Zoonoses, o rastreamento de Primatas n\u00e3o Humanos mortos \u00a0(macacos) no Parque Rinald e Parque Mariela, o rastreamento nas matas da Zona Urbana, que come\u00e7ar\u00e1 no dia 15\/02, e a coleta e envio de \u00f3rg\u00e3os para exame citol\u00f3gico, histopatol\u00f3gico, sangue total e identifica\u00e7\u00e3o viral pelos veterin\u00e1rios dos animais localizados.<\/p>\n<p style=\"text-align: justify;\">\u00a0<b>Vigil\u00e2ncia Ambiental\u00a0 &#8211; <\/b>Nos dias 14 e 15 ser\u00e3o realizadas a\u00e7\u00f5es de bloqueio vetorial, mapeamento e tratamento focal nos bairros Rinaldi, Mariela e Mont Serrat; dias <b>\u00a0<\/b>15 e 16 os Mutir\u00f5es de Limpeza. No s\u00e1bado, dia<b> 18, \u00a0as a\u00e7\u00f5es ser\u00e3o realizadas<\/b><b>\u00a0em parceria com a <\/b>EPTV e no dia 19 acontecer\u00e1 a carreata envolvendo diversos setores no bairro Carvalhos.<\/p>\n<p>&nbsp;<\/p>\n<p><img loading=\"lazy\" decoding=\"async\" src=\"http:\/\/www.varginha.mg.gov.br\/images\/stories\/asscom\/2017\/febre-amarela.png\" alt=\"febre-amarela\" width=\"500\" height=\"343\" \/><\/p>\n","protected":false},"excerpt":{"rendered":"<p>A Prefeitura de Varginha, por meio da Secretaria Municipal de Sa\u00fade (Semus), \u00a0intensificou as a\u00e7\u00f5es contra a Febre Amarela no Munic\u00edpio, que ser\u00e3o realizadas em conjunto pela Epidemiologia, Aten\u00e7\u00e3o B\u00e1sica, Unidades de Sa\u00fade, PSF, TFD, setor Administrativo, Vigil\u00e2ncia Ambiental e\u00a0 Zoonoses. \u00a0No final de semana, s\u00e1bado18 e domingo 19, das 8h00 \u00e0s 17h00 acontecer\u00e1 a [&hellip;]<\/p>\n","protected":false},"author":2,"featured_media":0,"comment_status":"open","ping_status":"closed","sticky":false,"template":"","format":"standard","meta":{"rop_custom_images_group":[],"rop_custom_messages_group":[],"rop_publish_now":"initial","rop_publish_now_accounts":[],"rop_publish_now_history":[],"rop_publish_now_status":"pending","footnotes":""},"categories":[42,1,43],"tags":[],"class_list":["bg-stuff"],"_links":{"self":[{"href":"https:\/\/www.minasdosul.com.br\/index.php?rest_route=\/wp\/v2\/posts\/534","targetHints":{"allow":["GET"]}}],"collection":[{"href":"https:\/\/www.minasdosul.com.br\/index.php?rest_route=\/wp\/v2\/posts"}],"about":[{"href":"https:\/\/www.minasdosul.com.br\/index.php?rest_route=\/wp\/v2\/types\/post"}],"author":[{"embeddable":true,"href":"https:\/\/www.minasdosul.com.br\/index.php?rest_route=\/wp\/v2\/users\/2"}],"replies":[{"embeddable":true,"href":"https:\/\/www.minasdosul.com.br\/index.php?rest_route=%2Fwp%2Fv2%2Fcomments&post=534"}],"version-history":[{"count":1,"href":"https:\/\/www.minasdosul.com.br\/index.php?rest_route=\/wp\/v2\/posts\/534\/revisions"}],"predecessor-version":[{"id":535,"href":"https:\/\/www.minasdosul.com.br\/index.php?rest_route=\/wp\/v2\/posts\/534\/revisions\/535"}],"wp:attachment":[{"href":"https:\/\/www.minasdosul.com.br\/index.php?rest_route=%2Fwp%2Fv2%2Fmedia&parent=534"}],"wp:term":[{"taxonomy":"category","embeddable":true,"href":"https:\/\/www.minasdosul.com.br\/index.php?rest_route=%2Fwp%2Fv2%2Fcategories&post=534"},{"taxonomy":"post_tag","embeddable":true,"href":"https:\/\/www.minasdosul.com.br\/index.php?rest_route=%2Fwp%2Fv2%2Ftags&post=534"}],"curies":[{"name":"wp","href":"https:\/\/api.w.org\/{rel}","templated":true}]}}