{"id":532,"date":"2017-02-15T10:02:51","date_gmt":"2017-02-15T12:02:51","guid":{"rendered":"http:\/\/www.minasdosul.com.br\/?p=532"},"modified":"2017-02-15T10:02:51","modified_gmt":"2017-02-15T12:02:51","slug":"cdca-entrega-novos-uniformes-aos-jovens-do-propac","status":"publish","type":"post","link":"https:\/\/www.minasdosul.com.br\/?p=532","title":{"rendered":"CDCA Entrega Novos Uniformes aos Jovens do PROPAC"},"content":{"rendered":"<div id=\"ja-containerwrap-f\">\n<div id=\"ja-containerwrap2\">\n<div id=\"ja-container\">\n<div id=\"ja-container2\" class=\"clearfix\">\n<div id=\"ja-mainbody-f\" class=\"clearfix\">\n<div id=\"ja-contentwrap\">\n<div id=\"ja-content\">\n<div class=\"article-content\">\n<p style=\"text-align: center;\"><strong>CDCA Entrega Novos Uniformes aos Jovens do PROPAC<\/strong><\/p>\n<p style=\"text-align: justify;\">Uma nova turma do curso de Assistente Administrativo iniciou no dia 8 de fevereiro e nada melhor que come\u00e7ar o curso com roupas novas. Na cor azul, os novos uniformes agregam e trazem alegria aos alunos.<\/p>\n<p style=\"text-align: justify;\">A coordenadora geral do CDCA, Maria Alice de Barros Bemfica, ressalta a import\u00e2ncia de se investir em uniformes para os alunos. \u201cAl\u00e9m da praticidade e economia que o uniforme proporciona \u00e0s fam\u00edlias, o seu uso reflete nos alunos um sentimento de pertencimento ao grupo, fundamental no desenvolvimento psicossocial de crian\u00e7as e jovens\u201d.<\/p>\n<p style=\"text-align: justify;\">O Presidente do CDCA, \u00a0M\u00e1rcio Paulo Erbst, afirma que usar diferentes roupas a cada dia de aula \u00e9 no m\u00ednimo caro, devido ao desgaste, e por esse motivo os uniformes foram t\u00e3o prestigiados pelos alunos. \u201cEssa padroniza\u00e7\u00e3o \u00e9 importante para os jovens que j\u00e1 est\u00e3o sendo inseridos no mercado de trabalho\u201d, esclareceu.<\/p>\n<p style=\"text-align: justify;\">A aluna Julia Satil Ferreira ficou encantada com o uniforme recebido: \u201cEste uniforme \u00e9 lindo. De todos que eu vi \u00e9 o mais bonito, muito bem acabado e de bom gosto\u201d.<\/p>\n<p style=\"text-align: justify;\">O uniforme ajuda na assimila\u00e7\u00e3o de normas e regras, contribuindo com o aprendizado da organiza\u00e7\u00e3o e da disciplina, indispens\u00e1veis para o desenvolvimento do adolescente. O uso di\u00e1rio cria um distanciamento entre o momento de estudo e os momentos de lazer e isso influencia no comportamento e na responsabilidade dos futuros profissionais.<\/p>\n<p><img loading=\"lazy\" decoding=\"async\" src=\"http:\/\/www.varginha.mg.gov.br\/images\/stories\/asscom\/2017\/propac_uniformes.jpg\" alt=\"propac uniformes\" width=\"500\" height=\"239\" \/><\/p>\n<p>&nbsp;<\/p>\n<p><img loading=\"lazy\" decoding=\"async\" src=\"http:\/\/www.varginha.mg.gov.br\/images\/stories\/asscom\/2017\/tardea.jpg\" alt=\"tardea\" width=\"500\" height=\"237\" \/><\/p>\n<p>&nbsp;<\/p>\n<p>&nbsp;<\/p>\n<p>&nbsp;<\/p>\n<p>&nbsp;<\/p>\n<p>&nbsp;<\/p>\n<\/div>\n<p><span class=\"article_separator\">\u00a0<\/span><\/div>\n<\/div>\n<\/div>\n<\/div>\n<\/div>\n<\/div>\n<\/div>\n<div id=\"ja-footerwrap\">\n<div id=\"ja-footer\" class=\"clearfix\">\n<div id=\"ja-footnav\">\n<div align=\"center\">\n<p><strong>PREFEITURA DE VARGINHA<br \/>\n<\/strong> Rua J\u00falio Paulo Marcellini, 50 &#8211; 37018-050 &#8211; Varginha &#8211; MG<br \/>\n<strong>Telefone (35)3690-2000<\/strong> <strong><br \/>\nDepartamento de Tecnologia da Informa\u00e7\u00e3o<\/strong><\/p>\n<\/div>\n<\/div>\n<\/div>\n<\/div>\n","protected":false},"excerpt":{"rendered":"<p>CDCA Entrega Novos Uniformes aos Jovens do PROPAC Uma nova turma do curso de Assistente Administrativo iniciou no dia 8 de fevereiro e nada melhor que come\u00e7ar o curso com roupas novas. Na cor azul, os novos uniformes agregam e trazem alegria aos alunos. A coordenadora geral do CDCA, Maria Alice de Barros Bemfica, ressalta [&hellip;]<\/p>\n","protected":false},"author":2,"featured_media":0,"comment_status":"open","ping_status":"closed","sticky":false,"template":"","format":"standard","meta":{"rop_custom_images_group":[],"rop_custom_messages_group":[],"rop_publish_now":"initial","rop_publish_now_accounts":[],"rop_publish_now_history":[],"rop_publish_now_status":"pending","footnotes":""},"categories":[42,1,43],"tags":[],"class_list":["bg-stuff"],"_links":{"self":[{"href":"https:\/\/www.minasdosul.com.br\/index.php?rest_route=\/wp\/v2\/posts\/532","targetHints":{"allow":["GET"]}}],"collection":[{"href":"https:\/\/www.minasdosul.com.br\/index.php?rest_route=\/wp\/v2\/posts"}],"about":[{"href":"https:\/\/www.minasdosul.com.br\/index.php?rest_route=\/wp\/v2\/types\/post"}],"author":[{"embeddable":true,"href":"https:\/\/www.minasdosul.com.br\/index.php?rest_route=\/wp\/v2\/users\/2"}],"replies":[{"embeddable":true,"href":"https:\/\/www.minasdosul.com.br\/index.php?rest_route=%2Fwp%2Fv2%2Fcomments&post=532"}],"version-history":[{"count":1,"href":"https:\/\/www.minasdosul.com.br\/index.php?rest_route=\/wp\/v2\/posts\/532\/revisions"}],"predecessor-version":[{"id":533,"href":"https:\/\/www.minasdosul.com.br\/index.php?rest_route=\/wp\/v2\/posts\/532\/revisions\/533"}],"wp:attachment":[{"href":"https:\/\/www.minasdosul.com.br\/index.php?rest_route=%2Fwp%2Fv2%2Fmedia&parent=532"}],"wp:term":[{"taxonomy":"category","embeddable":true,"href":"https:\/\/www.minasdosul.com.br\/index.php?rest_route=%2Fwp%2Fv2%2Fcategories&post=532"},{"taxonomy":"post_tag","embeddable":true,"href":"https:\/\/www.minasdosul.com.br\/index.php?rest_route=%2Fwp%2Fv2%2Ftags&post=532"}],"curies":[{"name":"wp","href":"https:\/\/api.w.org\/{rel}","templated":true}]}}