{"id":524,"date":"2017-02-13T10:56:12","date_gmt":"2017-02-13T12:56:12","guid":{"rendered":"http:\/\/www.minasdosul.com.br\/?p=524"},"modified":"2017-02-13T10:58:34","modified_gmt":"2017-02-13T12:58:34","slug":"vereador-marquinho-da-cooperativa-pede-instalacao-de-semaforos","status":"publish","type":"post","link":"https:\/\/www.minasdosul.com.br\/?p=524","title":{"rendered":"Vereador Marquinho da Cooperativa pede instala\u00e7\u00e3o de sem\u00e1foros"},"content":{"rendered":"<p style=\"text-align: justify;\"><a href=\"http:\/\/www.minasdosul.com.br\/wp-content\/uploads\/2017\/02\/Marquinho-da-Cooperativa-Marco-Ant\u00f4nio-de-Souza-PRB.jpg\"><img loading=\"lazy\" decoding=\"async\" class=\"alignleft size-medium wp-image-525\" src=\"http:\/\/www.minasdosul.com.br\/wp-content\/uploads\/2017\/02\/Marquinho-da-Cooperativa-Marco-Ant\u00f4nio-de-Souza-PRB-300x225.jpg\" alt=\"Marquinho da Cooperativa (Marco Ant\u00f4nio de Souza) - PRB\" width=\"300\" height=\"225\" srcset=\"https:\/\/www.minasdosul.com.br\/wp-content\/uploads\/2017\/02\/Marquinho-da-Cooperativa-Marco-Ant\u00f4nio-de-Souza-PRB-300x225.jpg 300w, https:\/\/www.minasdosul.com.br\/wp-content\/uploads\/2017\/02\/Marquinho-da-Cooperativa-Marco-Ant\u00f4nio-de-Souza-PRB.jpg 320w\" sizes=\"auto, (max-width: 300px) 100vw, 300px\" \/><\/a>Preocupado com os acidentes que t\u00eam acontecido no cruzamento da Avenida Manuel Diniz com a Avenida Manoel Vida, pr\u00f3ximo \u00e0 Cidade Administrativa, no bairro Imaculada, o vereador Marco Antonio de Souza &#8211; Marquinho da Cooperativa (PRB) solicitou \u00e0 Prefeitura para que fa\u00e7a um estudo de viabilidade para a instala\u00e7\u00e3o de sem\u00e1foros neste trecho.<\/p>\n<p style=\"text-align: justify;\">\u201cAcredito que com a instala\u00e7\u00e3o destes sem\u00e1foros vai organizar e melhorar o tr\u00e2nsito naquelas vias, aumentando a seguran\u00e7a dos motoristas e pedestres\u201d, justificou o vereador.<\/p>\n<p style=\"text-align: justify;\">Preocupado com a possibilidade da ocorr\u00eancia de acidentes, o vereador solicitou que a Prefeitura realize esse planejamento e tome as provid\u00eancias necess\u00e1rias antes que outras pessoas possam se machucar.<\/p>\n","protected":false},"excerpt":{"rendered":"<p>Preocupado com os acidentes que t\u00eam acontecido no cruzamento da Avenida Manuel Diniz com a Avenida Manoel Vida, pr\u00f3ximo \u00e0 Cidade Administrativa, no bairro Imaculada, o vereador Marco Antonio de Souza &#8211; Marquinho da Cooperativa (PRB) solicitou \u00e0 Prefeitura para que fa\u00e7a um estudo de viabilidade para a instala\u00e7\u00e3o de sem\u00e1foros neste trecho. \u201cAcredito que [&hellip;]<\/p>\n","protected":false},"author":2,"featured_media":0,"comment_status":"open","ping_status":"closed","sticky":false,"template":"","format":"standard","meta":{"rop_custom_images_group":[],"rop_custom_messages_group":[],"rop_publish_now":"initial","rop_publish_now_accounts":[],"rop_publish_now_history":[],"rop_publish_now_status":"pending","footnotes":""},"categories":[30,43],"tags":[],"class_list":["bg-stuff"],"_links":{"self":[{"href":"https:\/\/www.minasdosul.com.br\/index.php?rest_route=\/wp\/v2\/posts\/524","targetHints":{"allow":["GET"]}}],"collection":[{"href":"https:\/\/www.minasdosul.com.br\/index.php?rest_route=\/wp\/v2\/posts"}],"about":[{"href":"https:\/\/www.minasdosul.com.br\/index.php?rest_route=\/wp\/v2\/types\/post"}],"author":[{"embeddable":true,"href":"https:\/\/www.minasdosul.com.br\/index.php?rest_route=\/wp\/v2\/users\/2"}],"replies":[{"embeddable":true,"href":"https:\/\/www.minasdosul.com.br\/index.php?rest_route=%2Fwp%2Fv2%2Fcomments&post=524"}],"version-history":[{"count":3,"href":"https:\/\/www.minasdosul.com.br\/index.php?rest_route=\/wp\/v2\/posts\/524\/revisions"}],"predecessor-version":[{"id":528,"href":"https:\/\/www.minasdosul.com.br\/index.php?rest_route=\/wp\/v2\/posts\/524\/revisions\/528"}],"wp:attachment":[{"href":"https:\/\/www.minasdosul.com.br\/index.php?rest_route=%2Fwp%2Fv2%2Fmedia&parent=524"}],"wp:term":[{"taxonomy":"category","embeddable":true,"href":"https:\/\/www.minasdosul.com.br\/index.php?rest_route=%2Fwp%2Fv2%2Fcategories&post=524"},{"taxonomy":"post_tag","embeddable":true,"href":"https:\/\/www.minasdosul.com.br\/index.php?rest_route=%2Fwp%2Fv2%2Ftags&post=524"}],"curies":[{"name":"wp","href":"https:\/\/api.w.org\/{rel}","templated":true}]}}