{"id":519,"date":"2017-02-13T10:43:52","date_gmt":"2017-02-13T12:43:52","guid":{"rendered":"http:\/\/www.minasdosul.com.br\/?p=519"},"modified":"2017-02-13T10:45:12","modified_gmt":"2017-02-13T12:45:12","slug":"febre-amarela-alerta-especialistas-e-gera-encontro-cientifico","status":"publish","type":"post","link":"https:\/\/www.minasdosul.com.br\/?p=519","title":{"rendered":"Febre amarela alerta especialistas e gera encontro cient\u00edfico"},"content":{"rendered":"<h3 style=\"text-align: center;\"><i><a href=\"http:\/\/www.minasdosul.com.br\/wp-content\/uploads\/2017\/02\/AMMG-1.jpg\"><img loading=\"lazy\" decoding=\"async\" class=\"alignleft size-full wp-image-521\" src=\"http:\/\/www.minasdosul.com.br\/wp-content\/uploads\/2017\/02\/AMMG-1.jpg\" alt=\"AMMG\" width=\"46\" height=\"40\" \/><\/a>Associa\u00e7\u00e3o M\u00e9dica de Minas Gerais e Secretaria de Estado de Sa\u00fade de Minas Gerais abordam, dia 15 de fevereiro, \u00e0s 19h30, novidades sobre<\/i><i> surto no estado e diretrizes de imuniza\u00e7\u00e3o<\/i><\/h3>\n<p style=\"text-align: center;\"><strong>Reuni\u00e3o Cient\u00edfica:<\/strong> Febre Amarela\u00a0\u00a0 <strong>Data:<\/strong> 15 de fevereiro (quarta-feira)\u00a0\u00a0 <strong>Hor\u00e1rio:<\/strong> 19h30<\/p>\n<p style=\"text-align: center;\"><strong>Local:<\/strong> Associa\u00e7\u00e3o M\u00e9dica de Minas Gerais, Avenida Jo\u00e3o Pinheiro, 161, Centro, Belo Horizonte. <strong>Necess\u00e1ria inscri\u00e7\u00e3o pr\u00e9via.\u00a0\u00a0 Informa\u00e7\u00f5es:<\/strong> (31) 3247 1619 ou <a href=\"mailto:eventos@ammgmail.org.br\">eventos@ammgmail.org.br<\/a>.<\/p>\n<p style=\"text-align: justify;\">Encontro cient\u00edfico re\u00fane m\u00e9dicos especialistas, profissionais da sa\u00fade e Secretaria de Estado de Sa\u00fade de Minas Gerais (SES MG) na sede da Associa\u00e7\u00e3o M\u00e9dica de Minas Gerais (AMMG), dia <strong><em>15 de fevereiro, \u00e0s 19h30, para discutir os rumos do surto de febre amarela<\/em><\/strong> que assusta popula\u00e7\u00e3o e \u00e9 not\u00edcia em todo o Brasil. O tema, de grande interesse da \u00e1rea m\u00e9dica, ser\u00e1 debatido a fim de apresentar as diretrizes de imuniza\u00e7\u00e3o, condutas em rela\u00e7\u00e3o a pacientes infectados ou n\u00e3o, e novidades sobre a doen\u00e7a. A reuni\u00e3o \u00e9 aberta a m\u00e9dicos e profissionais de sa\u00fade. <strong>Necess\u00e1ria inscri\u00e7\u00e3o pr\u00e9via. <\/strong><\/p>\n<p style=\"text-align: justify;\">Balan\u00e7o divulgado pela Secretaria de Estado de Sa\u00fade de Minas Gerais (SES MG), no \u00faltimo dia dois de fevereiro, revelou que a febre amarela j\u00e1 matou 55 pessoas no estado. A estat\u00edstica pode aumentar bastante nos pr\u00f3ximos dias, pois o Governo investiga outras 78 mortes suspeitas. O boletim confirmou ainda que, desde o in\u00edcio do ano, 152 pessoas, incluindo os que faleceram, contra\u00edram a doen\u00e7a. Os casos notificados chegaram a 843, 54 dos quais descartados, contra os 777 registrados uma semana antes do informe do dia dois de fevereiro.<\/p>\n<p style=\"text-align: justify;\">O mapa de casos suspeitos e confirmados da febre amarela e de mortes de macacos \u2013 um ind\u00edcio da presen\u00e7a da doen\u00e7a \u2013\u00a0 inclui agora 66 cidades das regi\u00f5es do Vale do Mucuri, Leste e Sul de Minas. S\u00e3o sete a mais do que a lista divulgada. No in\u00edcio do surto, o problema se restringia a 15 cidades das duas primeiras regi\u00f5es citadas.<\/p>\n<p style=\"text-align: justify;\">De acordo com Estev\u00e3o Urbano, presidente da Sociedade Mineira de Infectologia (SMI), a febre amarela por ser uma doen\u00e7a infecciosa febril aguda, causada por um v\u00edrus e pode levar \u00e0 morte em cerca de uma semana se n\u00e3o for tratada rapidamente. De acordo com o Minist\u00e9rio da Sa\u00fade (MS), a doen\u00e7a \u00e9 transmitida por mosquitos e comum em macacos, que s\u00e3o os principais hospedeiros do v\u00edrus.<\/p>\n<p style=\"text-align: justify;\">Urbano explica que, geralmente, quem contrai o v\u00edrus n\u00e3o chega a apresentar sintomas ou os mesmos s\u00e3o muito fracos. \u201cAs primeiras manifesta\u00e7\u00f5es da doen\u00e7a s\u00e3o repentinas. Febre alta, calafrios, cansa\u00e7o, dor de cabe\u00e7a, dor muscular, n\u00e1useas e v\u00f4mitos por cerca de tr\u00eas dias. A forma mais grave \u00e9 rara e costuma aparecer ap\u00f3s um curto per\u00edodo de bem-estar, que pode durar at\u00e9 dois dias, quando podem ocorrer insufici\u00eancias hep\u00e1tica e renal, icter\u00edcia, manifesta\u00e7\u00f5es hemorr\u00e1gicas e cansa\u00e7o intenso. A maioria dos infectados se recupera bem e adquire\u00a0<a href=\"http:\/\/bio.fiocruz.br\/index.php\/produtos\/vacinas\/virais\/febre-amarela\" data-saferedirecturl=\"https:\/\/www.google.com\/url?hl=pt-BR&amp;q=http:\/\/bio.fiocruz.br\/index.php\/produtos\/vacinas\/virais\/febre-amarela&amp;source=gmail&amp;ust=1487075820066000&amp;usg=AFQjCNG4RMCieCsx3Fl4Sx44LLVsL5PrPA\">imuniza\u00e7\u00e3o permanente contra a febre amarela<\/a><strong>\u201d, explica o infectologista. <\/strong><\/p>\n<p style=\"text-align: justify;\">A SES MG refor\u00e7a que pelo fato de a transmiss\u00e3o urbana da febre amarela s\u00f3 ser poss\u00edvel atrav\u00e9s da picada de mosquitos\u00a0<em>Aedes aegypti<\/em>, a melhor forma de conter o problema \u00e9 por meio da preven\u00e7\u00e3o, evitando a sua dissemina\u00e7\u00e3o.<\/p>\n<p style=\"text-align: justify;\">O encontro \u00e9 aberto a m\u00e9dicos, profissionais da sa\u00fade, estudantes de medicina e residentes. Mais informa\u00e7\u00f5es: (31) 3247 1640\/ 1619. E-mail: <a href=\"mailto:eventos@ammgmail.org.br\">eventos@ammgmail.org.br<\/a>. Programa\u00e7\u00e3o completa: <a href=\"http:\/\/www.ammg.org.br\" data-saferedirecturl=\"https:\/\/www.google.com\/url?hl=pt-BR&amp;q=http:\/\/www.ammg.org.br&amp;source=gmail&amp;ust=1487075820066000&amp;usg=AFQjCNEo8tGYoIucWYyhFvwZ2-86kMYnvw\">www.ammg.org.br<\/a>.<\/p>\n<p style=\"text-align: justify;\"><strong><em>\u00a0ENTREVISTAS E MAIS INFORMA\u00c7\u00d5ES PARA A IMPRENSA:<\/em><\/strong><\/p>\n<p style=\"text-align: justify;\"><em>Assessoria de Imprensa da AMMG \u2013 13\/02\/2017\u00a0\u00a0 Daniela Colen\/N\u00e9tali Leite\/ Renata Cl\u00edmaco<\/em><\/p>\n<p style=\"text-align: justify;\"><em>(31) 3247 1615 \/ 3247 1639 \/ 3247 1630\u00a0\u00a0\u00a0\u00a0 <\/em><a href=\"mailto:imprensa@ammgmail.org.br\"><em>imprensa@ammgmail.org.br<\/em><\/a><\/p>\n","protected":false},"excerpt":{"rendered":"<p>Associa\u00e7\u00e3o M\u00e9dica de Minas Gerais e Secretaria de Estado de Sa\u00fade de Minas Gerais abordam, dia 15 de fevereiro, \u00e0s 19h30, novidades sobre surto no estado e diretrizes de imuniza\u00e7\u00e3o Reuni\u00e3o Cient\u00edfica: Febre Amarela\u00a0\u00a0 Data: 15 de fevereiro (quarta-feira)\u00a0\u00a0 Hor\u00e1rio: 19h30 Local: Associa\u00e7\u00e3o M\u00e9dica de Minas Gerais, Avenida Jo\u00e3o Pinheiro, 161, Centro, Belo Horizonte. Necess\u00e1ria [&hellip;]<\/p>\n","protected":false},"author":2,"featured_media":0,"comment_status":"open","ping_status":"closed","sticky":false,"template":"","format":"standard","meta":{"rop_custom_images_group":[],"rop_custom_messages_group":[],"rop_publish_now":"initial","rop_publish_now_accounts":[],"rop_publish_now_history":[],"rop_publish_now_status":"pending","footnotes":""},"categories":[42,1,43],"tags":[],"class_list":["bg-stuff"],"_links":{"self":[{"href":"https:\/\/www.minasdosul.com.br\/index.php?rest_route=\/wp\/v2\/posts\/519","targetHints":{"allow":["GET"]}}],"collection":[{"href":"https:\/\/www.minasdosul.com.br\/index.php?rest_route=\/wp\/v2\/posts"}],"about":[{"href":"https:\/\/www.minasdosul.com.br\/index.php?rest_route=\/wp\/v2\/types\/post"}],"author":[{"embeddable":true,"href":"https:\/\/www.minasdosul.com.br\/index.php?rest_route=\/wp\/v2\/users\/2"}],"replies":[{"embeddable":true,"href":"https:\/\/www.minasdosul.com.br\/index.php?rest_route=%2Fwp%2Fv2%2Fcomments&post=519"}],"version-history":[{"count":3,"href":"https:\/\/www.minasdosul.com.br\/index.php?rest_route=\/wp\/v2\/posts\/519\/revisions"}],"predecessor-version":[{"id":523,"href":"https:\/\/www.minasdosul.com.br\/index.php?rest_route=\/wp\/v2\/posts\/519\/revisions\/523"}],"wp:attachment":[{"href":"https:\/\/www.minasdosul.com.br\/index.php?rest_route=%2Fwp%2Fv2%2Fmedia&parent=519"}],"wp:term":[{"taxonomy":"category","embeddable":true,"href":"https:\/\/www.minasdosul.com.br\/index.php?rest_route=%2Fwp%2Fv2%2Fcategories&post=519"},{"taxonomy":"post_tag","embeddable":true,"href":"https:\/\/www.minasdosul.com.br\/index.php?rest_route=%2Fwp%2Fv2%2Ftags&post=519"}],"curies":[{"name":"wp","href":"https:\/\/api.w.org\/{rel}","templated":true}]}}