{"id":504,"date":"2017-02-07T21:42:02","date_gmt":"2017-02-07T23:42:02","guid":{"rendered":"http:\/\/www.minasdosul.com.br\/?p=504"},"modified":"2017-02-07T21:50:36","modified_gmt":"2017-02-07T23:50:36","slug":"bom-dia-leitor-5","status":"publish","type":"post","link":"https:\/\/www.minasdosul.com.br\/?p=504","title":{"rendered":"Bom Dia, Leitor"},"content":{"rendered":"<p style=\"text-align: justify;\"><a href=\"http:\/\/www.minasdosul.com.br\/wp-content\/uploads\/2017\/02\/Bom-logo-cordete-1.jpg\"><img loading=\"lazy\" decoding=\"async\" class=\"alignleft size-full wp-image-507\" src=\"http:\/\/www.minasdosul.com.br\/wp-content\/uploads\/2017\/02\/Bom-logo-cordete-1.jpg\" alt=\"Bom logo-cordete\" width=\"224\" height=\"258\" \/><\/a>Indica\u00e7\u00f5es e requerimentos dos vereadores e o projeto do chefe do Executivo Municipal de Alfenas, prefeito Luizinho (PT), que faz a doa\u00e7\u00e3o de um terreno, onde est\u00e1 a Secretaria de Estado de Sa\u00fade, para a Santa Casa de Alfenas, principalmente este, foram os destaques da reuni\u00e3o da C\u00e2mara de Vereadores nesta segunda-feira, dia 6\/02\/2017.<br \/>\nNeste site do &#8216;Jornal CIDADES&#8217; e &#8216;MINAS DO SUL&#8217; &#8211; www.minasdosul.com.br &#8211; voc\u00ea, Leitor, encontra um resumo do que se passou nesta reuni\u00e3o da C\u00e2mara Municipal de Alfenas.<br \/>\nQuanto ao Projeto do prefeito Luizinho doando, onerosamente, uma parte do terreno (4.768,00 m2, de um total de 10.660,00m2) para a Santa Casa, muitos foram os posicionamentos dos vereadores, mesmo ap\u00f3s umas oito reuni\u00f5es analisando o Projeto.<br \/>\nDoa\u00e7\u00e3o onerosa porque, com a doa\u00e7\u00e3o desta \u00e1rea, a Santa Casa quita uma d\u00edvida do Munic\u00edpio de Alfenas para com ela no valor de R$ 1.048.596,97 e a Santa Casa ainda se obriga a realizar procedimentos\/consultas gerais de Sa\u00fade at\u00e9 o limite de R$ 1.800.000,00 \u00e0 popula\u00e7\u00e3o de Alfenas, exclusivamente aos mun\u00edcipes com domic\u00edlio na cidade, no prazo de 24 meses, contados do in\u00edcio da vig\u00eancia da Lei originada do Projeto ora referido.<br \/>\nPois, bem, comenta-se que os atendimentos na \u00e1rea da Sa\u00fade em Alfenas (e n\u00e3o s\u00f3 em Alfenas) est\u00e3o, vamos assim dizer, um tanto prec\u00e1rios, chegando a uma defasagem da ordem de 20 mil consultas\/procedimentos, advinda da administra\u00e7\u00e3o anterior.<br \/>\nO Luizinho assume a Prefeitura e, diante de tal gravidade desta situa\u00e7\u00e3o, encontrou essa forma de resolver essa situa\u00e7\u00e3o ca\u00f3tica, amenizar a situa\u00e7\u00e3o, pagar a d\u00edvida e ainda conseguir as consultas &#8211; o que levou o vereador Presidente da C\u00e2mara, Vardem\u00e1, a dizer no calor da discuss\u00e3o do Projeto: \u201cO Luizinho est\u00e1 tirando leite de pedras\u201d.<br \/>\nE olhe que o vereador Presidente j\u00e1 havia desempatado a vota\u00e7\u00e3o em que a vereadora K\u00e1tia Goyat\u00e1 solicitava \u201cVistas ao Projeto\u201d, assim, atrasando por mais uma semana a vota\u00e7\u00e3o do mesmo.<br \/>\nComo, dentre as consultas, est\u00e3o a de exames de vista (olhos), ante a insist\u00eancia da vereadora K\u00e1tia Goyat\u00e1 em querer Vistas ao Projeto por tr\u00eas dias &#8211; o que levaria o Projeto a ser votado somente na pr\u00f3xima segunda-feira, 13 (at\u00e9 que este n\u00famero agradaria alguns vereadores e o Prefeito), o vereador Presidente Vardem\u00e1 ainda saiu com mais esta: \u201ctr\u00eas dias \u00e9 uma vista.\u201d, fazendo, assim, um trocadilho.<\/p>\n<p style=\"text-align: justify;\">Ainda, na discuss\u00e3o do Projeto, tamb\u00e9m o vereador Tadeu Fernandes &#8211; um dos ferrenhos defensores da doa\u00e7\u00e3o do terreno para a Santa Casa, chegou a dizer que se o Projeto n\u00e3o for aprovado \u201co pau vai quebrar aqui\u201d.<br \/>\nResultado final, o Projeto de Lei do chefe do Executivo, prefeito Luizinho, foi aprovado por 8 votos a favor e tr\u00eas contr\u00e1rios (o Presidente s\u00f3 vota no caso de empate).<\/p>\n","protected":false},"excerpt":{"rendered":"<p>Indica\u00e7\u00f5es e requerimentos dos vereadores e o projeto do chefe do Executivo Municipal de Alfenas, prefeito Luizinho (PT), que faz a doa\u00e7\u00e3o de um terreno, onde est\u00e1 a Secretaria de Estado de Sa\u00fade, para a Santa Casa de Alfenas, principalmente este, foram os destaques da reuni\u00e3o da C\u00e2mara de Vereadores nesta segunda-feira, dia 6\/02\/2017. Neste [&hellip;]<\/p>\n","protected":false},"author":2,"featured_media":0,"comment_status":"open","ping_status":"closed","sticky":false,"template":"","format":"standard","meta":{"rop_custom_images_group":[],"rop_custom_messages_group":[],"rop_publish_now":"initial","rop_publish_now_accounts":[],"rop_publish_now_history":[],"rop_publish_now_status":"pending","footnotes":""},"categories":[47,27,42],"tags":[],"class_list":["bg-stuff"],"_links":{"self":[{"href":"https:\/\/www.minasdosul.com.br\/index.php?rest_route=\/wp\/v2\/posts\/504","targetHints":{"allow":["GET"]}}],"collection":[{"href":"https:\/\/www.minasdosul.com.br\/index.php?rest_route=\/wp\/v2\/posts"}],"about":[{"href":"https:\/\/www.minasdosul.com.br\/index.php?rest_route=\/wp\/v2\/types\/post"}],"author":[{"embeddable":true,"href":"https:\/\/www.minasdosul.com.br\/index.php?rest_route=\/wp\/v2\/users\/2"}],"replies":[{"embeddable":true,"href":"https:\/\/www.minasdosul.com.br\/index.php?rest_route=%2Fwp%2Fv2%2Fcomments&post=504"}],"version-history":[{"count":4,"href":"https:\/\/www.minasdosul.com.br\/index.php?rest_route=\/wp\/v2\/posts\/504\/revisions"}],"predecessor-version":[{"id":510,"href":"https:\/\/www.minasdosul.com.br\/index.php?rest_route=\/wp\/v2\/posts\/504\/revisions\/510"}],"wp:attachment":[{"href":"https:\/\/www.minasdosul.com.br\/index.php?rest_route=%2Fwp%2Fv2%2Fmedia&parent=504"}],"wp:term":[{"taxonomy":"category","embeddable":true,"href":"https:\/\/www.minasdosul.com.br\/index.php?rest_route=%2Fwp%2Fv2%2Fcategories&post=504"},{"taxonomy":"post_tag","embeddable":true,"href":"https:\/\/www.minasdosul.com.br\/index.php?rest_route=%2Fwp%2Fv2%2Ftags&post=504"}],"curies":[{"name":"wp","href":"https:\/\/api.w.org\/{rel}","templated":true}]}}