{"id":497,"date":"2017-02-07T19:32:20","date_gmt":"2017-02-07T21:32:20","guid":{"rendered":"http:\/\/www.minasdosul.com.br\/?p=497"},"modified":"2017-02-07T19:32:20","modified_gmt":"2017-02-07T21:32:20","slug":"boa-esporte-contrata-felipe-mattioni","status":"publish","type":"post","link":"https:\/\/www.minasdosul.com.br\/?p=497","title":{"rendered":"Boa Esporte contrata Felipe Mattioni"},"content":{"rendered":"<p style=\"text-align: justify;\"><a href=\"http:\/\/www.minasdosul.com.br\/wp-content\/uploads\/2017\/02\/Boa-felipemattioni_get.jpg\"><img loading=\"lazy\" decoding=\"async\" class=\"alignleft size-medium wp-image-498\" src=\"http:\/\/www.minasdosul.com.br\/wp-content\/uploads\/2017\/02\/Boa-felipemattioni_get-300x172.jpg\" alt=\"Boa felipemattioni_get\" width=\"300\" height=\"172\" srcset=\"https:\/\/www.minasdosul.com.br\/wp-content\/uploads\/2017\/02\/Boa-felipemattioni_get-300x172.jpg 300w, https:\/\/www.minasdosul.com.br\/wp-content\/uploads\/2017\/02\/Boa-felipemattioni_get.jpg 680w\" sizes=\"auto, (max-width: 300px) 100vw, 300px\" \/><\/a>Buscando qualificar o elenco para a temporada, o Boa Esporte Clube anuncia a contrata\u00e7\u00e3o do lateral-direito Felipe Mattioni. O atleta assinou contrato com a equipe Boveta na manh\u00e3 de hoje (7). O v\u00ednculo do jogador vai at\u00e9 o fim da S\u00e9rie B de 2017. Felipe j\u00e1 treinou com os novos companheiros e est\u00e1 a disposi\u00e7\u00e3o do t\u00e9cnico Julinho Camargo.<\/p>\n<p style=\"text-align: justify;\">Felipe Mattioni, de 28 anos, foi revelado pelo Gr\u00eamio no final de 2007. O atleta tem passagens por grandes clubes da Europa, como o Milan-ITA, Espanyol- ESP e Everton-ING. No clube catal\u00e3o, Felipe Mattioni atuou por cinco temporadas.<\/p>\n<p style=\"text-align: justify;\"><b>Ficha T\u00e9cnica &#8211; Nome:<\/b>\u00a0Felipe Mattioni Rohde\u00a0 <b>Posi\u00e7\u00e3o:\u00a0<\/b>Lateral-direito\u00a0 <b>Data de nascimento:<\/b>15\/10\/1988\u00a0\u00a0\u00a0 <b>Altura:<\/b>1,80m\u00a0\u00a0 <b>Clubes:\u00a0<\/b>Gr\u00eamio-RS, Milan-ITA, Mallorca-ESP, Espanyol-ESP, Evernton-ING e Doncaster Rovers-ING.<\/p>\n","protected":false},"excerpt":{"rendered":"<p>Buscando qualificar o elenco para a temporada, o Boa Esporte Clube anuncia a contrata\u00e7\u00e3o do lateral-direito Felipe Mattioni. O atleta assinou contrato com a equipe Boveta na manh\u00e3 de hoje (7). O v\u00ednculo do jogador vai at\u00e9 o fim da S\u00e9rie B de 2017. Felipe j\u00e1 treinou com os novos companheiros e est\u00e1 a disposi\u00e7\u00e3o [&hellip;]<\/p>\n","protected":false},"author":2,"featured_media":0,"comment_status":"open","ping_status":"closed","sticky":false,"template":"","format":"standard","meta":{"rop_custom_images_group":[],"rop_custom_messages_group":[],"rop_publish_now":"initial","rop_publish_now_accounts":[],"rop_publish_now_history":[],"rop_publish_now_status":"pending","footnotes":""},"categories":[42,1,43],"tags":[],"class_list":["bg-stuff"],"_links":{"self":[{"href":"https:\/\/www.minasdosul.com.br\/index.php?rest_route=\/wp\/v2\/posts\/497","targetHints":{"allow":["GET"]}}],"collection":[{"href":"https:\/\/www.minasdosul.com.br\/index.php?rest_route=\/wp\/v2\/posts"}],"about":[{"href":"https:\/\/www.minasdosul.com.br\/index.php?rest_route=\/wp\/v2\/types\/post"}],"author":[{"embeddable":true,"href":"https:\/\/www.minasdosul.com.br\/index.php?rest_route=\/wp\/v2\/users\/2"}],"replies":[{"embeddable":true,"href":"https:\/\/www.minasdosul.com.br\/index.php?rest_route=%2Fwp%2Fv2%2Fcomments&post=497"}],"version-history":[{"count":1,"href":"https:\/\/www.minasdosul.com.br\/index.php?rest_route=\/wp\/v2\/posts\/497\/revisions"}],"predecessor-version":[{"id":499,"href":"https:\/\/www.minasdosul.com.br\/index.php?rest_route=\/wp\/v2\/posts\/497\/revisions\/499"}],"wp:attachment":[{"href":"https:\/\/www.minasdosul.com.br\/index.php?rest_route=%2Fwp%2Fv2%2Fmedia&parent=497"}],"wp:term":[{"taxonomy":"category","embeddable":true,"href":"https:\/\/www.minasdosul.com.br\/index.php?rest_route=%2Fwp%2Fv2%2Fcategories&post=497"},{"taxonomy":"post_tag","embeddable":true,"href":"https:\/\/www.minasdosul.com.br\/index.php?rest_route=%2Fwp%2Fv2%2Ftags&post=497"}],"curies":[{"name":"wp","href":"https:\/\/api.w.org\/{rel}","templated":true}]}}