{"id":494,"date":"2017-02-07T19:16:02","date_gmt":"2017-02-07T21:16:02","guid":{"rendered":"http:\/\/www.minasdosul.com.br\/?p=494"},"modified":"2017-02-07T19:17:19","modified_gmt":"2017-02-07T21:17:19","slug":"quatro-problemas-atuais-nas-lavouras-de-cafe","status":"publish","type":"post","link":"https:\/\/www.minasdosul.com.br\/?p=494","title":{"rendered":"Quatro problemas atuais nas Lavouras de Caf\u00e9"},"content":{"rendered":"<p><img decoding=\"async\" src=\"http:\/\/i.imgur.com\/20Ugzum.jpg\" alt=\"QUATRO PROBLEMAS ATUAIS NAS LAVOURAS DE CAFE Por Jos\u00e9 Braz Matiello - Eng. Agr. Funda\u00e7\u00e3o Procaf\u00e9\" \/><\/p>\n<p>No final do ano passado e agora no in\u00edcio, em janeiro 2017, foram observados problemas em lavouras de caf\u00e9 relacionados com as condi\u00e7\u00f5es de clima e manejo. Quatro ocorr\u00eancias s\u00e3o aqui destacadas: A flora\u00e7\u00e3o desigual, a escaldadura da\u00a0folhagem, a queda de frutos e o ataque da mancha aureolada.<\/p>\n<p>A flora\u00e7\u00e3o, por efeito de chuvas mais cedo, teve inicio ainda em setembro\/16, depois seguindo-se 2-3 floradas em per\u00edodos normais (out\/dez) e, agora, em meados de janeiro, uma florada fora de hora. As ocorr\u00eancias variam de regi\u00e3o para regi\u00e3o, mas, no geral, 2-3 n\u00f3s, na ponta dos ramos, abriram\u00a0flores\u00a0em uma \u00e9poca anormal, provavelmente por efeito de um pequeno veranico, seguido de chuva em dez\/jan.<\/p>\n<p>A escaldadura, est\u00e1 causando muita preocupa\u00e7\u00e3o, pois veio de forma grave. A folhagem de cafeeiros, do lado voltado para o sol da tarde, teve um forte amarelecimento e queima parcial de folhas. Ela esteve relacionada com o excesso de insola\u00e7\u00e3o e temperaturas altas, tamb\u00e9m em dez\/jan e, por isso, foi mais observada em regi\u00f5es um pouco mais quentes.<\/p>\n<p>A queda de chumbinhos, conforme o esperado, vem sendo mais critica nas lavouras que floresceram mais desfolhadas, e, neste ano, tamb\u00e9m pelas flora\u00e7\u00f5es desiguais, os frutos maiores exercendo efeito dreno das reservas, com descarte de frutos pequenos.<\/p>\n<p>O ataque de mancha aureolada foi retomado pelo excesso de chuvas (continuadas), especialmente em regi\u00f5es mais altas, e, ent\u00e3o, em certos dias, as\u00a0temperaturas\u00a0ca\u00edram. A umidade, o frio e os ventos s\u00e3o fatores para o agravamento da doen\u00e7a.<\/p>\n<p>Como consequ\u00eancia desses problemas ser\u00e3o observados os efeitos negativos sobre a produ\u00e7\u00e3o dos cafeeiros e a\u00a0qualidade\u00a0dos caf\u00e9s. A queda de frutinhos reduz o numero de frutos remanescentes nas rosetas e nos ramos, a desigualdade de flora\u00e7\u00e3o resultar\u00e1 em colheita de verdes e a ultima florada poder\u00e1, com frutos ainda em agua, nem ser aproveitada.<\/p>\n<p>Isso influi na quantidade e qualidade do caf\u00e9. A escaldadura influi na grana\u00e7\u00e3o dos frutos e agrava o ataque de cercospora. O ataque de Pseudomonas, com a seca de ramos, reduzir\u00e1 a \u00e1rea produtiva das plantas.<\/p>\n<p><img decoding=\"async\" src=\"http:\/\/i.imgur.com\/QrcG9qk.jpg\" \/><\/p>\n<p><img decoding=\"async\" src=\"http:\/\/i.imgur.com\/tfkT31q.jpg\" \/><\/p>\n<h5>* <em><strong>Por Jos\u00e9 Braz Matiello &#8211; Eng. Agr. Funda\u00e7\u00e3o Procaf\u00e9<\/strong><\/em> &#8211; \u00a0 Fonte:\u00a0<a href=\"http:\/\/revistacafeicultura.com.br\/?mat=63622\" target=\"_blank\">Revista Cafeicultura<\/a><\/h5>\n","protected":false},"excerpt":{"rendered":"<p>No final do ano passado e agora no in\u00edcio, em janeiro 2017, foram observados problemas em lavouras de caf\u00e9 relacionados com as condi\u00e7\u00f5es de clima e manejo. Quatro ocorr\u00eancias s\u00e3o aqui destacadas: A flora\u00e7\u00e3o desigual, a escaldadura da\u00a0folhagem, a queda de frutos e o ataque da mancha aureolada. A flora\u00e7\u00e3o, por efeito de chuvas mais [&hellip;]<\/p>\n","protected":false},"author":2,"featured_media":0,"comment_status":"open","ping_status":"closed","sticky":false,"template":"","format":"standard","meta":{"rop_custom_images_group":[],"rop_custom_messages_group":[],"rop_publish_now":"initial","rop_publish_now_accounts":[],"rop_publish_now_history":[],"rop_publish_now_status":"pending","footnotes":""},"categories":[47,49,48,42,1,44,46,45,43],"tags":[],"class_list":["bg-stuff"],"_links":{"self":[{"href":"https:\/\/www.minasdosul.com.br\/index.php?rest_route=\/wp\/v2\/posts\/494","targetHints":{"allow":["GET"]}}],"collection":[{"href":"https:\/\/www.minasdosul.com.br\/index.php?rest_route=\/wp\/v2\/posts"}],"about":[{"href":"https:\/\/www.minasdosul.com.br\/index.php?rest_route=\/wp\/v2\/types\/post"}],"author":[{"embeddable":true,"href":"https:\/\/www.minasdosul.com.br\/index.php?rest_route=\/wp\/v2\/users\/2"}],"replies":[{"embeddable":true,"href":"https:\/\/www.minasdosul.com.br\/index.php?rest_route=%2Fwp%2Fv2%2Fcomments&post=494"}],"version-history":[{"count":2,"href":"https:\/\/www.minasdosul.com.br\/index.php?rest_route=\/wp\/v2\/posts\/494\/revisions"}],"predecessor-version":[{"id":496,"href":"https:\/\/www.minasdosul.com.br\/index.php?rest_route=\/wp\/v2\/posts\/494\/revisions\/496"}],"wp:attachment":[{"href":"https:\/\/www.minasdosul.com.br\/index.php?rest_route=%2Fwp%2Fv2%2Fmedia&parent=494"}],"wp:term":[{"taxonomy":"category","embeddable":true,"href":"https:\/\/www.minasdosul.com.br\/index.php?rest_route=%2Fwp%2Fv2%2Fcategories&post=494"},{"taxonomy":"post_tag","embeddable":true,"href":"https:\/\/www.minasdosul.com.br\/index.php?rest_route=%2Fwp%2Fv2%2Ftags&post=494"}],"curies":[{"name":"wp","href":"https:\/\/api.w.org\/{rel}","templated":true}]}}