{"id":480,"date":"2017-02-07T18:44:12","date_gmt":"2017-02-07T20:44:12","guid":{"rendered":"http:\/\/www.minasdosul.com.br\/?p=480"},"modified":"2017-02-07T18:44:12","modified_gmt":"2017-02-07T20:44:12","slug":"padre-waldemilson-no-forum-regional-de-governo","status":"publish","type":"post","link":"https:\/\/www.minasdosul.com.br\/?p=480","title":{"rendered":"Padre Waldemilson no F\u00f3rum Regional de Governo"},"content":{"rendered":"<h5 style=\"text-align: center;\"><strong><a href=\"http:\/\/www.minasdosul.com.br\/wp-content\/uploads\/2017\/02\/Estiveram-presentes-vereadores-prefeitos-e-vices-de-cidades-de-todo-microterrit\u00f3rio..jpg\"><img loading=\"lazy\" decoding=\"async\" class=\"alignleft size-medium wp-image-481\" src=\"http:\/\/www.minasdosul.com.br\/wp-content\/uploads\/2017\/02\/Estiveram-presentes-vereadores-prefeitos-e-vices-de-cidades-de-todo-microterrit\u00f3rio.-300x225.jpg\" alt=\"Estiveram presentes vereadores, prefeitos e vices de cidades de todo microterrit\u00f3rio.\" width=\"300\" height=\"225\" srcset=\"https:\/\/www.minasdosul.com.br\/wp-content\/uploads\/2017\/02\/Estiveram-presentes-vereadores-prefeitos-e-vices-de-cidades-de-todo-microterrit\u00f3rio.-300x225.jpg 300w, https:\/\/www.minasdosul.com.br\/wp-content\/uploads\/2017\/02\/Estiveram-presentes-vereadores-prefeitos-e-vices-de-cidades-de-todo-microterrit\u00f3rio..jpg 320w\" sizes=\"auto, (max-width: 300px) 100vw, 300px\" \/><\/a><a href=\"http:\/\/www.minasdosul.com.br\/wp-content\/uploads\/2017\/02\/Titulares-e-suplentes-escolhidos-em-reuni\u00e3o-junto-ao-Secret\u00e1rio-Executivo-do-Territ\u00f3rio-Sul-Ercilio-Confort-Lorena..jpg\"><img loading=\"lazy\" decoding=\"async\" class=\"alignleft size-medium wp-image-482\" src=\"http:\/\/www.minasdosul.com.br\/wp-content\/uploads\/2017\/02\/Titulares-e-suplentes-escolhidos-em-reuni\u00e3o-junto-ao-Secret\u00e1rio-Executivo-do-Territ\u00f3rio-Sul-Ercilio-Confort-Lorena.-300x225.jpg\" alt=\"Titulares e suplentes escolhidos em reuni\u00e3o, junto ao Secret\u00e1rio Executivo do Territ\u00f3rio Sul, Ercilio Confort Lorena.\" width=\"300\" height=\"225\" srcset=\"https:\/\/www.minasdosul.com.br\/wp-content\/uploads\/2017\/02\/Titulares-e-suplentes-escolhidos-em-reuni\u00e3o-junto-ao-Secret\u00e1rio-Executivo-do-Territ\u00f3rio-Sul-Ercilio-Confort-Lorena.-300x225.jpg 300w, https:\/\/www.minasdosul.com.br\/wp-content\/uploads\/2017\/02\/Titulares-e-suplentes-escolhidos-em-reuni\u00e3o-junto-ao-Secret\u00e1rio-Executivo-do-Territ\u00f3rio-Sul-Ercilio-Confort-Lorena..jpg 320w\" sizes=\"auto, (max-width: 300px) 100vw, 300px\" \/><\/a>Padre <\/strong><\/h5>\n<h5 style=\"text-align: center;\"><\/h5>\n<h5 style=\"text-align: center;\"><\/h5>\n<h5 style=\"text-align: center;\"><\/h5>\n<h5 style=\"text-align: center;\"><\/h5>\n<h5 style=\"text-align: center;\"><\/h5>\n<h5 style=\"text-align: center;\"><strong>Waldemilson \u00e9 escolhido como representante dos Vereadores no F\u00f3rum Regional de Governo<\/strong><\/h5>\n<p style=\"text-align: justify;\">No dia 6 de fevereiro, na cidade de Po\u00e7o Fundo, foi realizada a primeira etapa do F\u00f3rum Regional de Governo no Microterrit\u00f3rio Alfenas, que abrange 15 cidades da regi\u00e3o. Na ocasi\u00e3o foram escolhidos prefeitos e vereadores para a composi\u00e7\u00e3o do Colegiado Executivo dos F\u00f3runs Regionais do Governo do Territ\u00f3rio Sul do Microterrit\u00f3rio, que ir\u00e3o representar as cidades e levar at\u00e9 o Governo Estadual os pedidos de toda a popula\u00e7\u00e3o.<\/p>\n<p style=\"text-align: justify;\">Os F\u00f3runs Regionais funcionar\u00e3o como um elo entre o poder p\u00fablico e a popula\u00e7\u00e3o, construindo pol\u00edticas p\u00fablicas de acordo com as necessidades de cada regi\u00e3o. Em nossa regi\u00e3o, s\u00e3o reunidos sociedade civil e representantes dos governos estadual e municipal das cidades de Alfenas, Po\u00e7o Fundo, Carvalh\u00f3polis, Machado, Campestre, Bandeira do Sul, Botelhos, Divisa Nova, Serrania, Cabo Verde, Fama, Paragua\u00e7u, Areado, Campos Gerais e Campo do Meio.<\/p>\n<p style=\"text-align: justify;\">Esses representantes foram escolhidos durante a primeira etapa do F\u00f3rum e ter\u00e3o uma grande responsabilidade pela frente. Ficou estabelecido que o prefeito de Po\u00e7o Fundo, Renato Ferreira de Oliveira (PT) ser\u00e1 o Titular junto ao Suplente, prefeito de Machado, Julbert Ferri de Moraes (PMDB).<\/p>\n<p style=\"text-align: justify;\">Os vereadores escolhidos foram Waldemilson Gustavo Bassoto (Padre Waldemilson \u2013 PROS), de Alfenas, como Titular, e F\u00e1bio Borges Rugani (Fabinho \u2013 PV), de Campestre, como Suplente.<\/p>\n<p>&nbsp;<\/p>\n","protected":false},"excerpt":{"rendered":"<p>Padre Waldemilson \u00e9 escolhido como representante dos Vereadores no F\u00f3rum Regional de Governo No dia 6 de fevereiro, na cidade de Po\u00e7o Fundo, foi realizada a primeira etapa do F\u00f3rum Regional de Governo no Microterrit\u00f3rio Alfenas, que abrange 15 cidades da regi\u00e3o. Na ocasi\u00e3o foram escolhidos prefeitos e vereadores para a composi\u00e7\u00e3o do Colegiado Executivo [&hellip;]<\/p>\n","protected":false},"author":2,"featured_media":0,"comment_status":"open","ping_status":"closed","sticky":false,"template":"","format":"standard","meta":{"rop_custom_images_group":[],"rop_custom_messages_group":[],"rop_publish_now":"initial","rop_publish_now_accounts":[],"rop_publish_now_history":[],"rop_publish_now_status":"pending","footnotes":""},"categories":[47,49,48,42,1,30],"tags":[],"class_list":["bg-stuff"],"_links":{"self":[{"href":"https:\/\/www.minasdosul.com.br\/index.php?rest_route=\/wp\/v2\/posts\/480","targetHints":{"allow":["GET"]}}],"collection":[{"href":"https:\/\/www.minasdosul.com.br\/index.php?rest_route=\/wp\/v2\/posts"}],"about":[{"href":"https:\/\/www.minasdosul.com.br\/index.php?rest_route=\/wp\/v2\/types\/post"}],"author":[{"embeddable":true,"href":"https:\/\/www.minasdosul.com.br\/index.php?rest_route=\/wp\/v2\/users\/2"}],"replies":[{"embeddable":true,"href":"https:\/\/www.minasdosul.com.br\/index.php?rest_route=%2Fwp%2Fv2%2Fcomments&post=480"}],"version-history":[{"count":1,"href":"https:\/\/www.minasdosul.com.br\/index.php?rest_route=\/wp\/v2\/posts\/480\/revisions"}],"predecessor-version":[{"id":483,"href":"https:\/\/www.minasdosul.com.br\/index.php?rest_route=\/wp\/v2\/posts\/480\/revisions\/483"}],"wp:attachment":[{"href":"https:\/\/www.minasdosul.com.br\/index.php?rest_route=%2Fwp%2Fv2%2Fmedia&parent=480"}],"wp:term":[{"taxonomy":"category","embeddable":true,"href":"https:\/\/www.minasdosul.com.br\/index.php?rest_route=%2Fwp%2Fv2%2Fcategories&post=480"},{"taxonomy":"post_tag","embeddable":true,"href":"https:\/\/www.minasdosul.com.br\/index.php?rest_route=%2Fwp%2Fv2%2Ftags&post=480"}],"curies":[{"name":"wp","href":"https:\/\/api.w.org\/{rel}","templated":true}]}}