{"id":474,"date":"2017-02-07T18:28:26","date_gmt":"2017-02-07T20:28:26","guid":{"rendered":"http:\/\/www.minasdosul.com.br\/?p=474"},"modified":"2017-02-07T18:28:26","modified_gmt":"2017-02-07T20:28:26","slug":"foyer-aurelia-rubiao-abre-temporada-de-exposicoes-2017","status":"publish","type":"post","link":"https:\/\/www.minasdosul.com.br\/?p=474","title":{"rendered":"Foyer Aur\u00e9lia Rubi\u00e3o abre temporada de exposi\u00e7\u00f5es 2017"},"content":{"rendered":"<p style=\"text-align: justify;\"><a href=\"http:\/\/www.minasdosul.com.br\/wp-content\/uploads\/2017\/02\/Foyer-quadros.jpg\"><img loading=\"lazy\" decoding=\"async\" class=\"alignleft size-medium wp-image-475\" src=\"http:\/\/www.minasdosul.com.br\/wp-content\/uploads\/2017\/02\/Foyer-quadros-300x225.jpg\" alt=\"Foyer quadros\" width=\"300\" height=\"225\" srcset=\"https:\/\/www.minasdosul.com.br\/wp-content\/uploads\/2017\/02\/Foyer-quadros-300x225.jpg 300w, https:\/\/www.minasdosul.com.br\/wp-content\/uploads\/2017\/02\/Foyer-quadros.jpg 320w\" sizes=\"auto, (max-width: 300px) 100vw, 300px\" \/><\/a>O Foyer Aur\u00e9lia Rubi\u00e3o do Theatro Municipal Capit\u00f3lio reabriu ontem, dia 6 de fevereiro, trazendo a 1\u00aa exposi\u00e7\u00e3o do ano, com a artista pl\u00e1stica Lusdivina Don\u00e9, do Atelier Lusdon\u00e9, de Po\u00e7os de Caldas. S\u00e3o cerca de 40 quadros utilizando a t\u00e9cnica de \u00f3leo sobre tela com temas variados como abstrato, moderno, realismo, floral e natureza morta. Todas as telas est\u00e3o \u00e0 venda.<\/p>\n<p style=\"text-align: justify;\">\u00a0A exposi\u00e7\u00e3o vai at\u00e9 o dia 11 de fevereiro, de segunda \u00e0 sexta-feira, de 8h00 \u00e0s 18h00 e s\u00e1bado de 8h00 \u00e0s 12h00.<\/p>\n<p style=\"text-align: justify;\">Endere\u00e7o: Rua Presidente Ant\u00f4nio Carlos, 522 &#8211; Centro &#8211; Varginha<\/p>\n<h6 style=\"text-align: justify;\"><a href=\"http:\/\/www.minasdosul.com.br\/wp-content\/uploads\/2017\/02\/Foyer_1906.jpg\"><img loading=\"lazy\" decoding=\"async\" class=\"alignleft size-medium wp-image-477\" src=\"http:\/\/www.minasdosul.com.br\/wp-content\/uploads\/2017\/02\/Foyer_1906-300x225.jpg\" alt=\"Foyer_1906\" width=\"300\" height=\"225\" srcset=\"https:\/\/www.minasdosul.com.br\/wp-content\/uploads\/2017\/02\/Foyer_1906-300x225.jpg 300w, https:\/\/www.minasdosul.com.br\/wp-content\/uploads\/2017\/02\/Foyer_1906.jpg 320w\" sizes=\"auto, (max-width: 300px) 100vw, 300px\" \/><\/a><a href=\"http:\/\/www.minasdosul.com.br\/wp-content\/uploads\/2017\/02\/Foyer_1908.jpg\"><img loading=\"lazy\" decoding=\"async\" class=\"alignleft size-medium wp-image-478\" src=\"http:\/\/www.minasdosul.com.br\/wp-content\/uploads\/2017\/02\/Foyer_1908-300x225.jpg\" alt=\"Foyer_1908\" width=\"300\" height=\"225\" srcset=\"https:\/\/www.minasdosul.com.br\/wp-content\/uploads\/2017\/02\/Foyer_1908-300x225.jpg 300w, https:\/\/www.minasdosul.com.br\/wp-content\/uploads\/2017\/02\/Foyer_1908.jpg 320w\" sizes=\"auto, (max-width: 300px) 100vw, 300px\" \/><\/a><\/h6>\n<h6 style=\"text-align: justify;\"><\/h6>\n<h6 style=\"text-align: justify;\"><\/h6>\n<h6 style=\"text-align: justify;\"><\/h6>\n<h6 style=\"text-align: justify;\"><\/h6>\n<h6 style=\"text-align: justify;\"><\/h6>\n<h6 style=\"text-align: justify;\"><\/h6>\n<h6 style=\"text-align: justify;\">*Fotos do Sr. Edgard Ximenes, diretor do Theatro Capit\u00f3lio e Sr. Don\u00e9, do Atelier Lusdon\u00e9.<\/h6>\n","protected":false},"excerpt":{"rendered":"<p>O Foyer Aur\u00e9lia Rubi\u00e3o do Theatro Municipal Capit\u00f3lio reabriu ontem, dia 6 de fevereiro, trazendo a 1\u00aa exposi\u00e7\u00e3o do ano, com a artista pl\u00e1stica Lusdivina Don\u00e9, do Atelier Lusdon\u00e9, de Po\u00e7os de Caldas. S\u00e3o cerca de 40 quadros utilizando a t\u00e9cnica de \u00f3leo sobre tela com temas variados como abstrato, moderno, realismo, floral e natureza [&hellip;]<\/p>\n","protected":false},"author":2,"featured_media":0,"comment_status":"open","ping_status":"closed","sticky":false,"template":"","format":"standard","meta":{"rop_custom_images_group":[],"rop_custom_messages_group":[],"rop_publish_now":"initial","rop_publish_now_accounts":[],"rop_publish_now_history":[],"rop_publish_now_status":"pending","footnotes":""},"categories":[42,1,43],"tags":[],"class_list":["bg-stuff"],"_links":{"self":[{"href":"https:\/\/www.minasdosul.com.br\/index.php?rest_route=\/wp\/v2\/posts\/474","targetHints":{"allow":["GET"]}}],"collection":[{"href":"https:\/\/www.minasdosul.com.br\/index.php?rest_route=\/wp\/v2\/posts"}],"about":[{"href":"https:\/\/www.minasdosul.com.br\/index.php?rest_route=\/wp\/v2\/types\/post"}],"author":[{"embeddable":true,"href":"https:\/\/www.minasdosul.com.br\/index.php?rest_route=\/wp\/v2\/users\/2"}],"replies":[{"embeddable":true,"href":"https:\/\/www.minasdosul.com.br\/index.php?rest_route=%2Fwp%2Fv2%2Fcomments&post=474"}],"version-history":[{"count":1,"href":"https:\/\/www.minasdosul.com.br\/index.php?rest_route=\/wp\/v2\/posts\/474\/revisions"}],"predecessor-version":[{"id":479,"href":"https:\/\/www.minasdosul.com.br\/index.php?rest_route=\/wp\/v2\/posts\/474\/revisions\/479"}],"wp:attachment":[{"href":"https:\/\/www.minasdosul.com.br\/index.php?rest_route=%2Fwp%2Fv2%2Fmedia&parent=474"}],"wp:term":[{"taxonomy":"category","embeddable":true,"href":"https:\/\/www.minasdosul.com.br\/index.php?rest_route=%2Fwp%2Fv2%2Fcategories&post=474"},{"taxonomy":"post_tag","embeddable":true,"href":"https:\/\/www.minasdosul.com.br\/index.php?rest_route=%2Fwp%2Fv2%2Ftags&post=474"}],"curies":[{"name":"wp","href":"https:\/\/api.w.org\/{rel}","templated":true}]}}