{"id":472,"date":"2017-02-07T17:29:32","date_gmt":"2017-02-07T19:29:32","guid":{"rendered":"http:\/\/www.minasdosul.com.br\/?p=472"},"modified":"2017-02-07T17:29:32","modified_gmt":"2017-02-07T19:29:32","slug":"unifal-aluna-participa-de-estagio-na-espanha","status":"publish","type":"post","link":"https:\/\/www.minasdosul.com.br\/?p=472","title":{"rendered":"UNIFAL: Aluna participa de est\u00e1gio na Espanha"},"content":{"rendered":"<div class=\"m_-7803282173973714171field m_-7803282173973714171field-name-field-subtitulo m_-7803282173973714171field-type-text m_-7803282173973714171field-label-hidden\">\n<div class=\"m_-7803282173973714171field-items\">\n<div class=\"m_-7803282173973714171field-item m_-7803282173973714171even\" style=\"text-align: center;\">Jana\u00edna Alves tamb\u00e9m apresentou trabalho no congresso &#8220;A presenza feminina na escritura&#8221;<\/div>\n<\/div>\n<\/div>\n<div class=\"m_-7803282173973714171field m_-7803282173973714171field-name-body m_-7803282173973714171field-type-text-with-summary m_-7803282173973714171field-label-hidden\">\n<div class=\"m_-7803282173973714171field-items\">\n<div class=\"m_-7803282173973714171field-item m_-7803282173973714171even\">\n<p class=\"m_-7803282173973714171rtecenter\"><strong><a href=\"http:\/\/www.unifal-mg.edu.br\/comunicacao\/sites\/default\/files\/images\/20170602080130.jpg\" target=\"_blank\" data-saferedirecturl=\"https:\/\/www.google.com\/url?hl=pt-BR&amp;q=http:\/\/www.unifal-mg.edu.br\/comunicacao\/sites\/default\/files\/images\/20170602080130.jpg&amp;source=gmail&amp;ust=1486579329907000&amp;usg=AFQjCNFHxvUw15R7mQ934fPF6SeL0AcMCw\"><img decoding=\"async\" class=\"CToWUd aligncenter\" src=\"https:\/\/ci3.googleusercontent.com\/proxy\/E9NHTWIh2Y9OA1RVgSe3fP14GVRcZXF_7Sp56w2Y3BdZqaJRvd9pd1i6xibvxwaAV8TpbblPGpA88WWo8lVHhDjZYCJAULPQ6anqGUUSJXKPXTiihLcBAQv1umJrIBcYYhn6lwNu_aVpZ8TBNKcEbE1wCwOrO5eBkbdzgI5aKDjZxFf7nnGk7QWKFEip=s0-d-e1-ft#http:\/\/www.unifal-mg.edu.br\/comunicacao\/sites\/default\/files\/styles\/large\/public\/images\/20170602080130.jpg?itok=23L79U3m\" alt=\"\" \/><\/a><\/strong><\/p>\n<p class=\"m_-7803282173973714171rtejustify\" style=\"text-align: justify;\">A mestranda Jana\u00edna Alves, do Programa\u00e7\u00e3o de P\u00f3s-Gradua\u00e7\u00e3o em Hist\u00f3ria Ib\u00e9rica (PPGHI) da UNIFAL-MG, realizou uma s\u00e9rie de pesquisas e levantamento de fontes documentais nos acervos da Universidade de Santiago de Compostela, onde esteve no dia 02\/02\/2017, apresentando trabalho no Congresso Internacional <strong>&#8220;A presenza feminina na escritura. Voces de mulleres na Idade Media&#8221;<\/strong>.<\/p>\n<p class=\"m_-7803282173973714171rtejustify\" style=\"text-align: justify;\">Jana\u00edna \u00e9 orientanda da\u00a0professora Claudia Bovo da UFTM, que faz parte do quadro docente do Programa P\u00f3s-Gradua\u00e7\u00e3o em Hist\u00f3ria Ib\u00e9rica da UNIFAL-MG, e contou com o apoio financeiro da FAPEMIG e da Universidade de Santiago de Compostela, por meio do Conv\u00eanio de Coopera\u00e7\u00e3o com a Institui\u00e7\u00e3o.<\/p>\n<p class=\"m_-7803282173973714171rtejustify\" style=\"text-align: justify;\">Para o levantamento de fontes documentais, a acad\u00eamica foi orientada pelos professores David Chao Castro e Marta Cend\u00f3n Fernandez, que estiveram na UNIFAL-MG\u00a0em dezembro de 2016, para participar do 2\u00ba Congresso Internacional sobre a Pen\u00ednsula Ib\u00e9rica e ministrar curso no PPGHI.<\/p>\n<p class=\"m_-7803282173973714171rtejustify\" style=\"text-align: justify;\"><em>&#8220;Al\u00e9m de efetivarmos o conv\u00eanio com Compostela, trocamos ideias e informa\u00e7\u00f5es com importantes nomes que pesquisam a Pen\u00ednsula Ib\u00e9rica como professora Esther Corral, titular de Filologia Rom\u00e2nica, e\u00a0Adeline Rucquoi, membro residente na Sociedade Nacional de Antiqu\u00e1rios da Fran\u00e7a, membro da Academia Mexicana de la Historia correspondente da Real Academia de la Historia Espanha, Academia Portuguesa da Hist\u00f3ria e da Real Academia de Buenas Letras Barcelona (Espanha)&#8221;,<\/em> destacou Jana\u00edna.<\/p>\n<p class=\"m_-7803282173973714171rtejustify\" style=\"text-align: justify;\">Para o vice-coordenador do Programa, Prof. Cl\u00e1udio Umpierre Carlan, a participa\u00e7\u00e3o da mestranda no evento na Espanha, bem como a realiza\u00e7\u00e3o da pesquisa documental na Universidade de Santiago Compostela, ajudam a consolidar a internacionaliza\u00e7\u00e3o da Universidade. <em>&#8220;\u00c9 um importante passo para o processo de internacionaliza\u00e7\u00e3o tanto da UNIFAL-MG, quanto do PPGHI&#8221;,<\/em> avalia.<\/p>\n<h6 class=\"m_-7803282173973714171rtejustify\" style=\"text-align: justify;\"><em>* Com informa\u00e7\u00f5es e foto: Cl\u00e1udio Umpierre Carlan, professor do Instituto de Ci\u00eancias Humanas e Letras da UNIFAL-MG, vice-coordenador do Programa de P\u00f3s-Gradua\u00e7\u00e3o em Hist\u00f3ria Ib\u00e9rica<\/em><\/h6>\n<\/div>\n<\/div>\n<\/div>\n","protected":false},"excerpt":{"rendered":"<p>Jana\u00edna Alves tamb\u00e9m apresentou trabalho no congresso &#8220;A presenza feminina na escritura&#8221; A mestranda Jana\u00edna Alves, do Programa\u00e7\u00e3o de P\u00f3s-Gradua\u00e7\u00e3o em Hist\u00f3ria Ib\u00e9rica (PPGHI) da UNIFAL-MG, realizou uma s\u00e9rie de pesquisas e levantamento de fontes documentais nos acervos da Universidade de Santiago de Compostela, onde esteve no dia 02\/02\/2017, apresentando trabalho no Congresso Internacional &#8220;A [&hellip;]<\/p>\n","protected":false},"author":2,"featured_media":0,"comment_status":"open","ping_status":"closed","sticky":false,"template":"","format":"standard","meta":{"rop_custom_images_group":[],"rop_custom_messages_group":[],"rop_publish_now":"initial","rop_publish_now_accounts":[],"rop_publish_now_history":[],"rop_publish_now_status":"pending","footnotes":""},"categories":[47,42,1,43],"tags":[],"class_list":["bg-stuff"],"_links":{"self":[{"href":"https:\/\/www.minasdosul.com.br\/index.php?rest_route=\/wp\/v2\/posts\/472","targetHints":{"allow":["GET"]}}],"collection":[{"href":"https:\/\/www.minasdosul.com.br\/index.php?rest_route=\/wp\/v2\/posts"}],"about":[{"href":"https:\/\/www.minasdosul.com.br\/index.php?rest_route=\/wp\/v2\/types\/post"}],"author":[{"embeddable":true,"href":"https:\/\/www.minasdosul.com.br\/index.php?rest_route=\/wp\/v2\/users\/2"}],"replies":[{"embeddable":true,"href":"https:\/\/www.minasdosul.com.br\/index.php?rest_route=%2Fwp%2Fv2%2Fcomments&post=472"}],"version-history":[{"count":1,"href":"https:\/\/www.minasdosul.com.br\/index.php?rest_route=\/wp\/v2\/posts\/472\/revisions"}],"predecessor-version":[{"id":473,"href":"https:\/\/www.minasdosul.com.br\/index.php?rest_route=\/wp\/v2\/posts\/472\/revisions\/473"}],"wp:attachment":[{"href":"https:\/\/www.minasdosul.com.br\/index.php?rest_route=%2Fwp%2Fv2%2Fmedia&parent=472"}],"wp:term":[{"taxonomy":"category","embeddable":true,"href":"https:\/\/www.minasdosul.com.br\/index.php?rest_route=%2Fwp%2Fv2%2Fcategories&post=472"},{"taxonomy":"post_tag","embeddable":true,"href":"https:\/\/www.minasdosul.com.br\/index.php?rest_route=%2Fwp%2Fv2%2Ftags&post=472"}],"curies":[{"name":"wp","href":"https:\/\/api.w.org\/{rel}","templated":true}]}}