{"id":462,"date":"2017-02-07T17:10:12","date_gmt":"2017-02-07T19:10:12","guid":{"rendered":"http:\/\/www.minasdosul.com.br\/?p=462"},"modified":"2017-02-07T21:56:18","modified_gmt":"2017-02-07T23:56:18","slug":"camara-municipal-aprova-doacao-de-terreno-a-santa-casa-de-alfenas","status":"publish","type":"post","link":"https:\/\/www.minasdosul.com.br\/?p=462","title":{"rendered":"C\u00e2mara aprova doa\u00e7\u00e3o de terreno \u00e0 Santa Casa de Alfenas"},"content":{"rendered":"<p style=\"text-align: justify;\"><a href=\"http:\/\/www.minasdosul.com.br\/wp-content\/uploads\/2017\/02\/Alfenas-Plenario-1.jpg\"><img loading=\"lazy\" decoding=\"async\" class=\"alignleft size-medium wp-image-465\" src=\"http:\/\/www.minasdosul.com.br\/wp-content\/uploads\/2017\/02\/Alfenas-Plenario-1-300x225.jpg\" alt=\"Alfenas Plenario\" width=\"300\" height=\"225\" srcset=\"https:\/\/www.minasdosul.com.br\/wp-content\/uploads\/2017\/02\/Alfenas-Plenario-1-300x225.jpg 300w, https:\/\/www.minasdosul.com.br\/wp-content\/uploads\/2017\/02\/Alfenas-Plenario-1.jpg 320w\" sizes=\"auto, (max-width: 300px) 100vw, 300px\" \/><\/a>A reuni\u00e3o da C\u00e2mara Municipal de Alfenas, ocorrida nesta segunda-feira, dia 6 de fevereiro, foi bem movimentada e teve como \u00e1pice a aprova\u00e7\u00e3o do Projeto de Lei n\u00ba 2\/2017, de autoria do Executivo Municipal, que \u201cdisp\u00f5e sobre a desafeta\u00e7\u00e3o e autoriza a aliena\u00e7\u00e3o de bem p\u00fablico municipal \u00e0 Casa de Caridade de Alfenas Nossa Senhora do Perp\u00e9tuo Socorro (Santa Casa) para os fins e na forma que menciona e d\u00e1 outras provid\u00eancias\u201d.<\/p>\n<p style=\"text-align: justify;\">Tamb\u00e9m, na reuni\u00e3o, foram apresentadas ao todo 31 indica\u00e7\u00f5es de vereadores.<\/p>\n<p style=\"text-align: justify;\">O vereador Reginaldo Aparecido Flauzino (PHS) ressaltou a indica\u00e7\u00e3o 127\/2017 de autoria da vereadora Tani Rose (PT) referente ao pedido de cobertura para os pontos de parada de circular, comentando que tamb\u00e9m j\u00e1 recebeu diversas reclama\u00e7\u00f5es com o mesmo foco. Os vereadores Waldemilson Gustavo Bassoto (Padre Waldemilson \u2013 PROS) e Ant\u00f4nio Carlos da Silva (Dr. Batata- PSB) questionaram sobre o compromisso da empresa Alfetur com a constru\u00e7\u00e3o desses pontos de parada por toda a cidade; e o Presidente da C\u00e2mara, Jos\u00e9 Carlos de Morais (Carlinho Vardem\u00e1 \u2013 PMDB) realizou uma vota\u00e7\u00e3o simb\u00f3lica, aprovada por todos, para convoca\u00e7\u00e3o da empresa para esclarecimentos sobre o assunto.<\/p>\n<p style=\"text-align: justify;\">Outra indica\u00e7\u00e3o ressaltada por alguns vereadores foi a de autoria do vereador Tadeu Donizetti Fernandes (PTC), que cobra provid\u00eancias no Cemit\u00e9rio Municipal, para evitar insetos e pragas, como escorpi\u00f5es. O vereador Flauzino (PHS) comentou que durante a ronda como Guarda Municipal observou a situa\u00e7\u00e3o prec\u00e1ria do Cemit\u00e9rio, com mato alto que impossibilita visitas ao local.<\/p>\n<p style=\"text-align: justify;\">Os vereadores Jo\u00e3o Carlos Tercetti (PRP), Tadeu (PTC) e o Presidente da C\u00e2mara, Vardem\u00e1 (PMDB) ressaltaram os pedidos feitos para acessibilidade de cadeirantes.<\/p>\n<p style=\"text-align: justify;\">Katia Goyat\u00e1 (PDT) lamentou a n\u00e3o continuidade do material de ensino da Editora Positivo nas turmas da Educa\u00e7\u00e3o Infantil e questionou o porqu\u00ea de n\u00e3o realizar os dois investimentos: Cidade Escola e Apostilas de Ensino.<\/p>\n<p style=\"text-align: justify;\">Os membros das comiss\u00f5es prestaram esclarecimentos sobre os requerimentos apresentados, que est\u00e3o em tramita\u00e7\u00e3o e aguardam alguns documentos necess\u00e1rios para aprova\u00e7\u00e3o.<\/p>\n<p style=\"text-align: justify;\"><strong>Doa\u00e7\u00e3o de terreno \u00e0 Santa Casa &#8211; <\/strong>Ap\u00f3s realizada diversas reuni\u00f5es entre os vereadores e a Prefeitura Municipal, foi inclu\u00edda na pauta da reuni\u00e3o para discuss\u00e3o e vota\u00e7\u00e3o o Projeto de Lei que autoriza a doa\u00e7\u00e3o de um terreno \u00e0 Santa Casa de Alfenas, como pagamento de uma d\u00edvida da Prefeitura Municipal com a Entidade e para atendimentos na Sa\u00fade da popula\u00e7\u00e3o alfenense.<\/p>\n<p style=\"text-align: justify;\">As comiss\u00f5es e o vereador Flauzino (PHS) sugeriram emendas, votadas e aprovadas, que asseguram o pleno funcionamento do Centro Regional de Sa\u00fade, que atualmente est\u00e1 no mesmo terreno que est\u00e1 sendo doado e pro\u00edbem a penhora ou subloca\u00e7\u00e3o do terreno. Tamb\u00e9m foi aprovada a emenda sugerida por Flauzino, que pede pela contrata\u00e7\u00e3o de funcion\u00e1rios que residam h\u00e1 pelo menos 3 anos em Alfenas, durante as obras de constru\u00e7\u00e3o e expans\u00e3o da Santa Casa.<\/p>\n<p style=\"text-align: justify;\">A vereadora K\u00e1tia Goyat\u00e1 (PDT) entrou com um pedido de Vista, em virtude da apresenta\u00e7\u00e3o de um documento do Governo do Estado, recebido por ela, afim de analisar melhor o Projeto. Por\u00e9m, o pedido de vista foi negado.<\/p>\n<p style=\"text-align: justify;\">Os vereadores apresentaram diversos argumentos sobre a doa\u00e7\u00e3o do terreno, como melhorias na sa\u00fade, gera\u00e7\u00e3o de empregos e melhorias na educa\u00e7\u00e3o, com o Hospital servindo para est\u00e1gios dos estudantes da Unifal.<\/p>\n<p style=\"text-align: justify;\">Com a maioria de oito votos, o Projeto de Lei foi aprovado. Com a aprova\u00e7\u00e3o o Munic\u00edpio ir\u00e1 liquidar uma d\u00edvida R$ 1 milh\u00e3o para com a Santa Casa de Alfenas que j\u00e1 perdura h\u00e1 alguns anos, al\u00e9m de garantir a realiza\u00e7\u00e3o de procedimentos de sa\u00fade aos cidad\u00e3os que residem em Alfenas, no valor total de R$1.800.000,00.<\/p>\n","protected":false},"excerpt":{"rendered":"<p>A reuni\u00e3o da C\u00e2mara Municipal de Alfenas, ocorrida nesta segunda-feira, dia 6 de fevereiro, foi bem movimentada e teve como \u00e1pice a aprova\u00e7\u00e3o do Projeto de Lei n\u00ba 2\/2017, de autoria do Executivo Municipal, que \u201cdisp\u00f5e sobre a desafeta\u00e7\u00e3o e autoriza a aliena\u00e7\u00e3o de bem p\u00fablico municipal \u00e0 Casa de Caridade de Alfenas Nossa Senhora [&hellip;]<\/p>\n","protected":false},"author":2,"featured_media":0,"comment_status":"open","ping_status":"closed","sticky":false,"template":"","format":"standard","meta":{"rop_custom_images_group":[],"rop_custom_messages_group":[],"rop_publish_now":"initial","rop_publish_now_accounts":[],"rop_publish_now_history":[],"rop_publish_now_status":"pending","footnotes":""},"categories":[47,42,1],"tags":[],"class_list":["bg-stuff"],"_links":{"self":[{"href":"https:\/\/www.minasdosul.com.br\/index.php?rest_route=\/wp\/v2\/posts\/462","targetHints":{"allow":["GET"]}}],"collection":[{"href":"https:\/\/www.minasdosul.com.br\/index.php?rest_route=\/wp\/v2\/posts"}],"about":[{"href":"https:\/\/www.minasdosul.com.br\/index.php?rest_route=\/wp\/v2\/types\/post"}],"author":[{"embeddable":true,"href":"https:\/\/www.minasdosul.com.br\/index.php?rest_route=\/wp\/v2\/users\/2"}],"replies":[{"embeddable":true,"href":"https:\/\/www.minasdosul.com.br\/index.php?rest_route=%2Fwp%2Fv2%2Fcomments&post=462"}],"version-history":[{"count":7,"href":"https:\/\/www.minasdosul.com.br\/index.php?rest_route=\/wp\/v2\/posts\/462\/revisions"}],"predecessor-version":[{"id":511,"href":"https:\/\/www.minasdosul.com.br\/index.php?rest_route=\/wp\/v2\/posts\/462\/revisions\/511"}],"wp:attachment":[{"href":"https:\/\/www.minasdosul.com.br\/index.php?rest_route=%2Fwp%2Fv2%2Fmedia&parent=462"}],"wp:term":[{"taxonomy":"category","embeddable":true,"href":"https:\/\/www.minasdosul.com.br\/index.php?rest_route=%2Fwp%2Fv2%2Fcategories&post=462"},{"taxonomy":"post_tag","embeddable":true,"href":"https:\/\/www.minasdosul.com.br\/index.php?rest_route=%2Fwp%2Fv2%2Ftags&post=462"}],"curies":[{"name":"wp","href":"https:\/\/api.w.org\/{rel}","templated":true}]}}