{"id":459,"date":"2017-02-07T16:40:52","date_gmt":"2017-02-07T18:40:52","guid":{"rendered":"http:\/\/www.minasdosul.com.br\/?p=459"},"modified":"2017-02-07T16:40:52","modified_gmt":"2017-02-07T18:40:52","slug":"efg-apresenta-sua-nova-sede-no-via-cafe-garden-shopping","status":"publish","type":"post","link":"https:\/\/www.minasdosul.com.br\/?p=459","title":{"rendered":"EFG apresenta sua nova sede no Via Caf\u00e9 Garden Shopping"},"content":{"rendered":"<p style=\"text-align: justify;\"><a href=\"http:\/\/www.minasdosul.com.br\/wp-content\/uploads\/2017\/02\/FG.png\"><img loading=\"lazy\" decoding=\"async\" class=\"alignleft size-medium wp-image-460\" src=\"http:\/\/www.minasdosul.com.br\/wp-content\/uploads\/2017\/02\/FG-300x225.png\" alt=\"FG\" width=\"300\" height=\"225\" srcset=\"https:\/\/www.minasdosul.com.br\/wp-content\/uploads\/2017\/02\/FG-300x225.png 300w, https:\/\/www.minasdosul.com.br\/wp-content\/uploads\/2017\/02\/FG.png 320w\" sizes=\"auto, (max-width: 300px) 100vw, 300px\" \/><\/a>\u00a0Com foco em empreendedorismo e boas ideias, a Escola de Forma\u00e7\u00e3o Gerencial de Varginha trouxe uma inova\u00e7\u00e3o para a cidade. A EFG passa a funcionar integralmente dentro do Via Caf\u00e9 Garden Shopping, com todas as depend\u00eancias da escola e as salas de aula. Sim! Os alunos EFG estar\u00e3o dentro do shopping a partir de 2017.<\/p>\n<p style=\"text-align: justify;\">A inova\u00e7\u00e3o \u00e9 a principal veia do ensino empreendedor da EFG e a novidade de trazer a escola e os alunos para o shopping traz \u00e0 tona o comportamento esperado dos alunos ao final do ensino m\u00e9dio.<\/p>\n<p style=\"text-align: justify;\">A novidade de uma escola de educa\u00e7\u00e3o formal dentro do shopping endossa o modelo de neg\u00f3cio com o objetivo de gerar valor e garantir retorno econ\u00f4mico aprendido pelos alunos durante a forma\u00e7\u00e3o gerencial. Os alunos estar\u00e3o mais pr\u00f3ximos da pr\u00e1tica educacional, desenvolvendo projetos junto \u00e0 administra\u00e7\u00e3o do shopping e aos logistas e adquirindo experi\u00eancia no mercado de trabalho e no meio empresarial.<\/p>\n<p style=\"text-align: justify;\">No s\u00e1bado (04), a Inside Educa\u00e7\u00e3o Executiva, composta por diversos cursos dentre eles a EFG Varginha, abriu suas portas para receber os professores e colaboradores para conhecer a nova sede da escola dentro do shopping. Localizada ao lado da Pra\u00e7a de Alimenta\u00e7\u00e3o, a nova EFG passa a funcionar j\u00e1 no primeiro semestre letivo de 2017 com in\u00edcio das aulas no dia 08.<\/p>\n<p style=\"text-align: justify;\">Estar dentro de um empreendimento de sucesso da regi\u00e3o d\u00e1 aos alunos da EFG a chance de conhecer de perto os lojistas do shopping e desenvolver os projetos acad\u00eamicos propostos pela escola nos tr\u00eas anos de curso. Para cada ano do Ensino M\u00e9dio, os alunos desenvolvem um projeto empreendedor, sendo eles: Projeto Tutoria, Empresa Simulada e Projeto Vitrine.<\/p>\n<p style=\"text-align: justify;\">Al\u00e9m disso, os alunos estudam pelo Sistema Anglo de Ensino, o que mais aprova em vestibulares de todo o pa\u00eds.<\/p>\n<p style=\"text-align: justify;\">Mais informa\u00e7\u00f5es podem ser obtidas atrav\u00e9s do telefone: 35 3068.6203.<\/p>\n<p>&nbsp;<\/p>\n","protected":false},"excerpt":{"rendered":"<p>\u00a0Com foco em empreendedorismo e boas ideias, a Escola de Forma\u00e7\u00e3o Gerencial de Varginha trouxe uma inova\u00e7\u00e3o para a cidade. A EFG passa a funcionar integralmente dentro do Via Caf\u00e9 Garden Shopping, com todas as depend\u00eancias da escola e as salas de aula. Sim! Os alunos EFG estar\u00e3o dentro do shopping a partir de 2017. [&hellip;]<\/p>\n","protected":false},"author":2,"featured_media":0,"comment_status":"open","ping_status":"closed","sticky":false,"template":"","format":"standard","meta":{"rop_custom_images_group":[],"rop_custom_messages_group":[],"rop_publish_now":"initial","rop_publish_now_accounts":[],"rop_publish_now_history":[],"rop_publish_now_status":"pending","footnotes":""},"categories":[42,1,43],"tags":[],"class_list":["bg-stuff"],"_links":{"self":[{"href":"https:\/\/www.minasdosul.com.br\/index.php?rest_route=\/wp\/v2\/posts\/459","targetHints":{"allow":["GET"]}}],"collection":[{"href":"https:\/\/www.minasdosul.com.br\/index.php?rest_route=\/wp\/v2\/posts"}],"about":[{"href":"https:\/\/www.minasdosul.com.br\/index.php?rest_route=\/wp\/v2\/types\/post"}],"author":[{"embeddable":true,"href":"https:\/\/www.minasdosul.com.br\/index.php?rest_route=\/wp\/v2\/users\/2"}],"replies":[{"embeddable":true,"href":"https:\/\/www.minasdosul.com.br\/index.php?rest_route=%2Fwp%2Fv2%2Fcomments&post=459"}],"version-history":[{"count":1,"href":"https:\/\/www.minasdosul.com.br\/index.php?rest_route=\/wp\/v2\/posts\/459\/revisions"}],"predecessor-version":[{"id":461,"href":"https:\/\/www.minasdosul.com.br\/index.php?rest_route=\/wp\/v2\/posts\/459\/revisions\/461"}],"wp:attachment":[{"href":"https:\/\/www.minasdosul.com.br\/index.php?rest_route=%2Fwp%2Fv2%2Fmedia&parent=459"}],"wp:term":[{"taxonomy":"category","embeddable":true,"href":"https:\/\/www.minasdosul.com.br\/index.php?rest_route=%2Fwp%2Fv2%2Fcategories&post=459"},{"taxonomy":"post_tag","embeddable":true,"href":"https:\/\/www.minasdosul.com.br\/index.php?rest_route=%2Fwp%2Fv2%2Ftags&post=459"}],"curies":[{"name":"wp","href":"https:\/\/api.w.org\/{rel}","templated":true}]}}