{"id":453,"date":"2017-02-07T16:06:21","date_gmt":"2017-02-07T18:06:21","guid":{"rendered":"http:\/\/www.minasdosul.com.br\/?p=453"},"modified":"2017-02-07T16:07:27","modified_gmt":"2017-02-07T18:07:27","slug":"seresta-na-praca-retorna-nesse-domingo","status":"publish","type":"post","link":"https:\/\/www.minasdosul.com.br\/?p=453","title":{"rendered":"Varginha: Seresta na Pra\u00e7a retorna nesse domingo"},"content":{"rendered":"<p style=\"text-align: justify;\"><strong><a href=\"http:\/\/www.minasdosul.com.br\/wp-content\/uploads\/2017\/02\/Seresta-na-pra\u00e7a-1.jpg\"><img loading=\"lazy\" decoding=\"async\" class=\"alignleft size-medium wp-image-455\" src=\"http:\/\/www.minasdosul.com.br\/wp-content\/uploads\/2017\/02\/Seresta-na-pra\u00e7a-1-300x225.jpg\" alt=\"Seresta na pra\u00e7a\" width=\"300\" height=\"225\" srcset=\"https:\/\/www.minasdosul.com.br\/wp-content\/uploads\/2017\/02\/Seresta-na-pra\u00e7a-1-300x225.jpg 300w, https:\/\/www.minasdosul.com.br\/wp-content\/uploads\/2017\/02\/Seresta-na-pra\u00e7a-1-768x576.jpg 768w, https:\/\/www.minasdosul.com.br\/wp-content\/uploads\/2017\/02\/Seresta-na-pra\u00e7a-1-1024x768.jpg 1024w, https:\/\/www.minasdosul.com.br\/wp-content\/uploads\/2017\/02\/Seresta-na-pra\u00e7a-1.jpg 1094w\" sizes=\"auto, (max-width: 300px) 100vw, 300px\" \/><\/a>\u00a0<\/strong>Foi efetivada hoje, dia 07\/02, a assinatura do contrato entre a Associa\u00e7\u00e3o Varginhense de Seresteiros e a Funda\u00e7\u00e3o Cultural de Varginha para retomada do projeto Seresta na Pra\u00e7a.<\/p>\n<p style=\"text-align: justify;\">Na reuni\u00e3o de assinatura da parceria estiveram presentes o Sr. Guido Braga, representando a Associa\u00e7\u00e3o dos Seresteiros, Leandro Acayaba, diretor Superintendente da Funda\u00e7\u00e3o Cultural de Varginha e ainda o contador da Funda\u00e7\u00e3o, S\u00e9rgio Yano.<\/p>\n<p style=\"text-align: justify;\">O Projeto Seresta da Pra\u00e7a est\u00e1 de volta \u00e0 Pra\u00e7a Get\u00falio Vargas a partir desse pr\u00f3ximo domingo, dia 12 de fevereiro, \u00e0s 20h. O retorno do tradicional evento possibilita aos amantes da m\u00fasica de boa qualidade mais uma op\u00e7\u00e3o de lazer.<\/p>\n","protected":false},"excerpt":{"rendered":"<p>\u00a0Foi efetivada hoje, dia 07\/02, a assinatura do contrato entre a Associa\u00e7\u00e3o Varginhense de Seresteiros e a Funda\u00e7\u00e3o Cultural de Varginha para retomada do projeto Seresta na Pra\u00e7a. Na reuni\u00e3o de assinatura da parceria estiveram presentes o Sr. Guido Braga, representando a Associa\u00e7\u00e3o dos Seresteiros, Leandro Acayaba, diretor Superintendente da Funda\u00e7\u00e3o Cultural de Varginha e [&hellip;]<\/p>\n","protected":false},"author":2,"featured_media":0,"comment_status":"open","ping_status":"closed","sticky":false,"template":"","format":"standard","meta":{"rop_custom_images_group":[],"rop_custom_messages_group":[],"rop_publish_now":"initial","rop_publish_now_accounts":[],"rop_publish_now_history":[],"rop_publish_now_status":"pending","footnotes":""},"categories":[47,48,42,1,44,46,45,43],"tags":[],"class_list":["bg-stuff"],"_links":{"self":[{"href":"https:\/\/www.minasdosul.com.br\/index.php?rest_route=\/wp\/v2\/posts\/453","targetHints":{"allow":["GET"]}}],"collection":[{"href":"https:\/\/www.minasdosul.com.br\/index.php?rest_route=\/wp\/v2\/posts"}],"about":[{"href":"https:\/\/www.minasdosul.com.br\/index.php?rest_route=\/wp\/v2\/types\/post"}],"author":[{"embeddable":true,"href":"https:\/\/www.minasdosul.com.br\/index.php?rest_route=\/wp\/v2\/users\/2"}],"replies":[{"embeddable":true,"href":"https:\/\/www.minasdosul.com.br\/index.php?rest_route=%2Fwp%2Fv2%2Fcomments&post=453"}],"version-history":[{"count":3,"href":"https:\/\/www.minasdosul.com.br\/index.php?rest_route=\/wp\/v2\/posts\/453\/revisions"}],"predecessor-version":[{"id":458,"href":"https:\/\/www.minasdosul.com.br\/index.php?rest_route=\/wp\/v2\/posts\/453\/revisions\/458"}],"wp:attachment":[{"href":"https:\/\/www.minasdosul.com.br\/index.php?rest_route=%2Fwp%2Fv2%2Fmedia&parent=453"}],"wp:term":[{"taxonomy":"category","embeddable":true,"href":"https:\/\/www.minasdosul.com.br\/index.php?rest_route=%2Fwp%2Fv2%2Fcategories&post=453"},{"taxonomy":"post_tag","embeddable":true,"href":"https:\/\/www.minasdosul.com.br\/index.php?rest_route=%2Fwp%2Fv2%2Ftags&post=453"}],"curies":[{"name":"wp","href":"https:\/\/api.w.org\/{rel}","templated":true}]}}