{"id":450,"date":"2017-02-07T15:53:36","date_gmt":"2017-02-07T17:53:36","guid":{"rendered":"http:\/\/www.minasdosul.com.br\/?p=450"},"modified":"2017-02-07T15:57:02","modified_gmt":"2017-02-07T17:57:02","slug":"ammg-encontros-trabalham-a-superacao-do-luto","status":"publish","type":"post","link":"https:\/\/www.minasdosul.com.br\/?p=450","title":{"rendered":"AMMG: Encontros trabalham a supera\u00e7\u00e3o do luto"},"content":{"rendered":"<h2 style=\"text-align: justify;\"><a href=\"http:\/\/www.minasdosul.com.br\/wp-content\/uploads\/2017\/02\/AMMG.jpg\"><img loading=\"lazy\" decoding=\"async\" class=\"size-full wp-image-451\" src=\"http:\/\/www.minasdosul.com.br\/wp-content\/uploads\/2017\/02\/AMMG.jpg\" alt=\"AMMG\" width=\"46\" height=\"40\" \/><\/a>\u00a0Encontros trabalham a supera\u00e7\u00e3o do luto<\/h2>\n<h4 style=\"text-align: center;\"><em>Em mar\u00e7o e abril, Grupo de Atendimento a Enlutados promove reuni\u00f5es para a troca de viv\u00eancias entre pessoas que perderam entes queridos. Inscri\u00e7\u00f5es gratuitas<\/em><\/h4>\n<p style=\"text-align: justify;\"><strong>Grupo de Atendimento a Enlutados (GAL)<\/strong><\/p>\n<p style=\"text-align: justify;\"><strong>Datas: <\/strong>7, 14, 21 e 28 de mar\u00e7o \/ 4, 11, 18 e 25 de abril\u00a0\u00a0 <strong>Hor\u00e1rio: <\/strong>19h30 \u00e0s 21h<\/p>\n<h5 style=\"text-align: justify;\"><strong>Local:<\/strong> Sede da Associa\u00e7\u00e3o M\u00e9dica de Minas Gerais (AMMG) &#8211; Av. Jo\u00e3o Pinheiro, 161, Centro \u2013 Belo Horizonte<\/h5>\n<p style=\"text-align: justify;\"><strong>Inscri\u00e7\u00f5es e informa\u00e7\u00f5es<\/strong>: <a href=\"tel:%2831%29%203247%201616\">(31) 3247 1616<\/a>, com Cristina<\/p>\n<p style=\"text-align: justify;\">Uma das mais cultuadas escritoras brasileiras, Clarice Lispector, em um de seus poemas no livro \u2018Aprendendo a viver\u2019, diz: \u201cUma das coisas que aprendi \u00e9 que se deve viver, <em>apesar de<\/em>. <em>Apesar de<\/em>, se deve comer. <em>Apesar de<\/em>, se deve amar. <em>Apesar de<\/em>, se deve morrer. Inclusive muitas vezes \u00e9 o pr\u00f3prio <em>apesar de<\/em> que nos empurra para frente\u201d. O poema, de acordo com as coordenadoras do Grupo de Atendimento a Enlutados (GAL), Mariel Paturle e J\u00fania Drumond serve para uma s\u00e9rie de reflex\u00f5es propostas durante as din\u00e2micas promovidas pelo grupo.<\/p>\n<p style=\"text-align: justify;\">O GAL, criado pela Sociedade de Tanatologia de Minas Gerais (Sotamig), com apoio da Associa\u00e7\u00e3o M\u00e9dica de Minas Gerais (AMMG), oferece durante os meses de mar\u00e7o (7, 14, 21 e 28) e abril (4, 11, 18 e 25), sempre \u00e0s ter\u00e7as-feiras, de 19h \u00e0s 21h, na sede da AMMG, encontros abertos ao p\u00fablico e voltados \u00e0s pessoas que vivenciaram alguma perda h\u00e1 pelo menos dois meses. Necess\u00e1ria inscri\u00e7\u00e3o pr\u00e9via.<\/p>\n<p style=\"text-align: justify;\">Para a coordenadora do GAL, a psiquiatra Mariel Paturle, os encontros contribuem para o processo de elabora\u00e7\u00e3o do luto. \u201cO objetivo \u00e9 criar uma rede de apoio para compartilhar experi\u00eancias, externar suas dores, trabalhar a perda de um ente querido e reconquistar a alegria de viver\u201d, afirma Paturle. Segundo a especialista, por meio desse trabalho \u00e9 poss\u00edvel que os enlutados amenizem o sofrimento, dando novo sentido \u00e0s suas vidas.<\/p>\n<p style=\"text-align: justify;\">Nos encontros s\u00e3o utilizadas t\u00e9cnicas de harmoniza\u00e7\u00e3o, relaxamento, respira\u00e7\u00e3o, visualiza\u00e7\u00f5es criativas, t\u00e9cnicas projetivas, al\u00e9m de informa\u00e7\u00f5es importantes e uma s\u00e9rie de din\u00e2micas que visam minimizar o sofrimento da perda, ajudando as pessoas a n\u00e3o esquecerem seus mortos, mas sim, a achar um lugar para eles em sua vida. \u201cA Tanatologia nos ensina que refletir e falar sobre a morte \u00e9 refletir e falar sobre a vida. Aprender a lidar de forma mais natural com as perdas no ciclo vital pode trazer uma melhor qualidade de vida e uma ressignifica\u00e7\u00e3o de valores cultuados por nossa Sociedade\u201d, completa Drumond.<\/p>\n<p style=\"text-align: justify;\">As reuni\u00f5es s\u00e3o abertas ao p\u00fablico. As vagas est\u00e3o dispon\u00edveis e ser\u00e3o preenchidas por ordem de inscri\u00e7\u00e3o. Mais informa\u00e7\u00f5es: (31) 3247 1616 ou <a href=\"http:\/\/www.sotamig.com.br\" data-saferedirecturl=\"https:\/\/www.google.com\/url?hl=pt-BR&amp;q=http:\/\/www.sotamig.com.br&amp;source=gmail&amp;ust=1486569588017000&amp;usg=AFQjCNGybUoCqK12ZK9KJr8XQzMAj_WsVQ\">www.sotamig.com.br<\/a>.<\/p>\n","protected":false},"excerpt":{"rendered":"<p>\u00a0Encontros trabalham a supera\u00e7\u00e3o do luto Em mar\u00e7o e abril, Grupo de Atendimento a Enlutados promove reuni\u00f5es para a troca de viv\u00eancias entre pessoas que perderam entes queridos. Inscri\u00e7\u00f5es gratuitas Grupo de Atendimento a Enlutados (GAL) Datas: 7, 14, 21 e 28 de mar\u00e7o \/ 4, 11, 18 e 25 de abril\u00a0\u00a0 Hor\u00e1rio: 19h30 \u00e0s [&hellip;]<\/p>\n","protected":false},"author":2,"featured_media":0,"comment_status":"open","ping_status":"closed","sticky":false,"template":"","format":"standard","meta":{"rop_custom_images_group":[],"rop_custom_messages_group":[],"rop_publish_now":"initial","rop_publish_now_accounts":[],"rop_publish_now_history":[],"rop_publish_now_status":"pending","footnotes":""},"categories":[42,1,43],"tags":[],"class_list":["bg-stuff"],"_links":{"self":[{"href":"https:\/\/www.minasdosul.com.br\/index.php?rest_route=\/wp\/v2\/posts\/450","targetHints":{"allow":["GET"]}}],"collection":[{"href":"https:\/\/www.minasdosul.com.br\/index.php?rest_route=\/wp\/v2\/posts"}],"about":[{"href":"https:\/\/www.minasdosul.com.br\/index.php?rest_route=\/wp\/v2\/types\/post"}],"author":[{"embeddable":true,"href":"https:\/\/www.minasdosul.com.br\/index.php?rest_route=\/wp\/v2\/users\/2"}],"replies":[{"embeddable":true,"href":"https:\/\/www.minasdosul.com.br\/index.php?rest_route=%2Fwp%2Fv2%2Fcomments&post=450"}],"version-history":[{"count":1,"href":"https:\/\/www.minasdosul.com.br\/index.php?rest_route=\/wp\/v2\/posts\/450\/revisions"}],"predecessor-version":[{"id":452,"href":"https:\/\/www.minasdosul.com.br\/index.php?rest_route=\/wp\/v2\/posts\/450\/revisions\/452"}],"wp:attachment":[{"href":"https:\/\/www.minasdosul.com.br\/index.php?rest_route=%2Fwp%2Fv2%2Fmedia&parent=450"}],"wp:term":[{"taxonomy":"category","embeddable":true,"href":"https:\/\/www.minasdosul.com.br\/index.php?rest_route=%2Fwp%2Fv2%2Fcategories&post=450"},{"taxonomy":"post_tag","embeddable":true,"href":"https:\/\/www.minasdosul.com.br\/index.php?rest_route=%2Fwp%2Fv2%2Ftags&post=450"}],"curies":[{"name":"wp","href":"https:\/\/api.w.org\/{rel}","templated":true}]}}