{"id":447,"date":"2017-02-07T15:21:15","date_gmt":"2017-02-07T17:21:15","guid":{"rendered":"http:\/\/www.minasdosul.com.br\/?p=447"},"modified":"2017-02-07T15:21:15","modified_gmt":"2017-02-07T17:21:15","slug":"parlamento-jovem-de-minas-2017","status":"publish","type":"post","link":"https:\/\/www.minasdosul.com.br\/?p=447","title":{"rendered":"Parlamento Jovem de Minas 2017"},"content":{"rendered":"<h3 class=\"m_-5632786019305506213content_01_title\" style=\"text-align: center;\">Parlamento Jovem de Minas 2017 inicia atividades de forma\u00e7\u00e3o<\/h3>\n<h4 class=\"m_-5632786019305506213content_01_subtitle\" style=\"text-align: center;\"><strong>Curso Introdut\u00f3rio<\/strong> do programa ter\u00e1 in\u00edcio nesta ter\u00e7a-feira (7), na Escola do Legislativo<\/h4>\n<p style=\"text-align: justify;\"><a href=\"http:\/\/www.minasdosul.com.br\/wp-content\/uploads\/2017\/02\/Parlamento-Jovem-1.jpg\"><img loading=\"lazy\" decoding=\"async\" class=\"alignleft size-medium wp-image-448\" src=\"http:\/\/www.minasdosul.com.br\/wp-content\/uploads\/2017\/02\/Parlamento-Jovem-1-300x199.jpg\" alt=\"Parlamento Jovem 1\" width=\"300\" height=\"199\" srcset=\"https:\/\/www.minasdosul.com.br\/wp-content\/uploads\/2017\/02\/Parlamento-Jovem-1-300x199.jpg 300w, https:\/\/www.minasdosul.com.br\/wp-content\/uploads\/2017\/02\/Parlamento-Jovem-1.jpg 640w\" sizes=\"auto, (max-width: 300px) 100vw, 300px\" \/><\/a>\u00a0O <a title=\"Ir para Parlamento Jovem de Minas\" href=\"http:\/\/www.almg.gov.br\/educacao\/parlamento_jovem\/2017\/index.html\" target=\"_blank\" data-saferedirecturl=\"https:\/\/www.google.com\/url?hl=pt-BR&amp;q=http:\/\/www.almg.gov.br\/educacao\/parlamento_jovem\/2017\/index.html&amp;source=gmail&amp;ust=1486569587988000&amp;usg=AFQjCNHGyJJEXYVp6GALVW2DuNnYrKa7sQ\">Parlamento Jovem de Minas<\/a>\u00a0d\u00e1 sequ\u00eancia ao seu calend\u00e1rio de atividades de 2017. Os pr\u00f3ximos passos s\u00e3o o <strong>Curso de Forma\u00e7\u00e3o Introdut\u00f3ria<\/strong>, nesta ter\u00e7a-feira (7\/2\/17), e o <strong>Curso de Forma\u00e7\u00e3o de Coordenadores,<\/strong> de quarta a sexta-feira (8 a 10\/2). Esse <strong>projeto de educa\u00e7\u00e3o para a cidadania<\/strong> \u00e9 desenvolvido pela Assembleia Legislativa de Minas Gerais (ALMG) e pela PUC Minas, em parceria com c\u00e2maras municipais.<\/p>\n<p style=\"text-align: justify;\">Com o objetivo de abordar essa parceria, o primeiro curso ser\u00e1 realizado entre 14 e 18 horas na <a title=\"Ir para Escola do Legislativo\" href=\"http:\/\/www.almg.gov.br\/educacao\/sobre_escola\/index.html\" target=\"_blank\" data-saferedirecturl=\"https:\/\/www.google.com\/url?hl=pt-BR&amp;q=http:\/\/www.almg.gov.br\/educacao\/sobre_escola\/index.html&amp;source=gmail&amp;ust=1486569587988000&amp;usg=AFQjCNGZv6mNTB7Sh6RAUUuKJfCZh9aUTg\">Escola do Legislativo<\/a>\u00a0(ELE) e se destina a representantes das c\u00e2maras municipais.<\/p>\n<p style=\"text-align: justify;\">As etapas de realiza\u00e7\u00e3o do PJ Minas, a sua matriz metodol\u00f3gica e o trabalho em rede ser\u00e3o outros assuntos tratados.<\/p>\n<p style=\"text-align: justify;\"><strong>Coordenadores &#8211;<\/strong> O segundo curso, que come\u00e7ar\u00e1 na quarta-feira (8), ser\u00e1 organizado em quatro blocos na ELE. O hor\u00e1rio ser\u00e1 das 14 \u00e0s 20 horas e o conte\u00fado vai enfocar as diretrizes para a realiza\u00e7\u00e3o do projeto neste ano e a organiza\u00e7\u00e3o dos polos.<\/p>\n<p style=\"text-align: justify;\">No dia seguinte, a primeira parte, das 8h30 \u00e0s 12h30, vai\u00a0abordar a gest\u00e3o do PJ Minas 2017 e apresentar algumas boas pr\u00e1ticas. Das 14 \u00e0s 20 horas, os assuntos trabalhados ser\u00e3o o processo formativo da iniciativa, o tema e os subtemas da edi\u00e7\u00e3o. No \u00faltimo dia de atividades, 10 de fevereiro, das 8h30 \u00e0s 12h30, haver\u00e1 uma din\u00e2mica de discuss\u00e3o, elabora\u00e7\u00e3o e vota\u00e7\u00e3o de propostas.<\/p>\n<p style=\"text-align: justify;\">De acordo com a coordenadora estadual do projeto pela ELE, Fernanda Freitas, esse \u00e9 o \u00fanico encontro presencial com todos os coordenadores do PJ Minas nas c\u00e2maras municipais.<\/p>\n<p style=\"text-align: justify;\">\u201cNorteamos todo o trabalho que ser\u00e1 realizado ao longo do ano. Al\u00e9m disso, vamos construir de forma conjunta o regulamento nos moldes dos eventos institucionais da ALMG e repassar o cronograma\u201d, explica Fernanda.<\/p>\n<p style=\"text-align: justify;\"><big><b><small><big><a href=\"http:\/\/www.almg.gov.br\/acompanhe\/noticias\/arquivos\/2017\/01\/25_parlamento_jovem_cursos_de_formacao.html\" target=\"_blank\" data-saferedirecturl=\"https:\/\/www.google.com\/url?hl=pt-BR&amp;q=http:\/\/www.almg.gov.br\/acompanhe\/noticias\/arquivos\/2017\/01\/25_parlamento_jovem_cursos_de_formacao.html&amp;source=gmail&amp;ust=1486569587988000&amp;usg=AFQjCNGAvfQd-7GHl6MhdjI09dJrGQ8wqA\">Leia mais informa\u00e7\u00f5es no Portal da ALMG <\/a><\/big><\/small><\/b><\/big><\/p>\n","protected":false},"excerpt":{"rendered":"<p>Parlamento Jovem de Minas 2017 inicia atividades de forma\u00e7\u00e3o Curso Introdut\u00f3rio do programa ter\u00e1 in\u00edcio nesta ter\u00e7a-feira (7), na Escola do Legislativo \u00a0O Parlamento Jovem de Minas\u00a0d\u00e1 sequ\u00eancia ao seu calend\u00e1rio de atividades de 2017. Os pr\u00f3ximos passos s\u00e3o o Curso de Forma\u00e7\u00e3o Introdut\u00f3ria, nesta ter\u00e7a-feira (7\/2\/17), e o Curso de Forma\u00e7\u00e3o de Coordenadores, de [&hellip;]<\/p>\n","protected":false},"author":2,"featured_media":0,"comment_status":"open","ping_status":"closed","sticky":false,"template":"","format":"standard","meta":{"rop_custom_images_group":[],"rop_custom_messages_group":[],"rop_publish_now":"initial","rop_publish_now_accounts":[],"rop_publish_now_history":[],"rop_publish_now_status":"pending","footnotes":""},"categories":[42,1,30],"tags":[],"class_list":["bg-stuff"],"_links":{"self":[{"href":"https:\/\/www.minasdosul.com.br\/index.php?rest_route=\/wp\/v2\/posts\/447","targetHints":{"allow":["GET"]}}],"collection":[{"href":"https:\/\/www.minasdosul.com.br\/index.php?rest_route=\/wp\/v2\/posts"}],"about":[{"href":"https:\/\/www.minasdosul.com.br\/index.php?rest_route=\/wp\/v2\/types\/post"}],"author":[{"embeddable":true,"href":"https:\/\/www.minasdosul.com.br\/index.php?rest_route=\/wp\/v2\/users\/2"}],"replies":[{"embeddable":true,"href":"https:\/\/www.minasdosul.com.br\/index.php?rest_route=%2Fwp%2Fv2%2Fcomments&post=447"}],"version-history":[{"count":1,"href":"https:\/\/www.minasdosul.com.br\/index.php?rest_route=\/wp\/v2\/posts\/447\/revisions"}],"predecessor-version":[{"id":449,"href":"https:\/\/www.minasdosul.com.br\/index.php?rest_route=\/wp\/v2\/posts\/447\/revisions\/449"}],"wp:attachment":[{"href":"https:\/\/www.minasdosul.com.br\/index.php?rest_route=%2Fwp%2Fv2%2Fmedia&parent=447"}],"wp:term":[{"taxonomy":"category","embeddable":true,"href":"https:\/\/www.minasdosul.com.br\/index.php?rest_route=%2Fwp%2Fv2%2Fcategories&post=447"},{"taxonomy":"post_tag","embeddable":true,"href":"https:\/\/www.minasdosul.com.br\/index.php?rest_route=%2Fwp%2Fv2%2Ftags&post=447"}],"curies":[{"name":"wp","href":"https:\/\/api.w.org\/{rel}","templated":true}]}}