{"id":444,"date":"2017-02-07T15:12:57","date_gmt":"2017-02-07T17:12:57","guid":{"rendered":"http:\/\/www.minasdosul.com.br\/?p=444"},"modified":"2017-02-07T15:12:57","modified_gmt":"2017-02-07T17:12:57","slug":"quinta-da-boa-musica-tributo-aos-anos-80","status":"publish","type":"post","link":"https:\/\/www.minasdosul.com.br\/?p=444","title":{"rendered":"Quinta da Boa M\u00fasica: Tributo aos anos 80"},"content":{"rendered":"<p style=\"text-align: center;\"><strong>Tributo aos anos 80 \u00e9 a atra\u00e7\u00e3o da semana no Quinta da Boa M\u00fasica<\/strong><\/p>\n<p style=\"text-align: center;\"><strong>\u00a0<\/strong><em>No repert\u00f3rio o melhor do Rock nacional e internacional dos anos 80<\/em><\/p>\n<p style=\"text-align: justify;\"><a href=\"http:\/\/www.minasdosul.com.br\/wp-content\/uploads\/2017\/02\/tributo-anos-80-fev-2017-jpeg-1.jpg\"><img loading=\"lazy\" decoding=\"async\" class=\"alignleft size-medium wp-image-445\" src=\"http:\/\/www.minasdosul.com.br\/wp-content\/uploads\/2017\/02\/tributo-anos-80-fev-2017-jpeg-1-300x125.jpg\" alt=\"tributo anos 80 fev 2017 (jpeg 1)\" width=\"300\" height=\"125\" srcset=\"https:\/\/www.minasdosul.com.br\/wp-content\/uploads\/2017\/02\/tributo-anos-80-fev-2017-jpeg-1-300x125.jpg 300w, https:\/\/www.minasdosul.com.br\/wp-content\/uploads\/2017\/02\/tributo-anos-80-fev-2017-jpeg-1-768x319.jpg 768w, https:\/\/www.minasdosul.com.br\/wp-content\/uploads\/2017\/02\/tributo-anos-80-fev-2017-jpeg-1-1024x426.jpg 1024w\" sizes=\"auto, (max-width: 300px) 100vw, 300px\" \/><\/a>\u00a0A Funda\u00e7\u00e3o Cultural de Varginha confirma a 254\u00aa edi\u00e7\u00e3o do Projeto Quinta da Boa M\u00fasica, no dia 09\/02\/17, \u00e0s 20h, na plataforma de embarque da antiga Esta\u00e7\u00e3o Ferrovi\u00e1ria de Varginha, apresentando a banda \u201cTributo aos anos 80\u201d, com nova forma\u00e7\u00e3o, com um selecionado repert\u00f3rio incluindo as bandas nacionais e internacionais que marcaram a d\u00e9cada de 80.<\/p>\n<p style=\"text-align: justify;\">O Projeto Quinta da Boa M\u00fasica que completar\u00e1 oito anos de cria\u00e7\u00e3o em agosto deste ano, voltou a ser semanal e pela primeira vez realiza edi\u00e7\u00f5es especiais de f\u00e9rias, uma vez que o recesso de ver\u00e3o sempre estendia at\u00e9 o Carnaval. O Projeto foi criado com a finalidade \u00fanica de incentivar, apoiar e valorizar a produ\u00e7\u00e3o musical na cidade. Atrav\u00e9s da parceria com m\u00fasicos e bandas que espontaneamente participam do projeto promove-se junto ao p\u00fablico de todas as idades e sem distin\u00e7\u00e3o qualquer, a oportunidade de laser, de entretenimento cultural, proporcionando ainda o acesso livre e gratuito aos bens culturais da cidade.<\/p>\n<p style=\"text-align: justify;\">No repert\u00f3rio da banda \u201cTributo aos anos 80\u201d o melhor do rock nacional e internacional com as conhecidas bandas Bar\u00e3o Vermelho, Legi\u00e3o Urbana, Paralamas do Sucesso,\u00a0RPM, Ultraje a Rigor, Ira, Tit\u00e3s, Capital Inicial, Lulu Santos, Engenheiros do Hawai, Nenhum de N\u00f3s, Lob\u00e3o,\u00a0Leo Jaime,\u00a0Blitz e outros. J\u00e1 dos internacionais as bandas Bon Jovi, U2, The Police, Europe, Whitesnake, Van Hallen, Rolling Stones, Creedence, Pink Floyd,\u00a0Ramones,\u00a0Eagles,\u00a0Supertramp, Peter Frampton,\u00a0Jimmy Hendrix, The Purple entre outros.<\/p>\n<p style=\"text-align: justify;\">Na forma\u00e7\u00e3o da banda os experientes m\u00fasicos Alessandro Rato na guitarra e vocal, Ronaldo S\u00e9rio no teclado e guitarra, Andr\u00e9 Ciacci no baixo e Andr\u00e9 Cazelato na bateria.<\/p>\n<p style=\"text-align: justify;\">O Projeto \u201cQBM\u201d \u00e9 uma realiza\u00e7\u00e3o da Prefeitura de Varginha por meio da Funda\u00e7\u00e3o Cultural e conta com o apoio da Tribos SA, Espa\u00e7o Livre, Policia Militar, Guarda Civil Municipal e de toda imprensa da regi\u00e3o.<\/p>\n<p style=\"text-align: justify;\">As bandas interessadas em participar do projeto dever\u00e3o, inicialmente, solicitar o cadastramento no SISTEMA MUNICIPAL DE CULTURA, pessoalmente ou por e-mail, de segunda a sexta, no hor\u00e1rio comercial na sede administrativa da Funda\u00e7\u00e3o Cultural na antiga Esta\u00e7\u00e3o Ferrovi\u00e1ria de Varginha, na Pra\u00e7a Matheus Tavares, 121, centro, telefone (35) 3690 2700.<\/p>\n<p style=\"text-align: justify;\">Mais informa\u00e7\u00f5es na Coordenadoria de Eventos com o Produtor Rosildo Beltr\u00e3o pelo telefone (35) 3690 2708, ou pelo e-mail: <a href=\"mailto:eventos@fundacaoculturaldevarginha.com.br\">eventos@fundacaoculturaldevarginha.com.br<\/a><\/p>\n<p style=\"text-align: justify;\">Mais detalhes: <a href=\"http:\/\/www.varginhacultural.com.br\" data-saferedirecturl=\"https:\/\/www.google.com\/url?hl=pt-BR&amp;q=http:\/\/www.varginhacultural.com.br&amp;source=gmail&amp;ust=1486569587247000&amp;usg=AFQjCNFiBQpmBcvx6dWsNsPrQcE6tn_kiQ\">www.varginhacultural.com.br<\/a> &#8211;\u00a0<a href=\"https:\/\/www.facebook.com\/QuintaDaBoaMusicaEmVarginha\" data-saferedirecturl=\"https:\/\/www.google.com\/url?hl=pt-BR&amp;q=https:\/\/www.facebook.com\/QuintaDaBoaMusicaEmVarginha&amp;source=gmail&amp;ust=1486569587248000&amp;usg=AFQjCNEfjQrIAIqNZl7F3kxeGdOGaxF2DA\">https:\/\/www.facebook.com\/QuintaDaBoaMusicaEmVarginha<\/a><\/p>\n","protected":false},"excerpt":{"rendered":"<p>Tributo aos anos 80 \u00e9 a atra\u00e7\u00e3o da semana no Quinta da Boa M\u00fasica \u00a0No repert\u00f3rio o melhor do Rock nacional e internacional dos anos 80 \u00a0A Funda\u00e7\u00e3o Cultural de Varginha confirma a 254\u00aa edi\u00e7\u00e3o do Projeto Quinta da Boa M\u00fasica, no dia 09\/02\/17, \u00e0s 20h, na plataforma de embarque da antiga Esta\u00e7\u00e3o Ferrovi\u00e1ria de [&hellip;]<\/p>\n","protected":false},"author":2,"featured_media":0,"comment_status":"open","ping_status":"closed","sticky":false,"template":"","format":"standard","meta":{"rop_custom_images_group":[],"rop_custom_messages_group":[],"rop_publish_now":"initial","rop_publish_now_accounts":[],"rop_publish_now_history":[],"rop_publish_now_status":"pending","footnotes":""},"categories":[42,1,43],"tags":[],"class_list":["bg-stuff"],"_links":{"self":[{"href":"https:\/\/www.minasdosul.com.br\/index.php?rest_route=\/wp\/v2\/posts\/444","targetHints":{"allow":["GET"]}}],"collection":[{"href":"https:\/\/www.minasdosul.com.br\/index.php?rest_route=\/wp\/v2\/posts"}],"about":[{"href":"https:\/\/www.minasdosul.com.br\/index.php?rest_route=\/wp\/v2\/types\/post"}],"author":[{"embeddable":true,"href":"https:\/\/www.minasdosul.com.br\/index.php?rest_route=\/wp\/v2\/users\/2"}],"replies":[{"embeddable":true,"href":"https:\/\/www.minasdosul.com.br\/index.php?rest_route=%2Fwp%2Fv2%2Fcomments&post=444"}],"version-history":[{"count":1,"href":"https:\/\/www.minasdosul.com.br\/index.php?rest_route=\/wp\/v2\/posts\/444\/revisions"}],"predecessor-version":[{"id":446,"href":"https:\/\/www.minasdosul.com.br\/index.php?rest_route=\/wp\/v2\/posts\/444\/revisions\/446"}],"wp:attachment":[{"href":"https:\/\/www.minasdosul.com.br\/index.php?rest_route=%2Fwp%2Fv2%2Fmedia&parent=444"}],"wp:term":[{"taxonomy":"category","embeddable":true,"href":"https:\/\/www.minasdosul.com.br\/index.php?rest_route=%2Fwp%2Fv2%2Fcategories&post=444"},{"taxonomy":"post_tag","embeddable":true,"href":"https:\/\/www.minasdosul.com.br\/index.php?rest_route=%2Fwp%2Fv2%2Ftags&post=444"}],"curies":[{"name":"wp","href":"https:\/\/api.w.org\/{rel}","templated":true}]}}