{"id":441,"date":"2017-02-07T15:03:06","date_gmt":"2017-02-07T17:03:06","guid":{"rendered":"http:\/\/www.minasdosul.com.br\/?p=441"},"modified":"2017-02-07T15:03:43","modified_gmt":"2017-02-07T17:03:43","slug":"neste-sabado-renato-teixeira-em-varginha","status":"publish","type":"post","link":"https:\/\/www.minasdosul.com.br\/?p=441","title":{"rendered":"Neste s\u00e1bado: Renato Teixeira em Varginha"},"content":{"rendered":"<p style=\"text-align: justify;\"><a href=\"http:\/\/www.minasdosul.com.br\/wp-content\/uploads\/2017\/02\/RENATO-TEIXEIRA.jpg\"><img loading=\"lazy\" decoding=\"async\" class=\"alignleft size-medium wp-image-442\" src=\"http:\/\/www.minasdosul.com.br\/wp-content\/uploads\/2017\/02\/RENATO-TEIXEIRA-300x169.jpg\" alt=\"RENATO TEIXEIRA\" width=\"300\" height=\"169\" srcset=\"https:\/\/www.minasdosul.com.br\/wp-content\/uploads\/2017\/02\/RENATO-TEIXEIRA-300x169.jpg 300w, https:\/\/www.minasdosul.com.br\/wp-content\/uploads\/2017\/02\/RENATO-TEIXEIRA-768x432.jpg 768w, https:\/\/www.minasdosul.com.br\/wp-content\/uploads\/2017\/02\/RENATO-TEIXEIRA-1024x576.jpg 1024w, https:\/\/www.minasdosul.com.br\/wp-content\/uploads\/2017\/02\/RENATO-TEIXEIRA.jpg 1280w\" sizes=\"auto, (max-width: 300px) 100vw, 300px\" \/><\/a>\u00a0O m\u00fasico e compositor se apresenta neste s\u00e1bado, dia 11 de fevereiro de 2017, no Theatro Municipal Capit\u00f3lio, dentro do Projeto Na Rota da Boa M\u00fasica. Renato Teixeira vai interpretar sucessos de sua carreira como Romaria, Frete, Tocando em Frente, Amanheceu, entre outros. \u00c0s 21h00, no Theatro Municipal Capit\u00f3lio.<\/p>\n<p style=\"text-align: justify;\">O Projeto na rota da Boa M\u00fasica trouxe Jo\u00e3o Bosco no final do ano passado, com o Theatro Capit\u00f3lio lotado. Se for necess\u00e1rio, no show de Renato Teixeira ser\u00e3o disponibilizadas cadeiras no terceiro andar, como ocorreu no show de Jo\u00e3o Bosco.<\/p>\n<p style=\"text-align: justify;\"><strong>Ingressos a<\/strong> R$ 50,00 (inteira) \/ R$ 25,00 (meia entrada), na Pr\u00e9-Fest@ Ingressos \u2013 Rua Dona Zica, 46 \u2013 Vila Pinto. Telefone: (35) 3015.1211.<br \/>\n<strong>Venda de ingressos<\/strong><span class=\"m_-2874865167193569406gmail-apple-converted-space\"><b>\u00a0<\/b><\/span><em><b>on line<\/b><\/em>:<span class=\"m_-2874865167193569406gmail-apple-converted-space\">\u00a0<\/span><a href=\"http:\/\/www.centraldoseventos.com.br\/\" target=\"_blank\" data-saferedirecturl=\"https:\/\/www.google.com\/url?hl=pt-BR&amp;q=http:\/\/www.centraldoseventos.com.br\/&amp;source=gmail&amp;ust=1486569587216000&amp;usg=AFQjCNHCls6zlHpD1X8liYZ6dAhFpCh9_g\">www.centraldoseventos.<wbr \/>com.br<\/a><span class=\"m_-2874865167193569406gmail-apple-converted-space\">\u00a0<\/span>(ser\u00e1 acrescida taxa de conveni\u00eancia da operadora de ingressos, caso a compra seja feita pelo site)<br \/>\n<strong>Informa\u00e7\u00f5es via WhatsApp<\/strong>: (35) 98403.4989 (produ\u00e7\u00e3o) \/ (35) 99918.2222 (Pr\u00e9-Fest@ Ingressos)<br \/>\n<strong>Classifica\u00e7\u00e3o Et\u00e1ria<\/strong>: Livre<br \/>\n<strong>Doa\u00e7\u00e3o de livros infanto-juvenis<\/strong>: Convidamos o espectador a doar um livro, que deve ser entregue na entrada do Theatro Capit\u00f3lio, no(s) dia(s) do(s) show(s). Ao final do projeto estes livros ser\u00e3o catalogados e entregues a uma biblioteca p\u00fablica da regi\u00e3o do Sul de Minas.<\/p>\n<p style=\"text-align: justify;\"><strong>O projeto &#8211; <\/strong>O show \u00e9 uma realiza\u00e7\u00e3o da empreendedora varginhense Claudia Guimar\u00e3es, por meio da Lei Estadual de Incentivo \u00e0 Cultura de Minas Gerais, produ\u00e7\u00e3o da Plural Cultura e Entretenimento de BH, patroc\u00ednio da Claro, parcerias de m\u00eddia Woutdoor e R\u00e1dio Itatiaia Sul de Minas.<\/p>\n<p style=\"text-align: justify;\"><strong>O artista &#8211; <\/strong>Renato Teixeira nasceu em Santos no dia 20 de maio de 1945. Passou a inf\u00e2ncia em Ubatuba e a adolesc\u00eancia no interior do Estado.<\/p>\n<p style=\"text-align: justify;\">Mudou-se para Taubat\u00e9, onde ele e a fam\u00edlia levavam uma vida melhor. O interesse pela m\u00fasica j\u00e1 era familiar. Seu av\u00f4, por exemplo, tocava bombardino em uma banda. No final dos anos sessenta mudou-se para S\u00e3o Paulo. Por sorte ou destino, pessoas influentes conheceram suas m\u00fasicas e logo as portas se abriram.<\/p>\n<p style=\"text-align: justify;\">Participou do Festival da Record de 1967 com a m\u00fasica \u201cDad\u00e1 Maria\u201d, que foi defendida por Gal Costa e por S\u00edlvio C\u00e9sar. Tamb\u00e9m foi sua primeira grava\u00e7\u00e3o, j\u00e1 que Renato Teixeira gravou a respectiva m\u00fasica juntamente com Gal no disco do evento. Na edi\u00e7\u00e3o seguinte, Roberto Carlos foi o int\u00e9rprete de \u201cMadrasta\u201d tamb\u00e9m da autoria de Renato.<\/p>\n<p style=\"text-align: justify;\">Na virada dos anos sessenta para os setenta a m\u00fasica silenciou. Renato ent\u00e3o passou a fazer jingles publicit\u00e1rios para sobreviver. Criou jingles de bastante sucesso como o do Ortop\u00e9, do Rodabaleiro e do Drops Kids Hortel\u00e3. Participou efetivamente da Cole\u00e7\u00e3o M\u00fasica Popular Centro Oeste\/Sudeste de Marcos Pereira, onde gravou algumas can\u00e7\u00f5es, entre elas \u201cMoreninha Se Eu Te Pedisse\u201d.<\/p>\n<p style=\"text-align: justify;\">Com os lucros publicit\u00e1rios, criou o Grupo \u00c1gua em parceria com S\u00e9rgio Mineiro. Foi com esse grupo que conseguiu assimilar o esp\u00edrito da cultura caipira e projet\u00e1-la de uma forma contempor\u00e2nea para todo o Brasil. Tocaram com Elis Regina e foi um grande sucesso.<\/p>\n<p style=\"text-align: justify;\">Teixeira fez parceria com Almir Sater, com quem comp\u00f4s v\u00e1rias m\u00fasicas de sucesso. Outra parceria que foi importante para a carreira do artista foi a dupla Pena Branca e Xavantinho. Juntos gravaram o disco \u201cAo Vivo em Tatu\u00ed\u201d, que se transformou num marco no g\u00eanero.<\/p>\n<p style=\"text-align: justify;\">Renato toca sua carreira pessoal com uma agenda requisitada e cheia de shows. Al\u00e9m do seu trabalho solo, faz parte do projeto \u201cAmizade Sincera\u201d com seu querido amigo S\u00e9rgio Reis. O DVD j\u00e1 ganhou disco de ouro e a agenda de shows da dupla se mant\u00e9m cheia.<\/p>\n<p style=\"text-align: justify;\">Atualmente se dedica \u00e0 turn\u00ea do projeto \u201cTocando em Frente\u201d, que une Renato com seus amigos Almir Sater e S\u00e9rgio Reis no mesmo palco. Tamb\u00e9m se prepara para lan\u00e7ar um segundo \u00e1lbum com Almir Sater, repetindo a parceria que rendeu o pr\u00eamio por Melhor \u00c1lbum de M\u00fasica de Ra\u00edzes Brasileiras na 17\u00aa edi\u00e7\u00e3o do Grammy Latino ao \u201cAR\u201d, primeiro disco deles. Al\u00e9m do cobi\u00e7ado gramofone, tamb\u00e9m ganharam o Pr\u00eamio da M\u00fasica Brasileira na categoria Dupla Regional em 2016.<\/p>\n<p style=\"text-align: justify;\">Na estrada h\u00e1 anos, seu projeto de vida \u00e9 dar continuidade ao sonho de divulgar e difundir o esp\u00edrito do caipirismo valeparaibano. N\u00e3o pela repeti\u00e7\u00e3o das velhas formas e sim pelo potencial que esse universo cultural oferece, para que a m\u00fasica brasileira siga avan\u00e7ando em dire\u00e7\u00e3o ao futuro. Coerente com a evolu\u00e7\u00e3o, naturalmente moderna.<\/p>\n","protected":false},"excerpt":{"rendered":"<p>\u00a0O m\u00fasico e compositor se apresenta neste s\u00e1bado, dia 11 de fevereiro de 2017, no Theatro Municipal Capit\u00f3lio, dentro do Projeto Na Rota da Boa M\u00fasica. Renato Teixeira vai interpretar sucessos de sua carreira como Romaria, Frete, Tocando em Frente, Amanheceu, entre outros. \u00c0s 21h00, no Theatro Municipal Capit\u00f3lio. O Projeto na rota da Boa [&hellip;]<\/p>\n","protected":false},"author":2,"featured_media":0,"comment_status":"open","ping_status":"closed","sticky":false,"template":"","format":"standard","meta":{"rop_custom_images_group":[],"rop_custom_messages_group":[],"rop_publish_now":"initial","rop_publish_now_accounts":[],"rop_publish_now_history":[],"rop_publish_now_status":"pending","footnotes":""},"categories":[42,1,43],"tags":[],"class_list":["bg-stuff"],"_links":{"self":[{"href":"https:\/\/www.minasdosul.com.br\/index.php?rest_route=\/wp\/v2\/posts\/441","targetHints":{"allow":["GET"]}}],"collection":[{"href":"https:\/\/www.minasdosul.com.br\/index.php?rest_route=\/wp\/v2\/posts"}],"about":[{"href":"https:\/\/www.minasdosul.com.br\/index.php?rest_route=\/wp\/v2\/types\/post"}],"author":[{"embeddable":true,"href":"https:\/\/www.minasdosul.com.br\/index.php?rest_route=\/wp\/v2\/users\/2"}],"replies":[{"embeddable":true,"href":"https:\/\/www.minasdosul.com.br\/index.php?rest_route=%2Fwp%2Fv2%2Fcomments&post=441"}],"version-history":[{"count":1,"href":"https:\/\/www.minasdosul.com.br\/index.php?rest_route=\/wp\/v2\/posts\/441\/revisions"}],"predecessor-version":[{"id":443,"href":"https:\/\/www.minasdosul.com.br\/index.php?rest_route=\/wp\/v2\/posts\/441\/revisions\/443"}],"wp:attachment":[{"href":"https:\/\/www.minasdosul.com.br\/index.php?rest_route=%2Fwp%2Fv2%2Fmedia&parent=441"}],"wp:term":[{"taxonomy":"category","embeddable":true,"href":"https:\/\/www.minasdosul.com.br\/index.php?rest_route=%2Fwp%2Fv2%2Fcategories&post=441"},{"taxonomy":"post_tag","embeddable":true,"href":"https:\/\/www.minasdosul.com.br\/index.php?rest_route=%2Fwp%2Fv2%2Ftags&post=441"}],"curies":[{"name":"wp","href":"https:\/\/api.w.org\/{rel}","templated":true}]}}