{"id":437,"date":"2017-02-07T14:47:14","date_gmt":"2017-02-07T16:47:14","guid":{"rendered":"http:\/\/www.minasdosul.com.br\/?p=437"},"modified":"2017-02-07T14:49:09","modified_gmt":"2017-02-07T16:49:09","slug":"unifal-concluintes-de-16-cursos-colam-grau-na-sede-da-universidade","status":"publish","type":"post","link":"https:\/\/www.minasdosul.com.br\/?p=437","title":{"rendered":"UNIFAL &#8211; Concluintes de 16 cursos colam grau"},"content":{"rendered":"<h4 id=\"m_-889670055195378645page-title\" class=\"m_-889670055195378645title\" style=\"text-align: center;\">Concluintes de 16 cursos colam grau na sede da Universidade<\/h4>\n<div>\n<div class=\"m_-889670055195378645field m_-889670055195378645field-name-field-subtitulo m_-889670055195378645field-type-text m_-889670055195378645field-label-hidden\">\n<div class=\"m_-889670055195378645field-items\">\n<div class=\"m_-889670055195378645field-item m_-889670055195378645even\" style=\"text-align: center;\">Confira fotos das cerim\u00f4nias realizadas entre dezembro e janeiro<\/div>\n<\/div>\n<\/div>\n<div class=\"m_-889670055195378645field m_-889670055195378645field-name-body m_-889670055195378645field-type-text-with-summary m_-889670055195378645field-label-hidden\">\n<div class=\"m_-889670055195378645field-items\">\n<div class=\"m_-889670055195378645field-item m_-889670055195378645even\">\n<p class=\"m_-889670055195378645rtecenter\"><a href=\"http:\/\/www.unifal-mg.edu.br\/comunicacao\/sites\/default\/files\/images\/20173101111934.jpg\" target=\"_blank\" data-saferedirecturl=\"https:\/\/www.google.com\/url?hl=pt-BR&amp;q=http:\/\/www.unifal-mg.edu.br\/comunicacao\/sites\/default\/files\/images\/20173101111934.jpg&amp;source=gmail&amp;ust=1486569587202000&amp;usg=AFQjCNHCzIecCfqL42PXaxMcx1AKe4zJVg\"><img decoding=\"async\" class=\"CToWUd aligncenter\" src=\"https:\/\/ci5.googleusercontent.com\/proxy\/3n9fA8tog7T4HYIicFjGsGRZaYtv6y5L0Mi6cVcAUKaJZrb5dsRMJ6EY7mEfHgqHUzX5-PzS7TPf3npj5SMCAYZ8bY4vXI6byr5gycKtkm6SPz9JzaWoA4N7dRnpYb7JBImi9UCQQ3qbv2pFCgSazHxJRbU9WrlayWf8903exr_g_DsBH9e0zaPveO1U=s0-d-e1-ft#http:\/\/www.unifal-mg.edu.br\/comunicacao\/sites\/default\/files\/styles\/large\/public\/images\/20173101111934.jpg?itok=m7z6KB8K\" alt=\"\" \/><\/a><\/p>\n<p class=\"m_-889670055195378645rtejustify\" style=\"text-align: justify;\">Acad\u00eamicos de 16\u00a0cursos da UNIFAL-MG colaram grau em cerim\u00f4nias realizadas nos dias 23\/12\/2016, 12 e 18\/01, sob a organiza\u00e7\u00e3o da equipe de Cerimonial da Institui\u00e7\u00e3o, com o apoio do Departamento de Registros Gerais e Controle Acad\u00eamico (DRGCA).<\/p>\n<p class=\"m_-889670055195378645rtejustify\" style=\"text-align: justify;\">Ao todo, 135\u00a0estudantes\u00a0receberam os certificados de conclus\u00e3o.<\/p>\n<p class=\"m_-889670055195378645rtejustify\" style=\"text-align: justify;\"><a href=\"http:\/\/www.unifal-mg.edu.br\/comunicacao\/sites\/default\/files\/images\/20173101111536.jpg\" target=\"_blank\" data-saferedirecturl=\"https:\/\/www.google.com\/url?hl=pt-BR&amp;q=http:\/\/www.unifal-mg.edu.br\/comunicacao\/sites\/default\/files\/images\/20173101111536.jpg&amp;source=gmail&amp;ust=1486569587202000&amp;usg=AFQjCNHxuKmgNsbQMUHwP41N6TtDtRKimg\"><img decoding=\"async\" class=\"CToWUd aligncenter\" src=\"https:\/\/ci3.googleusercontent.com\/proxy\/WbHAbDM0jb227PNruLIGi-6PTaJAIIdKRAe-XhQAjECvEMhDkzArwDQicMoF0v7S1SBz_rP2x_K2QDtk8dnzy4a4d76AF9dvjgrdQjVE10BQgczrCrqljNmGdbBEOfVjryjTt3va35srP1qkiAHgrm5W2bqVuI7AazneBQDbHpbMHxp6YNM-X1PN6hrE=s0-d-e1-ft#http:\/\/www.unifal-mg.edu.br\/comunicacao\/sites\/default\/files\/styles\/large\/public\/images\/20173101111536.jpg?itok=vmSvrWvJ\" alt=\"\" \/><\/a>Colaram grau turmas dos cursos de:\u00a0Biotecnologia Bacharelado; Biomedicina Bacharelado; Ci\u00eancias Biol\u00f3gicas Bacharelado; Ci\u00eancias Sociais Bacharelado; Ci\u00eancias Sociais Licenciatura;\u00a0Enfermagem Bacharelado; Engenharia Qu\u00edmica Bacharelado; Farm\u00e1cia Bacharelado;\u00a0Fisioterapia Bacharelado;\u00a0Geografia Bacharelado;\u00a0Geografia Licenciatura; Letras Licenciatura;\u00a0Nutri\u00e7\u00e3o Bacharelado; Odontologia Bacharelado; Pedagogia Licenciatura; Qu\u00edmica Licenciatura.<\/p>\n<p class=\"m_-889670055195378645rtejustify\" style=\"text-align: justify;\">As mesas de honra foram compostas pelos seguintes representantes:<\/p>\n<p class=\"m_-889670055195378645rtejustify\" style=\"text-align: justify;\"><strong>Dia 12\/12:<\/strong>\u00a0a vice-reitora, Profa. Magali Benjamin de Ara\u00fajo;\u00a0o coordenador do curso de Biotecnologia Bacharelado, Prof. Nelson Jos\u00e9 Freitas da Silveira; o vice-coordenador do curso de Geografia Bacharelado, Prof. Clibson Alves dos Santos.<\/p>\n<p class=\"m_-889670055195378645rtejustify\" style=\"text-align: justify;\"><strong>Dia 23\/12: <\/strong>o reitor Prof. Paulo M\u00e1rcio de Faria e Silva; o diretor da Faculdade de Odontologia, Prof. Edm\u00ear Silvestre Pereira J\u00fanior;\u00a0a vice-diretora da Faculdade de Ci\u00eancias Farmac\u00eauticas, Profa. C\u00e1ssia Carneiro Avelino.<\/p>\n<p class=\"m_-889670055195378645rtejustify\" style=\"text-align: justify;\"><strong>Dia 12\/01:<\/strong>\u00a0a vice-reitora, Profa. Magali Benjamin de Ara\u00fajo;\u00a0a coordenadora do curso de Odontologia, Profa.\u00a0Daniela\u00a0Coelho de\u00a0Lima; a vice-coordenadora do curso de Enfermagem Bacharelado, Profa. Simone Albino da Silva;\u00a0a vice-coordenadora do curso de Farm\u00e1cia, Profa. M\u00e1rcia Helena Miranda Cardoso\u00a0Podest\u00e1;\u00a0a vice-coordenadora do curso de Letras,\u00a0Ros\u00e2ngela\u00a0Rodrigues Borges.<\/p>\n<p class=\"m_-889670055195378645rtejustify\" style=\"text-align: justify;\"><strong>Dia 18\/01:<\/strong> o reitor, Prof. Paulo M\u00e1rcio de Faria e Silva; o coordenador do curso de Biotecnologia Bacharelado, Prof. Nelson Jos\u00e9 Freitas da Silveira; a vice-diretora da Faculdade de Ci\u00eancias Farmac\u00eauticas, Profa. C\u00e1ssia Carneiro Avelino; a\u00a0coordenadora do curso de Fisioterapia Bacharelado, Profa. Juliana Bassalobre Carvalho Borges.<\/p>\n<p class=\"m_-889670055195378645rtecenter\" style=\"text-align: justify;\"><a href=\"http:\/\/www.unifal-mg.edu.br\/comunicacao\/sites\/default\/files\/images\/20173101111256.jpg\" target=\"_blank\" data-saferedirecturl=\"https:\/\/www.google.com\/url?hl=pt-BR&amp;q=http:\/\/www.unifal-mg.edu.br\/comunicacao\/sites\/default\/files\/images\/20173101111256.jpg&amp;source=gmail&amp;ust=1486569587203000&amp;usg=AFQjCNE3pMdRPMh5x2azBLNC78rCLbw7pg\"><img decoding=\"async\" class=\"CToWUd aligncenter\" src=\"https:\/\/ci4.googleusercontent.com\/proxy\/_ZZa13ccQDWzhalGoZrexiC98FwJYemJVG3pSewEMabGei2ClkHHzTQLx1XGySGNpK0eJImedBML7i8ohWzg9UkinGBTjvxnJ-YueH_DlZPVSYY_nnA1H2nafvqNF7DQ8z9CFg_5dSG-jnDva0Yuv_TWZfXkyc-okjN9hEsHpyj8O2Lb0CnQ93HdgdWS=s0-d-e1-ft#http:\/\/www.unifal-mg.edu.br\/comunicacao\/sites\/default\/files\/styles\/large\/public\/images\/20173101111256.jpg?itok=w8DeeTlQ\" alt=\"\" \/><\/a><\/p>\n<div class=\"m_-889670055195378645rtejustify\" style=\"text-align: justify;\"><em><a href=\"http:\/\/www.unifal-mg.edu.br\/comunicacao\/colacaodegrau12-12-2016\" target=\"_blank\" data-saferedirecturl=\"https:\/\/www.google.com\/url?hl=pt-BR&amp;q=http:\/\/www.unifal-mg.edu.br\/comunicacao\/colacaodegrau12-12-2016&amp;source=gmail&amp;ust=1486569587203000&amp;usg=AFQjCNFbmfa9ggi8w2s-W49X3E3j0BBUvA\">Galeria de imagens- 12\/12\/2016<\/a><\/em><\/div>\n<div class=\"m_-889670055195378645rtejustify\" style=\"text-align: justify;\"><em><a href=\"http:\/\/www.unifal-mg.edu.br\/comunicacao\/colacaodegrau23-12-2016\" target=\"_blank\" data-saferedirecturl=\"https:\/\/www.google.com\/url?hl=pt-BR&amp;q=http:\/\/www.unifal-mg.edu.br\/comunicacao\/colacaodegrau23-12-2016&amp;source=gmail&amp;ust=1486569587203000&amp;usg=AFQjCNEMZopJh0rPTRtEyLQM2YZFmKjOMg\">Galeria de imagens- 23\/12\/2016<\/a><\/em><\/div>\n<div class=\"m_-889670055195378645rtejustify\" style=\"text-align: justify;\"><em><a href=\"http:\/\/www.unifal-mg.edu.br\/comunicacao\/colacaodegrau_12-01-2017\" target=\"_blank\" data-saferedirecturl=\"https:\/\/www.google.com\/url?hl=pt-BR&amp;q=http:\/\/www.unifal-mg.edu.br\/comunicacao\/colacaodegrau_12-01-2017&amp;source=gmail&amp;ust=1486569587203000&amp;usg=AFQjCNHSVjdzSnR18CoROudsnrA2sHsBEw\">Galeria de imagens- 12\/01\/2017<\/a><\/em><\/div>\n<div class=\"m_-889670055195378645rtejustify\" style=\"text-align: justify;\"><em><a href=\"http:\/\/www.unifal-mg.edu.br\/comunicacao\/colacaodegrau_18-01-2017\" target=\"_blank\" data-saferedirecturl=\"https:\/\/www.google.com\/url?hl=pt-BR&amp;q=http:\/\/www.unifal-mg.edu.br\/comunicacao\/colacaodegrau_18-01-2017&amp;source=gmail&amp;ust=1486569587203000&amp;usg=AFQjCNEdfONLOwGzFZuEdnOFv6GMp2ZB6Q\">Galeria de imagens- 18\/01\/2017<\/a><\/em><\/div>\n<h5 class=\"m_-889670055195378645rtejustify\" style=\"text-align: justify;\"><em>Com informa\u00e7\u00f5es: equipe respons\u00e1vel pelo Cerimonial das solenidades<\/em><\/h5>\n<\/div>\n<\/div>\n<\/div>\n<\/div>\n","protected":false},"excerpt":{"rendered":"<p>Concluintes de 16 cursos colam grau na sede da Universidade Confira fotos das cerim\u00f4nias realizadas entre dezembro e janeiro Acad\u00eamicos de 16\u00a0cursos da UNIFAL-MG colaram grau em cerim\u00f4nias realizadas nos dias 23\/12\/2016, 12 e 18\/01, sob a organiza\u00e7\u00e3o da equipe de Cerimonial da Institui\u00e7\u00e3o, com o apoio do Departamento de Registros Gerais e Controle Acad\u00eamico [&hellip;]<\/p>\n","protected":false},"author":2,"featured_media":0,"comment_status":"open","ping_status":"closed","sticky":false,"template":"","format":"standard","meta":{"rop_custom_images_group":[],"rop_custom_messages_group":[],"rop_publish_now":"initial","rop_publish_now_accounts":[],"rop_publish_now_history":[],"rop_publish_now_status":"pending","footnotes":""},"categories":[47,42,1,43],"tags":[],"class_list":["bg-stuff"],"_links":{"self":[{"href":"https:\/\/www.minasdosul.com.br\/index.php?rest_route=\/wp\/v2\/posts\/437","targetHints":{"allow":["GET"]}}],"collection":[{"href":"https:\/\/www.minasdosul.com.br\/index.php?rest_route=\/wp\/v2\/posts"}],"about":[{"href":"https:\/\/www.minasdosul.com.br\/index.php?rest_route=\/wp\/v2\/types\/post"}],"author":[{"embeddable":true,"href":"https:\/\/www.minasdosul.com.br\/index.php?rest_route=\/wp\/v2\/users\/2"}],"replies":[{"embeddable":true,"href":"https:\/\/www.minasdosul.com.br\/index.php?rest_route=%2Fwp%2Fv2%2Fcomments&post=437"}],"version-history":[{"count":3,"href":"https:\/\/www.minasdosul.com.br\/index.php?rest_route=\/wp\/v2\/posts\/437\/revisions"}],"predecessor-version":[{"id":440,"href":"https:\/\/www.minasdosul.com.br\/index.php?rest_route=\/wp\/v2\/posts\/437\/revisions\/440"}],"wp:attachment":[{"href":"https:\/\/www.minasdosul.com.br\/index.php?rest_route=%2Fwp%2Fv2%2Fmedia&parent=437"}],"wp:term":[{"taxonomy":"category","embeddable":true,"href":"https:\/\/www.minasdosul.com.br\/index.php?rest_route=%2Fwp%2Fv2%2Fcategories&post=437"},{"taxonomy":"post_tag","embeddable":true,"href":"https:\/\/www.minasdosul.com.br\/index.php?rest_route=%2Fwp%2Fv2%2Ftags&post=437"}],"curies":[{"name":"wp","href":"https:\/\/api.w.org\/{rel}","templated":true}]}}