{"id":431,"date":"2017-02-07T14:32:57","date_gmt":"2017-02-07T16:32:57","guid":{"rendered":"http:\/\/www.minasdosul.com.br\/?p=431"},"modified":"2017-02-07T14:32:57","modified_gmt":"2017-02-07T16:32:57","slug":"parlamento-jovem-retorna-as-aulas","status":"publish","type":"post","link":"https:\/\/www.minasdosul.com.br\/?p=431","title":{"rendered":"Parlamento Jovem retorna \u00e0s aulas"},"content":{"rendered":"<p style=\"text-align: center;\"><strong>Parlamento Jovem retorna \u00e0s aulas na Escola do Legislativo da C\u00e2mara de Varginha<\/strong><\/p>\n<p style=\"text-align: center;\"><em>Inscri\u00e7\u00f5es j\u00e1 est\u00e3o abertas para os interessados em participar do projeto<\/em><\/p>\n<p style=\"text-align: justify;\">\u00a0<a href=\"http:\/\/www.minasdosul.com.br\/wp-content\/uploads\/2017\/02\/parlamento_jovem_inscri\u00e7oes.png\"><img loading=\"lazy\" decoding=\"async\" class=\"alignleft size-medium wp-image-432\" src=\"http:\/\/www.minasdosul.com.br\/wp-content\/uploads\/2017\/02\/parlamento_jovem_inscri\u00e7oes-300x300.png\" alt=\"parlamento_jovem_inscri\u00e7oes\" width=\"300\" height=\"300\" srcset=\"https:\/\/www.minasdosul.com.br\/wp-content\/uploads\/2017\/02\/parlamento_jovem_inscri\u00e7oes-300x300.png 300w, https:\/\/www.minasdosul.com.br\/wp-content\/uploads\/2017\/02\/parlamento_jovem_inscri\u00e7oes-150x150.png 150w, https:\/\/www.minasdosul.com.br\/wp-content\/uploads\/2017\/02\/parlamento_jovem_inscri\u00e7oes-768x768.png 768w, https:\/\/www.minasdosul.com.br\/wp-content\/uploads\/2017\/02\/parlamento_jovem_inscri\u00e7oes-400x400.png 400w, https:\/\/www.minasdosul.com.br\/wp-content\/uploads\/2017\/02\/parlamento_jovem_inscri\u00e7oes-500x500.png 500w, https:\/\/www.minasdosul.com.br\/wp-content\/uploads\/2017\/02\/parlamento_jovem_inscri\u00e7oes.png 800w\" sizes=\"auto, (max-width: 300px) 100vw, 300px\" \/><\/a> A partir desta ter\u00e7a-feira (7\/02\/2017), \u00e0s 18h00, a C\u00e2mara Municipal de Varginha ser\u00e1 o local de estudos dos participantes da 14\u00aa Edi\u00e7\u00e3o do Parlamento Jovem de Minas. Nesta data, ser\u00e1 realizada a aula inaugural que dar\u00e1 in\u00edcio a este projeto criado em 2004 pela Assembleia Legislativa de Minas Gerais (ALMG) e que vai para o seu segundo ano na Escola do Legislativo da C\u00e2mara de Municipal de Varginha. Um dos principais objetivos deste programa \u00e9 dar aos jovens do ensino m\u00e9dio e superior a oportunidade de conhecer melhor a pol\u00edtica, seus fundamentos e aplica\u00e7\u00f5es. Na pr\u00e1tica, funciona como um espa\u00e7o de aprendizado e discuss\u00f5es sobre o qu\u00ea pode ser feito para melhorar a vida nos Munic\u00edpios, Estados e Pa\u00eds.<\/p>\n<p style=\"text-align: justify;\">Neste ano de 2017, os membros do Parlamento Jovem de 2016 de Varginha continuar\u00e3o a participar das aulas para aprimorar seus conhecimentos sobre o funcionamento da pol\u00edtica em todas as suas esferas.<\/p>\n<p style=\"text-align: justify;\">O tema de discuss\u00e3o para este ano ser\u00e1 \u201cA Educa\u00e7\u00e3o Pol\u00edtica nas Escolas\u201d e os respectivos subtemas ser\u00e3o: \u201cEduca\u00e7\u00e3o pol\u00edtica e curr\u00edculo, Intera\u00e7\u00f5es entre escola e sociedade na forma\u00e7\u00e3o pol\u00edtica dos jovens e Educa\u00e7\u00e3o pol\u00edtica para uma gest\u00e3o democr\u00e1tica e participativa nas escolas\u201d.<\/p>\n<p style=\"text-align: justify;\"><strong>INSCRI\u00c7\u00d5ES J\u00c1 EST\u00c3O ABERTAS<\/strong><\/p>\n<p style=\"text-align: justify;\">E mesmo com a turma passada j\u00e1 voltando \u00e0s aulas, as inscri\u00e7\u00f5es ainda est\u00e3o abertas para os estudantes do ensino m\u00e9dio que estiverem interessados em se inscrever e participar deste curso de forma\u00e7\u00e3o c\u00edvico-pol\u00edtica em 2017, com oficinas realizadas semanalmente \u00e0s ter\u00e7as-feiras das 18h \u00e0s 19h30, na C\u00e2mara Municipal.<\/p>\n<p style=\"text-align: justify;\">Eles podem se inscrever at\u00e9 o dia 7 de mar\u00e7o, na C\u00e2mara de Varginha, que fica na Pra\u00e7a Governador Benedito Valadares, 11 \u2013 Centro. O hor\u00e1rio de atendimento \u00e9 das 08h \u00e0s 11h e das 13h \u00e0s 18h. Mais informa\u00e7\u00f5es pelo email: <a href=\"mailto:escola.camaravarginha@gmail.com\">escola.camaravarginha@gmail.com<\/a>.<\/p>\n","protected":false},"excerpt":{"rendered":"<p>Parlamento Jovem retorna \u00e0s aulas na Escola do Legislativo da C\u00e2mara de Varginha Inscri\u00e7\u00f5es j\u00e1 est\u00e3o abertas para os interessados em participar do projeto \u00a0 A partir desta ter\u00e7a-feira (7\/02\/2017), \u00e0s 18h00, a C\u00e2mara Municipal de Varginha ser\u00e1 o local de estudos dos participantes da 14\u00aa Edi\u00e7\u00e3o do Parlamento Jovem de Minas. Nesta data, ser\u00e1 [&hellip;]<\/p>\n","protected":false},"author":2,"featured_media":0,"comment_status":"open","ping_status":"closed","sticky":false,"template":"","format":"standard","meta":{"rop_custom_images_group":[],"rop_custom_messages_group":[],"rop_publish_now":"initial","rop_publish_now_accounts":[],"rop_publish_now_history":[],"rop_publish_now_status":"pending","footnotes":""},"categories":[42,30,43],"tags":[],"class_list":["bg-stuff"],"_links":{"self":[{"href":"https:\/\/www.minasdosul.com.br\/index.php?rest_route=\/wp\/v2\/posts\/431","targetHints":{"allow":["GET"]}}],"collection":[{"href":"https:\/\/www.minasdosul.com.br\/index.php?rest_route=\/wp\/v2\/posts"}],"about":[{"href":"https:\/\/www.minasdosul.com.br\/index.php?rest_route=\/wp\/v2\/types\/post"}],"author":[{"embeddable":true,"href":"https:\/\/www.minasdosul.com.br\/index.php?rest_route=\/wp\/v2\/users\/2"}],"replies":[{"embeddable":true,"href":"https:\/\/www.minasdosul.com.br\/index.php?rest_route=%2Fwp%2Fv2%2Fcomments&post=431"}],"version-history":[{"count":1,"href":"https:\/\/www.minasdosul.com.br\/index.php?rest_route=\/wp\/v2\/posts\/431\/revisions"}],"predecessor-version":[{"id":433,"href":"https:\/\/www.minasdosul.com.br\/index.php?rest_route=\/wp\/v2\/posts\/431\/revisions\/433"}],"wp:attachment":[{"href":"https:\/\/www.minasdosul.com.br\/index.php?rest_route=%2Fwp%2Fv2%2Fmedia&parent=431"}],"wp:term":[{"taxonomy":"category","embeddable":true,"href":"https:\/\/www.minasdosul.com.br\/index.php?rest_route=%2Fwp%2Fv2%2Fcategories&post=431"},{"taxonomy":"post_tag","embeddable":true,"href":"https:\/\/www.minasdosul.com.br\/index.php?rest_route=%2Fwp%2Fv2%2Ftags&post=431"}],"curies":[{"name":"wp","href":"https:\/\/api.w.org\/{rel}","templated":true}]}}