{"id":422,"date":"2017-02-07T14:19:18","date_gmt":"2017-02-07T16:19:18","guid":{"rendered":"http:\/\/www.minasdosul.com.br\/?p=422"},"modified":"2017-02-07T14:26:39","modified_gmt":"2017-02-07T16:26:39","slug":"governo-do-estado-parabeniza-camara-de-varginha-pela-criacao-da-frente-parlamentar-de-igualdade-racial","status":"publish","type":"post","link":"https:\/\/www.minasdosul.com.br\/?p=422","title":{"rendered":"Governo do Estado parabeniza C\u00e2mara de Varginha"},"content":{"rendered":"<h3 style=\"text-align: center;\"><strong>Governo do Estado parabeniza C\u00e2mara de Varginha pela cria\u00e7\u00e3o da Frente Parlamentar de Igualdade Racial<\/strong><\/h3>\n<h5 style=\"text-align: justify;\"><a href=\"http:\/\/www.minasdosul.com.br\/wp-content\/uploads\/2017\/02\/DSC_6129-1.jpg\"><img loading=\"lazy\" decoding=\"async\" class=\"alignleft size-medium wp-image-428\" src=\"http:\/\/www.minasdosul.com.br\/wp-content\/uploads\/2017\/02\/DSC_6129-1-300x201.jpg\" alt=\"DSC_6129\" width=\"300\" height=\"201\" srcset=\"https:\/\/www.minasdosul.com.br\/wp-content\/uploads\/2017\/02\/DSC_6129-1-300x201.jpg 300w, https:\/\/www.minasdosul.com.br\/wp-content\/uploads\/2017\/02\/DSC_6129-1-768x513.jpg 768w, https:\/\/www.minasdosul.com.br\/wp-content\/uploads\/2017\/02\/DSC_6129-1-1024x684.jpg 1024w\" sizes=\"auto, (max-width: 300px) 100vw, 300px\" \/><\/a>\u00a0A C\u00e2mara Municipal de Varginha recebeu um of\u00edcio da Subsecretaria de Estado de Igualdade Racial parabenizando os vereadores pela cria\u00e7\u00e3o da Frente Parlamentar de Igualdade Racial de Varginha.<\/h5>\n<h5 style=\"text-align: justify;\">O projeto de resolu\u00e7\u00e3o mencionado, de autoria da Mesa Diretora, foi aprovado, por unanimidade, nesta segunda-feira (06). Com a aprova\u00e7\u00e3o, fica institu\u00edda a frente como forma de reunir os parlamentares municipais para garantir o combate ao racismo e todas as formas de discrimina\u00e7\u00e3o racial. \u201cA cria\u00e7\u00e3o de \u00f3rg\u00e3os que implementam e\/ou fortale\u00e7am as pol\u00edticas de promo\u00e7\u00e3o da igualdade racial \u00e9 de fundamental import\u00e2ncia para que esta pol\u00edtica ganhe capilaridade e se institucionalize atrav\u00e9s do conjunto de a\u00e7\u00f5es e servi\u00e7os destinados a superar as desigualdades \u00e9tnico-raciais no Brasil\u201d, diz o texto do of\u00edcio, assinado pela Diretora de Rela\u00e7\u00f5es Institucionais da Subsecretaria, Maria Imaculada Marcelino Ferreira.<\/h5>\n<h5 style=\"text-align: justify;\"><a href=\"http:\/\/www.minasdosul.com.br\/wp-content\/uploads\/2017\/02\/2017-Posses-280.jpg\"><img loading=\"lazy\" decoding=\"async\" class=\"alignleft size-medium wp-image-424\" src=\"http:\/\/www.minasdosul.com.br\/wp-content\/uploads\/2017\/02\/2017-Posses-280-300x225.jpg\" alt=\"2017 Posses 280\" width=\"300\" height=\"225\" srcset=\"https:\/\/www.minasdosul.com.br\/wp-content\/uploads\/2017\/02\/2017-Posses-280-300x225.jpg 300w, https:\/\/www.minasdosul.com.br\/wp-content\/uploads\/2017\/02\/2017-Posses-280-768x576.jpg 768w, https:\/\/www.minasdosul.com.br\/wp-content\/uploads\/2017\/02\/2017-Posses-280-1024x768.jpg 1024w, https:\/\/www.minasdosul.com.br\/wp-content\/uploads\/2017\/02\/2017-Posses-280.jpg 1600w\" sizes=\"auto, (max-width: 300px) 100vw, 300px\" \/><\/a>\u00a0De acordo com o presidente da C\u00e2mara de Varginha, vereador Zacarias Piva, tal iniciativa vem somar ao trabalho que j\u00e1 vem sendo realizado em Varginha pelo Conselho Municipal de Promo\u00e7\u00e3o da Igualdade Racial &#8211; Compir. \u201cUm dos respons\u00e1veis por estarmos recebendo esse elogio do Governo do Estado hoje \u00e9 o senhor Oswaldo Marcelino, o Vadinho, que \u00e9 presidente deste Conselho e uma das pessoas que nos procuraram para criar essa Lei. N\u00f3s, vereadores, sempre apoiaremos qualquer a\u00e7\u00e3o que tenha como objetivo o combate ao racismo e a qualquer outro tipo de discrimina\u00e7\u00e3o. Trabalhamos para uma sociedade fraterna, justa e igualit\u00e1ria\u201d, destacou o presidente.<\/h5>\n<h5 style=\"text-align: justify;\">A Frente Parlamentar de Promo\u00e7\u00e3o da Igualdade Racial deve realizar atividades com o objetivo de assegurar a promo\u00e7\u00e3o de igualdade racial, realizar e divulgar estudos t\u00e9cnicos que possam contribuir para a an\u00e1lise da viabilidade de combater o racismo e implantar pol\u00edticas de a\u00e7\u00f5es afirmativas para a popula\u00e7\u00e3o negra, ind\u00edgena e cigana e promover palestras, encontros, f\u00f3runs e semin\u00e1rios que possam aprofundar o debate sobre o tema.<\/h5>\n<h5 style=\"text-align: justify;\">Essa frente ser\u00e1 composta por todos os vereadores que subscreverem o termo de ades\u00e3o e tamb\u00e9m podem participar, na condi\u00e7\u00e3o de membros colaboradores, lideran\u00e7as municipais, t\u00e9cnicos e representantes de entidades p\u00fablicas e privadas, que estejam interessados nos objetivos da Frente.<\/h5>\n","protected":false},"excerpt":{"rendered":"<p>Governo do Estado parabeniza C\u00e2mara de Varginha pela cria\u00e7\u00e3o da Frente Parlamentar de Igualdade Racial \u00a0A C\u00e2mara Municipal de Varginha recebeu um of\u00edcio da Subsecretaria de Estado de Igualdade Racial parabenizando os vereadores pela cria\u00e7\u00e3o da Frente Parlamentar de Igualdade Racial de Varginha. O projeto de resolu\u00e7\u00e3o mencionado, de autoria da Mesa Diretora, foi aprovado, [&hellip;]<\/p>\n","protected":false},"author":2,"featured_media":0,"comment_status":"open","ping_status":"closed","sticky":false,"template":"","format":"standard","meta":{"rop_custom_images_group":[],"rop_custom_messages_group":[],"rop_publish_now":"initial","rop_publish_now_accounts":[],"rop_publish_now_history":[],"rop_publish_now_status":"pending","footnotes":""},"categories":[42,1,30,43],"tags":[],"class_list":["bg-stuff"],"_links":{"self":[{"href":"https:\/\/www.minasdosul.com.br\/index.php?rest_route=\/wp\/v2\/posts\/422","targetHints":{"allow":["GET"]}}],"collection":[{"href":"https:\/\/www.minasdosul.com.br\/index.php?rest_route=\/wp\/v2\/posts"}],"about":[{"href":"https:\/\/www.minasdosul.com.br\/index.php?rest_route=\/wp\/v2\/types\/post"}],"author":[{"embeddable":true,"href":"https:\/\/www.minasdosul.com.br\/index.php?rest_route=\/wp\/v2\/users\/2"}],"replies":[{"embeddable":true,"href":"https:\/\/www.minasdosul.com.br\/index.php?rest_route=%2Fwp%2Fv2%2Fcomments&post=422"}],"version-history":[{"count":5,"href":"https:\/\/www.minasdosul.com.br\/index.php?rest_route=\/wp\/v2\/posts\/422\/revisions"}],"predecessor-version":[{"id":430,"href":"https:\/\/www.minasdosul.com.br\/index.php?rest_route=\/wp\/v2\/posts\/422\/revisions\/430"}],"wp:attachment":[{"href":"https:\/\/www.minasdosul.com.br\/index.php?rest_route=%2Fwp%2Fv2%2Fmedia&parent=422"}],"wp:term":[{"taxonomy":"category","embeddable":true,"href":"https:\/\/www.minasdosul.com.br\/index.php?rest_route=%2Fwp%2Fv2%2Fcategories&post=422"},{"taxonomy":"post_tag","embeddable":true,"href":"https:\/\/www.minasdosul.com.br\/index.php?rest_route=%2Fwp%2Fv2%2Ftags&post=422"}],"curies":[{"name":"wp","href":"https:\/\/api.w.org\/{rel}","templated":true}]}}