{"id":418,"date":"2017-02-04T18:59:49","date_gmt":"2017-02-04T20:59:49","guid":{"rendered":"http:\/\/www.minasdosul.com.br\/?p=418"},"modified":"2017-02-04T18:59:49","modified_gmt":"2017-02-04T20:59:49","slug":"julgamento-sobre-desapropriacao-da-usina-ariadnopolis","status":"publish","type":"post","link":"https:\/\/www.minasdosul.com.br\/?p=418","title":{"rendered":"Julgamento sobre desapropria\u00e7\u00e3o da Usina Ariadn\u00f3polis"},"content":{"rendered":"<div id=\"m_7402114281021667666content_01_body\" class=\"m_7402114281021667666js_trackNews m_7402114281021667666js_newsNormal\">\n<h3 style=\"text-align: center;\"><strong>Vit\u00f3ria em julgamento sobre desapropria\u00e7\u00e3o da Usina Ariadn\u00f3polis<\/strong><\/h3>\n<p><a href=\"http:\/\/www.minasdosul.com.br\/wp-content\/uploads\/2017\/02\/Usina-1.jpg\"><img loading=\"lazy\" decoding=\"async\" class=\"alignleft size-medium wp-image-419\" src=\"http:\/\/www.minasdosul.com.br\/wp-content\/uploads\/2017\/02\/Usina-1-300x225.jpg\" alt=\"Usina 1\" width=\"300\" height=\"225\" srcset=\"https:\/\/www.minasdosul.com.br\/wp-content\/uploads\/2017\/02\/Usina-1-300x225.jpg 300w, https:\/\/www.minasdosul.com.br\/wp-content\/uploads\/2017\/02\/Usina-1.jpg 320w\" sizes=\"auto, (max-width: 300px) 100vw, 300px\" \/><\/a><a href=\"http:\/\/www.minasdosul.com.br\/wp-content\/uploads\/2017\/02\/MST-1.jpg\"><img loading=\"lazy\" decoding=\"async\" class=\"alignleft size-medium wp-image-420\" src=\"http:\/\/www.minasdosul.com.br\/wp-content\/uploads\/2017\/02\/MST-1-300x225.jpg\" alt=\"MST 1\" width=\"300\" height=\"225\" srcset=\"https:\/\/www.minasdosul.com.br\/wp-content\/uploads\/2017\/02\/MST-1-300x225.jpg 300w, https:\/\/www.minasdosul.com.br\/wp-content\/uploads\/2017\/02\/MST-1.jpg 320w\" sizes=\"auto, (max-width: 300px) 100vw, 300px\" \/><\/a>Representantes do Movimento dos Trabalhadores Rurais Sem Terra (MST) comemoraram, em frente ao Tribunal de Justi\u00e7a de Minas Gerais (TJMG), o <strong>resultado do julgamento<\/strong> que manteve Decreto de desapropria\u00e7\u00e3o de \u00e1reas da<strong> Fazenda Ariadn\u00f3polis<\/strong>, em Campo do Meio (Sul de Minas). O julgamento, que ocorreu dia 23\/11\/16, em Belo Horizonte, foi acompanhado pela Comiss\u00e3o de Direitos Humanos da Assembleia Legislativa de Minas Gerais (ALMG).<\/p>\n<p>O Decreto do governador Fernando Pimentel, assinado em 2015 e referente \u00e0 desapropria\u00e7\u00e3o de uma \u00e1rea de cerca de 3.600 hectares, estava suspenso devido a um mandado de seguran\u00e7a impetrado pela Companhia Agropecu\u00e1ria Irm\u00e3os Azevedo (Capia), derrubado por maioria dos votos de desembargadores no julgamento do dia 23.<\/p>\n<p>A escritura do terreno estava em nome da Capia, que faliu em 2002. Ap\u00f3s a fal\u00eancia, o MST organizou o assentamento no local. Por\u00e9m, algumas ocupa\u00e7\u00f5es j\u00e1 haviam iniciado em 1997, quando as opera\u00e7\u00f5es da empresa j\u00e1 estavam suspensas.<\/p>\n<p><strong>Col\u00f4nia agr\u00edcola \u2013<\/strong> De acordo com o advogado Carlos Alberto Torezani, que representou os trabalhadores rurais, no terreno de 3.600 hectares ser\u00e1 feita uma col\u00f4nia agr\u00edcola. Ele contou que o local \u00e9 ocupado por 400 fam\u00edlias e que o decreto do governador, al\u00e9m da desapropria\u00e7\u00e3o, garante uma indeniza\u00e7\u00e3o de R$ 53 milh\u00f5es para pagar cr\u00e9ditos trabalhistas a ex-empregados da Capia.<\/p>\n<p>No julgamento, Carlos Torezani alegou \u201cinteresse social\u201d pela terra. J\u00e1 a advogada da Capia, Maria Fernanda Pereira, justificou que a desapropria\u00e7\u00e3o para a realiza\u00e7\u00e3o de reforma agr\u00e1ria \u00e9 uma prerrogativa federal e que, portanto, o Decreto do Estado n\u00e3o poderia estar em vigor. Procurada pela imprensa ao final do processo, a advogada n\u00e3o quis se pronunciar.<\/p>\n<p><strong>Apelo \u2013<\/strong> A Comiss\u00e3o de Direitos Humanos realizou uma reuni\u00e3o na ALMG, no dia 22, para discutir o assunto. Na ocasi\u00e3o, chegou a aprovar durante um requerimento ao TJMG com o apelo para que a desapropria\u00e7\u00e3o fosse legitimada, argumentando se tratar de uma decis\u00e3o justa e constitucional, apoiada pela comiss\u00e3o e por v\u00e1rios \u00f3rg\u00e3os estaduais.<\/p>\n<\/div>\n","protected":false},"excerpt":{"rendered":"<p>Vit\u00f3ria em julgamento sobre desapropria\u00e7\u00e3o da Usina Ariadn\u00f3polis Representantes do Movimento dos Trabalhadores Rurais Sem Terra (MST) comemoraram, em frente ao Tribunal de Justi\u00e7a de Minas Gerais (TJMG), o resultado do julgamento que manteve Decreto de desapropria\u00e7\u00e3o de \u00e1reas da Fazenda Ariadn\u00f3polis, em Campo do Meio (Sul de Minas). O julgamento, que ocorreu dia 23\/11\/16, [&hellip;]<\/p>\n","protected":false},"author":2,"featured_media":0,"comment_status":"open","ping_status":"closed","sticky":false,"template":"","format":"standard","meta":{"rop_custom_images_group":[],"rop_custom_messages_group":[],"rop_publish_now":"initial","rop_publish_now_accounts":[],"rop_publish_now_history":[],"rop_publish_now_status":"pending","footnotes":""},"categories":[49,42,1],"tags":[],"class_list":["bg-stuff"],"_links":{"self":[{"href":"https:\/\/www.minasdosul.com.br\/index.php?rest_route=\/wp\/v2\/posts\/418","targetHints":{"allow":["GET"]}}],"collection":[{"href":"https:\/\/www.minasdosul.com.br\/index.php?rest_route=\/wp\/v2\/posts"}],"about":[{"href":"https:\/\/www.minasdosul.com.br\/index.php?rest_route=\/wp\/v2\/types\/post"}],"author":[{"embeddable":true,"href":"https:\/\/www.minasdosul.com.br\/index.php?rest_route=\/wp\/v2\/users\/2"}],"replies":[{"embeddable":true,"href":"https:\/\/www.minasdosul.com.br\/index.php?rest_route=%2Fwp%2Fv2%2Fcomments&post=418"}],"version-history":[{"count":1,"href":"https:\/\/www.minasdosul.com.br\/index.php?rest_route=\/wp\/v2\/posts\/418\/revisions"}],"predecessor-version":[{"id":421,"href":"https:\/\/www.minasdosul.com.br\/index.php?rest_route=\/wp\/v2\/posts\/418\/revisions\/421"}],"wp:attachment":[{"href":"https:\/\/www.minasdosul.com.br\/index.php?rest_route=%2Fwp%2Fv2%2Fmedia&parent=418"}],"wp:term":[{"taxonomy":"category","embeddable":true,"href":"https:\/\/www.minasdosul.com.br\/index.php?rest_route=%2Fwp%2Fv2%2Fcategories&post=418"},{"taxonomy":"post_tag","embeddable":true,"href":"https:\/\/www.minasdosul.com.br\/index.php?rest_route=%2Fwp%2Fv2%2Ftags&post=418"}],"curies":[{"name":"wp","href":"https:\/\/api.w.org\/{rel}","templated":true}]}}