{"id":404,"date":"2017-02-04T17:29:16","date_gmt":"2017-02-04T19:29:16","guid":{"rendered":"http:\/\/www.minasdosul.com.br\/?p=404"},"modified":"2017-02-04T17:33:40","modified_gmt":"2017-02-04T19:33:40","slug":"carro-usado-em-auto-escola-e-impenhoravel","status":"publish","type":"post","link":"https:\/\/www.minasdosul.com.br\/?p=404","title":{"rendered":"Carro usado em Auto Escola \u00e9 impenhor\u00e1vel"},"content":{"rendered":"<h4 style=\"text-align: center;\">CARRO USADO EM AUTOESCOLA \u00c9 IMPENHOR\u00c1VEL, MESMO QUE N\u00c3O SEJA O \u00daNICO<\/h4>\n<div id=\"conteudo\" class=\"detalhesNoticia\">\n<p style=\"text-align: justify;\"><img decoding=\"async\" class=\"fl imgNoticia aligncenter\" src=\"http:\/\/www.galaxcms.com.br\/imgs_crud_comum\/316\/Carro-usado-em-autoescola-e-impenhoravel-mesmo-que-nao-seja-o-unico-20161109084955.jpg\" width=\"400\" \/>O carro usado para treinamento de condutores em autoescolas \u00e9 impenhor\u00e1vel. O entendimento \u00e9 da 1\u00aa Turma do Tribunal Regional Federal da 3\u00aa Regi\u00e3o em um processo de execu\u00e7\u00e3o fiscal, sendo que o princ\u00edpio \u00e9 de que o ve\u00edculo \u00e9 imprescind\u00edvel para a condu\u00e7\u00e3o do neg\u00f3cio.<\/p>\n<p style=\"text-align: justify;\">No caso analisado, a Uni\u00e3o buscava a penhora de um carro que tinha o Certificado de Registro e Licenciamento do carro com a anota\u00e7\u00e3o &#8220;VE\u00cdC. APRENDIZAGEM&#8221;. Esse fato fez com que o Juiz de Primeiro Grau declarasse a impenhorabilidade do bem no processo de embargos \u00e0 execu\u00e7\u00e3o fiscal interposto pelo propriet\u00e1rio do autom\u00f3vel.<\/p>\n<p style=\"text-align: justify;\">A Uni\u00e3o recorreu da decis\u00e3o alegando que o propriet\u00e1rio n\u00e3o conseguiu provar ser esse seu \u00fanico ve\u00edculo e, portanto, imprescind\u00edvel aos neg\u00f3cios.<\/p>\n<p style=\"text-align: justify;\">No TRF-3, o desembargador federal H\u00e9lio Nogueira, relator do caso, afirmou que s\u00e3o impenhor\u00e1veis quaisquer bens m\u00f3veis necess\u00e1rios ou \u00fateis ao exerc\u00edcio da profiss\u00e3o, nos termos do artigo 833, inciso V, do C\u00f3digo de Processo Civil\/2015 (artigo 649, V, do CPC\/1973).<\/p>\n<p style=\"text-align: justify;\">Ele tamb\u00e9m explicou que a jurisprud\u00eancia do Superior Tribunal de Justi\u00e7a e da Primeira Turma do TRF-3 j\u00e1 firmaram posicionamento no sentido de que n\u00e3o exige que o bem empregado em exerc\u00edcio profissional seja imprescind\u00edvel para a hip\u00f3tese de impenhorabilidade, bastando, para tanto, a demonstra\u00e7\u00e3o da utilidade.<\/p>\n<p style=\"text-align: justify;\">Para o desembargador, n\u00e3o h\u00e1 d\u00favidas de que o ve\u00edculo bloqueado se afigura minimamente \u00fatil ao exerc\u00edcio da profiss\u00e3o do executado, uma vez que \u00e9 propriet\u00e1rio de um Centro de Forma\u00e7\u00e3o de Condutores (CFC).<\/p>\n<p style=\"text-align: justify;\">Ainda que n\u00e3o haja prova irrefut\u00e1vel de que o ve\u00edculo bloqueado seja o \u00fanico de sua titularidade, deve prevalecer a norma processual acerca da impenhorabilidade do bem do executado utilizado no exerc\u00edcio de sua profiss\u00e3o, concluiu o magistrado.<\/p>\n<h5 style=\"text-align: justify;\">* Com informa\u00e7\u00f5es da Assessoria de Imprensa do TRF-3. Apela\u00e7\u00e3o C\u00edvel 0011092-29.2004.4.03.6106\/SP em 7 de novembro de 2016, 12h52<\/h5>\n<\/div>\n","protected":false},"excerpt":{"rendered":"<p>CARRO USADO EM AUTOESCOLA \u00c9 IMPENHOR\u00c1VEL, MESMO QUE N\u00c3O SEJA O \u00daNICO O carro usado para treinamento de condutores em autoescolas \u00e9 impenhor\u00e1vel. O entendimento \u00e9 da 1\u00aa Turma do Tribunal Regional Federal da 3\u00aa Regi\u00e3o em um processo de execu\u00e7\u00e3o fiscal, sendo que o princ\u00edpio \u00e9 de que o ve\u00edculo \u00e9 imprescind\u00edvel para a [&hellip;]<\/p>\n","protected":false},"author":2,"featured_media":0,"comment_status":"open","ping_status":"closed","sticky":false,"template":"","format":"standard","meta":{"rop_custom_images_group":[],"rop_custom_messages_group":[],"rop_publish_now":"initial","rop_publish_now_accounts":[],"rop_publish_now_history":[],"rop_publish_now_status":"pending","footnotes":""},"categories":[47,49,48,42,1,44,46,45,43],"tags":[],"class_list":["bg-stuff"],"_links":{"self":[{"href":"https:\/\/www.minasdosul.com.br\/index.php?rest_route=\/wp\/v2\/posts\/404","targetHints":{"allow":["GET"]}}],"collection":[{"href":"https:\/\/www.minasdosul.com.br\/index.php?rest_route=\/wp\/v2\/posts"}],"about":[{"href":"https:\/\/www.minasdosul.com.br\/index.php?rest_route=\/wp\/v2\/types\/post"}],"author":[{"embeddable":true,"href":"https:\/\/www.minasdosul.com.br\/index.php?rest_route=\/wp\/v2\/users\/2"}],"replies":[{"embeddable":true,"href":"https:\/\/www.minasdosul.com.br\/index.php?rest_route=%2Fwp%2Fv2%2Fcomments&post=404"}],"version-history":[{"count":3,"href":"https:\/\/www.minasdosul.com.br\/index.php?rest_route=\/wp\/v2\/posts\/404\/revisions"}],"predecessor-version":[{"id":407,"href":"https:\/\/www.minasdosul.com.br\/index.php?rest_route=\/wp\/v2\/posts\/404\/revisions\/407"}],"wp:attachment":[{"href":"https:\/\/www.minasdosul.com.br\/index.php?rest_route=%2Fwp%2Fv2%2Fmedia&parent=404"}],"wp:term":[{"taxonomy":"category","embeddable":true,"href":"https:\/\/www.minasdosul.com.br\/index.php?rest_route=%2Fwp%2Fv2%2Fcategories&post=404"},{"taxonomy":"post_tag","embeddable":true,"href":"https:\/\/www.minasdosul.com.br\/index.php?rest_route=%2Fwp%2Fv2%2Ftags&post=404"}],"curies":[{"name":"wp","href":"https:\/\/api.w.org\/{rel}","templated":true}]}}