{"id":393,"date":"2017-02-04T16:50:53","date_gmt":"2017-02-04T18:50:53","guid":{"rendered":"http:\/\/www.minasdosul.com.br\/?p=393"},"modified":"2017-02-04T17:02:00","modified_gmt":"2017-02-04T19:02:00","slug":"diretrizes-para-a-campanha-de-transito-2017","status":"publish","type":"post","link":"https:\/\/www.minasdosul.com.br\/?p=393","title":{"rendered":"Diretrizes para a Campanha de Tr\u00e2nsito 2017"},"content":{"rendered":"<h4 style=\"text-align: center;\">CONTRAN LAN\u00c7A DIRETRIZES PARA CAMPANHA DE TR\u00c2NSITO<\/h4>\n<div id=\"conteudo\" class=\"detalhesNoticia\">\n<p style=\"text-align: justify;\"><a href=\"http:\/\/www.minasdosul.com.br\/wp-content\/uploads\/2017\/02\/Celular-1.jpg\"><img loading=\"lazy\" decoding=\"async\" class=\"alignleft size-medium wp-image-397\" src=\"http:\/\/www.minasdosul.com.br\/wp-content\/uploads\/2017\/02\/Celular-1-300x225.jpg\" alt=\"Celular\" width=\"300\" height=\"225\" srcset=\"https:\/\/www.minasdosul.com.br\/wp-content\/uploads\/2017\/02\/Celular-1-300x225.jpg 300w, https:\/\/www.minasdosul.com.br\/wp-content\/uploads\/2017\/02\/Celular-1.jpg 320w\" sizes=\"auto, (max-width: 300px) 100vw, 300px\" \/><\/a>Uma resolu\u00e7\u00e3o do Conselho Nacional de Tr\u00e2nsito (Contran), publicada no m\u00eas de janeiro, estabeleceu o tema, as mensagens e o cronograma das a\u00e7\u00f5es da campanha de educa\u00e7\u00e3o no tr\u00e2nsito deste ano.<\/p>\n<p style=\"text-align: justify;\">Com o tema &#8216;Minha escolha faz a diferen\u00e7a no tr\u00e2nsito&#8217;, a meta \u00e9 realizar mensalmente iniciativas direcionadas \u00e0 seguran\u00e7a no tr\u00e2nsito: campanhas de Volta \u00e0s aulas, de conscientiza\u00e7\u00e3o sobre o uso de motocicletas, respeito aos pedestres e ciclistas, uso de celular e \u00e1lcool e dire\u00e7\u00e3o.<\/p>\n<p style=\"text-align: justify;\">Entre os destaques, tamb\u00e9m constam a\u00e7\u00f5es de apoio ao Maio Amarelo, em parceira com a sociedade, com vistas ao tr\u00e2nsito mais seguro. E, em novembro, a\u00e7\u00f5es voltadas ao Dia Mundial em Mem\u00f3ria \u00e0s V\u00edtimas do Tr\u00e2nsito.<\/p>\n<p style=\"text-align: justify;\">&#8220;Nosso objetivo maior \u00e9 promover a conscientiza\u00e7\u00e3o junto \u00e0 sociedade de que todo cidad\u00e3o tem sua cota de responsabilidade no tr\u00e2nsito. Ou seja, cada um \u00e9 respons\u00e1vel por sua postura nas a\u00e7\u00f5es do dia a dia, ajudando, dessa forma, a tornar o tr\u00e2nsito cada vez mais seguro&#8221;, explica o diretor do Departamento Nacional de Tr\u00e2nsito (Denatran), do Minist\u00e9rio das Cidades, Elmer Vicenzi.<\/p>\n<p style=\"text-align: justify;\">O tema escolhido possibilita a\u00e7\u00f5es focadas em todos os segmentos: pedestres, ciclistas, motociclistas, passageiros e condutores. Para este ano, buscou-se seguir a proposta de valoriza\u00e7\u00e3o da responsabilidade de cada um, por\u00e9m, com um tema mais conciso e eficaz.<\/p>\n<p style=\"text-align: justify;\">A ideia \u00e9 que a popula\u00e7\u00e3o sinta-se respons\u00e1vel pelas a\u00e7\u00f5es de promo\u00e7\u00e3o da educa\u00e7\u00e3o para o tr\u00e2nsito e protagonista de um processo que trar\u00e1 mais seguran\u00e7a para o tr\u00e2nsito.<\/p>\n<p style=\"text-align: justify;\">Nas m\u00eddias sociais, a sugest\u00e3o \u00e9 utilizar as seguintes frases: Eu escolho curtir um tr\u00e2nsito seguro e #euescolhoviver.<\/p>\n<p style=\"text-align: justify;\">Cronograma 2017 das Campanhas Educativas de Tr\u00e2nsito de \u00e2mbito Nacional:<\/p>\n<p style=\"text-align: justify;\">Janeiro e Fevereiro &#8211; A\u00e7\u00f5es de apoio \u00e0 Campanha &#8220;Rodovida&#8221; do Governo Federal;<br \/>\nMar\u00e7o &#8211; Campanha de Volta \u00e0s aulas;<br \/>\nAbril &#8211; Campanha de conscientiza\u00e7\u00e3o sobre o uso de motocicletas e ciclomotores;<br \/>\nMaio &#8211; A\u00e7\u00f5es de apoio ao Maio Amarelo, campanha da sociedade por um tr\u00e2nsito seguro;<br \/>\nJunho &#8211; Campanha de conscientiza\u00e7\u00e3o sobre o respeito ao pedestre e ciclista;<br \/>\nJulho &#8211; Campanha de orienta\u00e7\u00e3o para as f\u00e9rias escolares;<br \/>\nAgosto &#8211; Campanha de conscientiza\u00e7\u00e3o sobre uso do celular ao volante;<br \/>\nSetembro &#8211; Campanha da Semana Nacional de Tr\u00e2nsito (18 a 25 de setembro de 2017);<br \/>\nOutubro &#8211; Campanha de conscientiza\u00e7\u00e3o sobre consumo de \u00e1lcool e dire\u00e7\u00e3o;<br \/>\nNovembro &#8211; Campanha do Dia Mundial em Mem\u00f3ria \u00e0s V\u00edtimas do Tr\u00e2nsito;<br \/>\nDezembro &#8211; A\u00e7\u00f5es de apoio \u00e0 Campanha &#8220;Rodovida&#8221; do Governo Federal.<\/p>\n<\/div>\n","protected":false},"excerpt":{"rendered":"<p>CONTRAN LAN\u00c7A DIRETRIZES PARA CAMPANHA DE TR\u00c2NSITO Uma resolu\u00e7\u00e3o do Conselho Nacional de Tr\u00e2nsito (Contran), publicada no m\u00eas de janeiro, estabeleceu o tema, as mensagens e o cronograma das a\u00e7\u00f5es da campanha de educa\u00e7\u00e3o no tr\u00e2nsito deste ano. Com o tema &#8216;Minha escolha faz a diferen\u00e7a no tr\u00e2nsito&#8217;, a meta \u00e9 realizar mensalmente iniciativas direcionadas [&hellip;]<\/p>\n","protected":false},"author":2,"featured_media":0,"comment_status":"open","ping_status":"closed","sticky":false,"template":"","format":"standard","meta":{"rop_custom_images_group":[],"rop_custom_messages_group":[],"rop_publish_now":"initial","rop_publish_now_accounts":[],"rop_publish_now_history":[],"rop_publish_now_status":"pending","footnotes":""},"categories":[47,48,42,1,44,46,45,43],"tags":[],"class_list":["bg-stuff"],"_links":{"self":[{"href":"https:\/\/www.minasdosul.com.br\/index.php?rest_route=\/wp\/v2\/posts\/393","targetHints":{"allow":["GET"]}}],"collection":[{"href":"https:\/\/www.minasdosul.com.br\/index.php?rest_route=\/wp\/v2\/posts"}],"about":[{"href":"https:\/\/www.minasdosul.com.br\/index.php?rest_route=\/wp\/v2\/types\/post"}],"author":[{"embeddable":true,"href":"https:\/\/www.minasdosul.com.br\/index.php?rest_route=\/wp\/v2\/users\/2"}],"replies":[{"embeddable":true,"href":"https:\/\/www.minasdosul.com.br\/index.php?rest_route=%2Fwp%2Fv2%2Fcomments&post=393"}],"version-history":[{"count":3,"href":"https:\/\/www.minasdosul.com.br\/index.php?rest_route=\/wp\/v2\/posts\/393\/revisions"}],"predecessor-version":[{"id":398,"href":"https:\/\/www.minasdosul.com.br\/index.php?rest_route=\/wp\/v2\/posts\/393\/revisions\/398"}],"wp:attachment":[{"href":"https:\/\/www.minasdosul.com.br\/index.php?rest_route=%2Fwp%2Fv2%2Fmedia&parent=393"}],"wp:term":[{"taxonomy":"category","embeddable":true,"href":"https:\/\/www.minasdosul.com.br\/index.php?rest_route=%2Fwp%2Fv2%2Fcategories&post=393"},{"taxonomy":"post_tag","embeddable":true,"href":"https:\/\/www.minasdosul.com.br\/index.php?rest_route=%2Fwp%2Fv2%2Ftags&post=393"}],"curies":[{"name":"wp","href":"https:\/\/api.w.org\/{rel}","templated":true}]}}