{"id":389,"date":"2017-02-04T16:44:11","date_gmt":"2017-02-04T18:44:11","guid":{"rendered":"http:\/\/www.minasdosul.com.br\/?p=389"},"modified":"2017-02-04T16:44:11","modified_gmt":"2017-02-04T18:44:11","slug":"emater-mg-completa-68-anos-e-lanca-o-portal-da-agricultura-familiar","status":"publish","type":"post","link":"https:\/\/www.minasdosul.com.br\/?p=389","title":{"rendered":"Emater-MG completa 68 anos e lan\u00e7a o portal da Agricultura Familiar"},"content":{"rendered":"<p style=\"text-align: justify;\">\n<h3 style=\"text-align: center;\"><strong>Emater-MG completa 68 anos e lan\u00e7a o portal da Agricultura Familiar<\/strong><\/h3>\n<p style=\"text-align: justify;\"><a href=\"http:\/\/www.minasdosul.com.br\/wp-content\/uploads\/2017\/02\/Emater-68-anos-1.jpg\"><img loading=\"lazy\" decoding=\"async\" class=\"aligncenter size-medium wp-image-391\" src=\"http:\/\/www.minasdosul.com.br\/wp-content\/uploads\/2017\/02\/Emater-68-anos-1-300x225.jpg\" alt=\"Emater 68 anos\" width=\"300\" height=\"225\" srcset=\"https:\/\/www.minasdosul.com.br\/wp-content\/uploads\/2017\/02\/Emater-68-anos-1-300x225.jpg 300w, https:\/\/www.minasdosul.com.br\/wp-content\/uploads\/2017\/02\/Emater-68-anos-1.jpg 320w\" sizes=\"auto, (max-width: 300px) 100vw, 300px\" \/><\/a>No dia 6\/12\/2016 a<span class=\"m_632280871176680925apple-converted-space\">\u00a0<\/span><a href=\"http:\/\/www.emater.mg.gov.br\/\" target=\"_blank\" data-saferedirecturl=\"https:\/\/www.google.com\/url?hl=pt-BR&amp;q=http:\/\/www.emater.mg.gov.br\/&amp;source=gmail&amp;ust=1486319273042000&amp;usg=AFQjCNG_EbB473JjO95kKoKmss4A2-d5bg\">Emater-MG<\/a><span class=\"m_632280871176680925apple-converted-space\">\u00a0<\/span>comemorou 68 anos de hist\u00f3ria. A empresa \u00e9 considerada refer\u00eancia no Brasil na presta\u00e7\u00e3o de servi\u00e7o de assist\u00eancia t\u00e9cnica e extens\u00e3o rural. Al\u00e9m de homenagens a institui\u00e7\u00f5es parceiras e funcion\u00e1rios, a programa\u00e7\u00e3o do evento contou com o lan\u00e7amento do portal da Agricultura Familiar. A cerim\u00f4nia aconteceu em Belo Horizonte, na sede da empresa.<br \/>\nO portal \u00e9 uma parceria entre a Emater-MG e as secretarias de<span class=\"m_632280871176680925apple-converted-space\">\u00a0<\/span><a href=\"http:\/\/www.agrario.mg.gov.br\/\" target=\"_blank\" data-saferedirecturl=\"https:\/\/www.google.com\/url?hl=pt-BR&amp;q=http:\/\/www.agrario.mg.gov.br\/&amp;source=gmail&amp;ust=1486319273042000&amp;usg=AFQjCNHaIujRuOkvaxJAVdvno_WcToY_YQ\">Desenvolvimento Agr\u00e1rio (Seda)<\/a><span class=\"m_632280871176680925apple-converted-space\">\u00a0<\/span>e<span class=\"m_632280871176680925apple-converted-space\">\u00a0<\/span><a href=\"http:\/\/www.educacao.mg.gov.br\/\" target=\"_blank\" data-saferedirecturl=\"https:\/\/www.google.com\/url?hl=pt-BR&amp;q=http:\/\/www.educacao.mg.gov.br\/&amp;source=gmail&amp;ust=1486319273042000&amp;usg=AFQjCNGlTAjlpobiMEEWdFh7RXW1xsfsdA\">Educa\u00e7\u00e3o (SEE)<\/a>. A gest\u00e3o do site \u00e9 de responsabilidade da Seda. A iniciativa visa divulgar os produtos da agricultura familiar e as demandas das escolas e institui\u00e7\u00f5es estaduais de Minas Gerais. A proposta \u00e9 potencializar a aquisi\u00e7\u00e3o de alimentos da agricultura familiar por meio do Programa Nacional de Alimenta\u00e7\u00e3o Escolar (PNAE) e da Pol\u00edtica Estadual de Aquisi\u00e7\u00e3o de Alimentos da Agricultura Familiar (PAA Familiar).<br \/>\n\u201c\u00c9 um site com informa\u00e7\u00f5es direcionadas para a agricultura familiar e suas formas de organiza\u00e7\u00e3o, escolas e institui\u00e7\u00f5es do Estado. Mas tamb\u00e9m pode ser utilizado como fonte de informa\u00e7\u00e3o de oferta para outros interessados em fazer a aquisi\u00e7\u00e3o direta de alimentos da agricultura familiar\u201d, diz o assessor t\u00e9cnico da Emater-MG, Raul Machado.<br \/>\nNo portal, est\u00e3o cadastrados agricultores familiares, suas organiza\u00e7\u00f5es e os produtos ofertados por eles. No site tamb\u00e9m podem ser encontrados os editais de Chamadas P\u00fablicas de escolas e \u00f3rg\u00e3os estaduais, com as especifica\u00e7\u00f5es de suas demandas por alimentos. Cerca de 3 mil agricultores familiares e todas as escolas estaduais possuem cadastro no site.<br \/>\nDe acordo com Raul Machado, o portal ir\u00e1 promover a integra\u00e7\u00e3o entre a oferta de alimentos por parte da agricultura familiar e a demanda de alimentos das escolas e institui\u00e7\u00f5es de Minas Gerais. \u201cAs escolas e institui\u00e7\u00f5es do Estado tomam conhecimento da oferta de alimentos, com volume estimado e sazonalidade da produ\u00e7\u00e3o, facilitando a elabora\u00e7\u00e3o dos editais de Chamada P\u00fablica para aquisi\u00e7\u00e3o de alimentos da agricultura familiar\u201d, afirma.<br \/>\nEle ainda ressalta que, por meio do portal, os agricultores familiares ter\u00e3o conhecimento de todos os editais em vig\u00eancia do PNAE e PAA Familiar. Para ambos os casos as informa\u00e7\u00f5es poder\u00e3o ser filtradas por nomes, produto, munic\u00edpio e regi\u00e3o.<br \/>\n\u201cN\u00f3s queremos cada vez mais investir no desenvolvimento da agricultura familiar. E nada melhor do que articularmos a educa\u00e7\u00e3o e um projeto como esse que vai levar alimenta\u00e7\u00e3o saud\u00e1vel para todas as crian\u00e7as. O portal \u00e9 fundamental porque vai aproximar a demanda da oferta\u201d, disse a secret\u00e1ria de Estado de Educa\u00e7\u00e3o, Maca\u00e9 Evaristo.<br \/>\n\u201cA agricultura familiar n\u00e3o pode ser vista apenas como uma quest\u00e3o social, mas tamb\u00e9m econ\u00f4mica. Num momento de crise mundial, \u00e9 importante impulsionarmos ainda mais a agricultura familiar. O portal \u00e9 um grande instrumento para fomentar a rela\u00e7\u00e3o produtor e consumidor\u201d, comenta o secret\u00e1rio de Estado de Desenvolvimento Agr\u00e1rio, Professor\u00a0Neivaldo.<br \/>\nA Emater-MG \u00e9 respons\u00e1vel pela divulga\u00e7\u00e3o do portal e mobiliza\u00e7\u00e3o dos produtores. Al\u00e9m disso, a empresa faz o cadastramento dos agricultores familiares no site. Os interessados devem procurar o escrit\u00f3rio da Emater-MG em seu munic\u00edpio. O endere\u00e7o do portal \u00e9:<span class=\"m_632280871176680925apple-converted-space\">\u00a0<\/span><a href=\"http:\/\/www.portaldaagriculturafamiliar.mg.gov.br\/\" target=\"_blank\" data-saferedirecturl=\"https:\/\/www.google.com\/url?hl=pt-BR&amp;q=http:\/\/www.portaldaagriculturafamiliar.mg.gov.br\/&amp;source=gmail&amp;ust=1486319273042000&amp;usg=AFQjCNF1uoC1TsOriUuyMMGiZf96M92r0g\">www.<wbr \/>portaldaagriculturafamiliar.<wbr \/>mg.gov.br<\/a>.<\/p>\n<p><strong>Recursos para a Agricultura Familiar<\/strong><br \/>\nO presidente da Emater-MG, Gl\u00eanio Martins, e o secret\u00e1rio da Secretaria Especial de Agricultura Familiar e do Desenvolvimento Agr\u00e1rio do Governo Federal, Ricardo\u00a0Roseno, assinaram um termo de compromisso para o fortalecimento da agricultura familiar.<br \/>\nDe acordo com o documento, ser\u00e3o repassados R$ 13,8 milh\u00f5es \u00e0 Emater-MG. Os recursos ser\u00e3o utilizados para investimentos na infraestrutura da empresa (aquisi\u00e7\u00e3o de ve\u00edculos e notebooks), estrutura\u00e7\u00e3o de centros de comercializa\u00e7\u00e3o da agricultura familiar, aquisi\u00e7\u00e3o e distribui\u00e7\u00e3o de sementes de milho e feij\u00e3o, kits de feira e patrulhas mecanizadas para disponibiliza\u00e7\u00e3o aos agricultores familiares.<br \/>\n\u201cTrata-se de um iniciativa para a reestrutura\u00e7\u00e3o da rede de assist\u00eancia t\u00e9cnica e extens\u00e3o rural nacional. Conseguimos, no final deste ano, fazer investimentos de R$ 600 milh\u00f5es no setor com os 27 estados conveniados\u201d, disse Jos\u00e9 Ricardo Roseno.<br \/>\n\u201cEsse conv\u00eanio vai nos ajudar a dar mais qualidade e efici\u00eancia ao nosso servi\u00e7o prestado, al\u00e9m de trazer mais recursos para a agricultura familiar\u201d, diz o presidente da Emater-MG, Gl\u00eanio Martins.<\/p>\n<p><strong>Homenagens<\/strong><br \/>\nOs funcion\u00e1rios da Emater-MG foram homenageados com a entrega de medalhas pelos anos de servi\u00e7os prestados. Tamb\u00e9m aconteceu a premia\u00e7\u00e3o dos vencedores do pr\u00eamio MelhorA\u00e7\u00e3o. A iniciativa \u00e9 da Emater-MG e visa \u00e0 valoriza\u00e7\u00e3o, n\u00e3o apenas o profissional, mas dos projetos, boas pr\u00e1ticas e a\u00e7\u00f5es de melhoria que tenham obtido resultados significativos na rotina da empresa. No total, foram premiados os quatro melhores trabalhos no estado.<br \/>\nO vencedor foi o projeto \u201cSucess\u00e3o Familiar no Bairro Serra dos Lima\u201d, desenvolvido pelo escrit\u00f3rio local da Emater-MG em Andradas, Sul de Minas. O projeto visa valorizar e estimular a perman\u00eancia dos jovens rurais na atividade cafeeira. Tamb\u00e9m foi homenageado com a Medalha do M\u00e9rito Rural o secret\u00e1rio de<span class=\"m_632280871176680925apple-converted-space\">\u00a0<\/span><a href=\"http:\/\/www.planejamento.mg.gov.br\/\" target=\"_blank\" data-saferedirecturl=\"https:\/\/www.google.com\/url?hl=pt-BR&amp;q=http:\/\/www.planejamento.mg.gov.br\/&amp;source=gmail&amp;ust=1486319273042000&amp;usg=AFQjCNGBah2K457bEaVbad22eUMg9bX-vQ\">Planejamento e Gest\u00e3o<\/a>, Helv\u00e9cio Magalh\u00e3es.<br \/>\nDe acordo com o presidente da Emater-MG, Gl\u00eanio Martins, este foi um ano positivo para a empresa que fez importantes investimentos em infraestrutura e qualifica\u00e7\u00e3o profissional. \u201cEm outubro deste ano, 400 servidores conclu\u00edram p\u00f3s-gradua\u00e7\u00e3o em Extens\u00e3o Ambiental para o Desenvolvimento Sustent\u00e1vel, curso personalizado pela empresa, com a Universidade Federal de Lavras (UFLA). Al\u00e9m disso, nossa plataforma de Ensino a Dist\u00e2ncia (EAD) est\u00e1 sendo estruturada e j\u00e1 oferecemos cursos sobre cafeicultura e de qualifica\u00e7\u00e3o para todas as secret\u00e1rias dos escrit\u00f3rios locais\u201d, diz.<br \/>\nAinda de acordo com o presidente, foram feitos investimentos fundamentais para a infraestrutura e o bom funcionamento da empresa. \u201cS\u00e3o mais de 90 novos ve\u00edculos, 100 novas esta\u00e7\u00f5es de trabalho, 70 computadores e notebooks, 500 tabletes, 360 impressoras a laser e outros equipamentos diversos, para qualificar e garantir melhores condi\u00e7\u00f5es de trabalho\u201d, afirma.\u00a0<u><\/u><u><\/u><\/p>\n<p style=\"text-align: justify;\">Gl\u00eanio ainda ressalta que a Emater-MG tem buscado parcerias com \u00f3rg\u00e3os federal, estadual e municipal. Segundo ele, a expectativa \u00e9 que mais agricultores sejam atendidos e que haja um volume maior de recursos para o setor em 2017. O presidente ainda disse que uma das prioridades da empresa no ano que vem \u00e9 estimular o maior acesso dos agricultores familiares ao cr\u00e9dito rural. \u201cEssa \u00e9 a pol\u00edtica p\u00fablica mais forte que temos para o setor e que permite que o produtor tenha rapidamente uma melhoria na sua atividade e qualidade de vida\u201d, refor\u00e7a.<br \/>\n\u201cA Emater-MG \u00e9 fundamental para o desenvolvimento agropecu\u00e1rio do Estado. \u00c9 um dos modelos mais bem-sucedidos de assist\u00eancia t\u00e9cnica e extens\u00e3o rural do pa\u00eds. A Emater-MG criou esse sistema no Brasil e hoje \u00e9 refer\u00eancia\u201d, afirma o secret\u00e1rio de<span class=\"m_632280871176680925apple-converted-space\">\u00a0<\/span><a href=\"http:\/\/www.agricultura.mg.gov.br\/\" target=\"_blank\" data-saferedirecturl=\"https:\/\/www.google.com\/url?hl=pt-BR&amp;q=http:\/\/www.agricultura.mg.gov.br\/&amp;source=gmail&amp;ust=1486319273042000&amp;usg=AFQjCNEKzrmqCoFniIfUmtyJVH6S4tHfWA\">Agricultura, Pecu\u00e1ria e Abastecimento (Seapa)<\/a>, Jo\u00e3o Cruz.<\/p>\n<p><strong>A\u00e7\u00f5es da Emater-MG<\/strong><br \/>\nA Emater\u2013MG \u00e9 vinculada \u00e0 Secretaria de Estado de Agricultura, Pecu\u00e1ria e Abastecimento (Seapa) e est\u00e1 presente em aproximadamente 790 munic\u00edpios, com um atendimento a cerca de 400 mil fam\u00edlias de agricultores familiares a cada ano. As a\u00e7\u00f5es desenvolvidas em parceria com v\u00e1rias institui\u00e7\u00f5es p\u00fablicas e privadas garantem gera\u00e7\u00e3o de emprego, bem-estar, renda e desenvolvimento sustent\u00e1vel no meio rural.<\/p>\n<p><strong>Certifica Minas Caf\u00e9\u00a0<\/strong><u><\/u><u><\/u><\/p>\n<p style=\"text-align: justify;\">O Certifica Minas Caf\u00e9 \u00e9 um programa do governo estadual e executado pela Secretaria de Agricultura, Pecu\u00e1ria e Abastecimento (Seapa), por meio da Emater-MG e do<span class=\"m_632280871176680925apple-converted-space\">\u00a0<\/span><a href=\"http:\/\/www.ima.mg.gov.br\/\" target=\"_blank\" data-saferedirecturl=\"https:\/\/www.google.com\/url?hl=pt-BR&amp;q=http:\/\/www.ima.mg.gov.br\/&amp;source=gmail&amp;ust=1486319273042000&amp;usg=AFQjCNFQr0wo5mf64F8m8SM5UxdDlethdw\">Instituto Mineiro de Agropecu\u00e1ria (IMA)<\/a>. A ideia \u00e9 estimular os produtores a adotarem boas pr\u00e1ticas de produ\u00e7\u00e3o e uma gest\u00e3o moderna da propriedade para agregar valor ao caf\u00e9 mineiro. A Emater-MG orienta os produtores sobre as adequa\u00e7\u00f5es das propriedades candidatas ao processo de certifica\u00e7\u00e3o. Atualmente, Minas conta com 1.300 propriedades certificadas e outras 800 em processo de certifica\u00e7\u00e3o.<\/p>\n<p><strong>Minas Pecu\u00e1ria<\/strong><br \/>\nMinas \u00e9 o principal produtor brasileiro de leite e tem o segundo maior rebanho bovino do pa\u00eds. Em todas as regi\u00f5es, a Emater-MG trabalha para a evolu\u00e7\u00e3o da pecu\u00e1ria mineira, por meio da presta\u00e7\u00e3o de assist\u00eancia t\u00e9cnica voltada para a aplica\u00e7\u00e3o das boas pr\u00e1ticas de produ\u00e7\u00e3o, gest\u00e3o da atividade e melhoria da qualidade dos produtos derivados da bovinocultura.<br \/>\nUma das propostas do Minas Pecu\u00e1ria \u00e9 modernizar a cadeia produtiva do leite e agregar valor ao produto. Os produtores aprendem a maneira correta de produzir leite de qualidade e fazer uma gest\u00e3o eficiente da propriedade. Em 2016, a Emater-MG prestou assist\u00eancia t\u00e9cnica a cerca de 8,3 mil produtores rurais, no programa Minas Pecu\u00e1ria, com prioridade na melhoria da gest\u00e3o das propriedades.<br \/>\nOutro objetivo do Minas Pecu\u00e1ria \u00e9 promover a transfer\u00eancia de gen\u00e9tica superior para o rebanho bovino comercial de corte e leite. Uma das a\u00e7\u00f5es \u00e9 a realiza\u00e7\u00e3o de feiras e leil\u00f5es para viabilizar aos pecuaristas a compra de touros e f\u00eameas melhoradores com registro geneal\u00f3gico. A Emater-MG atua no est\u00edmulo \u00e0 ades\u00e3o dos produtores e os orienta em todo o processo de compra dos animais, como as informa\u00e7\u00f5es necess\u00e1rias para a obten\u00e7\u00e3o do cr\u00e9dito. O Pr\u00f3-Gen\u00e9tica \u00e9 um programa do Governo de Minas em parceria com a Associa\u00e7\u00e3o Brasileira de Criadores de Zebu (ABCZ) e outras entidades do setor. Cerca de 500 pecuaristas foram beneficiados em 2016 com a compra facilitada de touros e f\u00eameas nas feiras e leil\u00f5es em Minas Gerais.<\/p>\n<p><strong>Mercados institucionais<\/strong><br \/>\nO Programa de Aquisi\u00e7\u00e3o de Alimentos (PAA) \u00e9 uma iniciativa do governo federal e coordenada pela Companhia Nacional de Abastecimento (Conab). Atrav\u00e9s do programa os alimentos produzidos pela agricultura familiar s\u00e3o comprados e doados a escolas p\u00fablicas, creches, asilos e institui\u00e7\u00f5es assistenciais. O papel da Emater-MG \u00e9 mobilizar e cadastrar entidades benefici\u00e1rias e agricultores familiares, al\u00e9m de prestar assist\u00eancia na produ\u00e7\u00e3o e comercializa\u00e7\u00e3o dos produtos.<br \/>\nJ\u00e1 o Programa Nacional de Alimenta\u00e7\u00e3o Escolar (PNAE) \u00e9 um programa do governo federal estabelecido pela da Lei n\u00ba11.947, que garante que, 30% dos recursos para a merenda escolar sejam destinados \u00e0 compra de g\u00eaneros aliment\u00edcios produzidos pela agricultura familiar. A Emater-MG orienta os agricultores familiares no processo de acesso ao programa. As atribui\u00e7\u00f5es da empresa s\u00e3o bem amplas e abrangem desde a assist\u00eancia t\u00e9cnica; mobiliza\u00e7\u00e3o de agricultores; emiss\u00e3o da Declara\u00e7\u00e3o de Aptid\u00e3o ao Pronaf (DAP); orienta\u00e7\u00e3o e elabora\u00e7\u00e3o de projetos; at\u00e9 a capacita\u00e7\u00e3o dos agricultores em boas pr\u00e1ticas de produ\u00e7\u00e3o.<br \/>\nEm 2016, 12,5 mil agricultores familiares receberam orienta\u00e7\u00e3o t\u00e9cnica da Emater-MG para comercializarem seus produtos por meio do PNAE. Com rela\u00e7\u00e3o ao PAA, cerca de 5 mil agricultores foram beneficiados com o trabalho da Empresa para o fornecimento de alimentos, no mesmo per\u00edodo.<\/p>\n<p><strong>Plano Brasil Sem Mis\u00e9ria<\/strong><br \/>\nO Brasil Sem Mis\u00e9ria \u00e9 um programa do governo federal e tem como objetivo a inclus\u00e3o social e produtiva de fam\u00edlias que vivem em situa\u00e7\u00e3o de extrema pobreza no pa\u00eds, com renda mensal per capita de at\u00e9 R$ 77,00. Com o programa, s\u00e3o repassados o valor de R$ 2.400,00 para cada fam\u00edlia atendida por meio do cart\u00e3o do Bolsa Fam\u00edlia, para execu\u00e7\u00e3o de pequenos projetos de fomento, como implanta\u00e7\u00e3o de hortas e cria\u00e7\u00e3o de pequenos animais. As fam\u00edlias recebem toda a assist\u00eancia t\u00e9cnica da Emater-MG para viabilizar acesso aos recursos financeiros e executar projetos produtivos. At\u00e9 2015, foram atendidas 8 mil fam\u00edlias.<br \/>\nEm julho deste ano foi assinado um termo de coopera\u00e7\u00e3o entre a Emater-MG, Secretaria Especial de Agricultura Familiar e Desenvolvimento Agr\u00e1rio, Minist\u00e9rio do Desenvolvimento Social e Agr\u00e1rio e a Secretaria de Estado de Desenvolvimento Agr\u00e1rio para que mais 12 mil fam\u00edlias sejam beneficiadas pelo Brasil Sem Mis\u00e9ria at\u00e9 2018.<\/p>\n","protected":false},"excerpt":{"rendered":"<p>Emater-MG completa 68 anos e lan\u00e7a o portal da Agricultura Familiar No dia 6\/12\/2016 a\u00a0Emater-MG\u00a0comemorou 68 anos de hist\u00f3ria. A empresa \u00e9 considerada refer\u00eancia no Brasil na presta\u00e7\u00e3o de servi\u00e7o de assist\u00eancia t\u00e9cnica e extens\u00e3o rural. Al\u00e9m de homenagens a institui\u00e7\u00f5es parceiras e funcion\u00e1rios, a programa\u00e7\u00e3o do evento contou com o lan\u00e7amento do portal da [&hellip;]<\/p>\n","protected":false},"author":2,"featured_media":0,"comment_status":"open","ping_status":"closed","sticky":false,"template":"","format":"standard","meta":{"rop_custom_images_group":[],"rop_custom_messages_group":[],"rop_publish_now":"initial","rop_publish_now_accounts":[],"rop_publish_now_history":[],"rop_publish_now_status":"pending","footnotes":""},"categories":[42,1],"tags":[],"class_list":["bg-stuff"],"_links":{"self":[{"href":"https:\/\/www.minasdosul.com.br\/index.php?rest_route=\/wp\/v2\/posts\/389","targetHints":{"allow":["GET"]}}],"collection":[{"href":"https:\/\/www.minasdosul.com.br\/index.php?rest_route=\/wp\/v2\/posts"}],"about":[{"href":"https:\/\/www.minasdosul.com.br\/index.php?rest_route=\/wp\/v2\/types\/post"}],"author":[{"embeddable":true,"href":"https:\/\/www.minasdosul.com.br\/index.php?rest_route=\/wp\/v2\/users\/2"}],"replies":[{"embeddable":true,"href":"https:\/\/www.minasdosul.com.br\/index.php?rest_route=%2Fwp%2Fv2%2Fcomments&post=389"}],"version-history":[{"count":1,"href":"https:\/\/www.minasdosul.com.br\/index.php?rest_route=\/wp\/v2\/posts\/389\/revisions"}],"predecessor-version":[{"id":392,"href":"https:\/\/www.minasdosul.com.br\/index.php?rest_route=\/wp\/v2\/posts\/389\/revisions\/392"}],"wp:attachment":[{"href":"https:\/\/www.minasdosul.com.br\/index.php?rest_route=%2Fwp%2Fv2%2Fmedia&parent=389"}],"wp:term":[{"taxonomy":"category","embeddable":true,"href":"https:\/\/www.minasdosul.com.br\/index.php?rest_route=%2Fwp%2Fv2%2Fcategories&post=389"},{"taxonomy":"post_tag","embeddable":true,"href":"https:\/\/www.minasdosul.com.br\/index.php?rest_route=%2Fwp%2Fv2%2Ftags&post=389"}],"curies":[{"name":"wp","href":"https:\/\/api.w.org\/{rel}","templated":true}]}}