{"id":381,"date":"2017-02-04T16:10:47","date_gmt":"2017-02-04T18:10:47","guid":{"rendered":"http:\/\/www.minasdosul.com.br\/?p=381"},"modified":"2017-02-04T16:14:17","modified_gmt":"2017-02-04T18:14:17","slug":"nova-mesa-da-assembleia","status":"publish","type":"post","link":"https:\/\/www.minasdosul.com.br\/?p=381","title":{"rendered":"Nova Mesa da Assembleia de Minas"},"content":{"rendered":"<div class=\"m_-7889470288116617403js_moveFoto m_-7889470288116617403hide\">\n<h4 class=\"m_-7889470288116617403content_01_subtitle\" style=\"text-align: center;\">Mensagem do governador sobre situa\u00e7\u00e3o do Estado e a posse de novos deputados<\/h4>\n<p><a href=\"http:\/\/www.minasdosul.com.br\/wp-content\/uploads\/2017\/02\/Plenario-ALMG.jpg\"><img loading=\"lazy\" decoding=\"async\" class=\"aligncenter size-medium wp-image-383\" src=\"http:\/\/www.minasdosul.com.br\/wp-content\/uploads\/2017\/02\/Plenario-ALMG-300x225.jpg\" alt=\"Plenario ALMG\" width=\"300\" height=\"225\" srcset=\"https:\/\/www.minasdosul.com.br\/wp-content\/uploads\/2017\/02\/Plenario-ALMG-300x225.jpg 300w, https:\/\/www.minasdosul.com.br\/wp-content\/uploads\/2017\/02\/Plenario-ALMG.jpg 320w\" sizes=\"auto, (max-width: 300px) 100vw, 300px\" \/><\/a>Em Reuni\u00e3o Solene de Plen\u00e1rio realizada na manh\u00e3 da quarta-feira (1\u00ba\/2\/17) foram <strong>retomados os trabalhos parlamentares<\/strong> na Assembleia Legislativa de Minas Gerais (ALMG) em 2017 e recebida mensagem do Governador contendo a presta\u00e7\u00e3o de contas do Executivo referente ao ano passado.<\/p>\n<\/div>\n<p>Na sequ\u00eancia, em Reuni\u00e3o Especial tamb\u00e9m no Plen\u00e1rio, foi <strong>empossada a nova Mesa da ALMG para o bi\u00eanio 2017-2019<\/strong>, eleita em dezembro. O deputado Adalclever Lopes (PMDB) foi reconduzido \u00e0 Presid\u00eancia, cargo que ocupa desde 2015. Tomaram posse, ainda, dois novos deputados em vagas abertas com a sa\u00edda de parlamentares.<\/p>\n<p>Representando o governador Fernando Pimentel na Reuni\u00e3o Solene, que marcou a instala\u00e7\u00e3o da 3\u00aa Sess\u00e3o Legislativa da 18\u00aa Legislatura, o secret\u00e1rio de Estado de Planejamento e Gest\u00e3o, Helv\u00e9cio Magalh\u00e3es, leu mensagem constitucional do Executivo.<\/p>\n<p><strong>Crise &#8211;<\/strong> O documento acena para uma ainda <strong>grave situa\u00e7\u00e3o do Estado<\/strong> em fun\u00e7\u00e3o da crise econ\u00f4mica nacional e destaca realiza\u00e7\u00f5es do segundo ano de mandato do Governador e desafios para o planejamento estadual.<\/p>\n<p>Segundo exp\u00f4s o Secret\u00e1rio, apesar do conturbado panorama pol\u00edtico e econ\u00f4mico nacional, a harmonia entre o Executivo e o Legislativo em Minas permitiu a consolida\u00e7\u00e3o de um governo pautado no di\u00e1logo com a popula\u00e7\u00e3o e com os servidores.<\/p>\n<p>A mensagem ressalta, entre outros, a parceria com a ALMG para a realiza\u00e7\u00e3o e a consolida\u00e7\u00e3o dos <a title=\"Ir para p\u00e1gina dos f\u00f3runs\" href=\"http:\/\/www.almg.gov.br\/acompanhe\/eventos\/hotsites\/2015\/forunsregionais\/index.html\" target=\"_blank\" data-saferedirecturl=\"https:\/\/www.google.com\/url?hl=pt-BR&amp;q=http:\/\/www.almg.gov.br\/acompanhe\/eventos\/hotsites\/2015\/forunsregionais\/index.html&amp;source=gmail&amp;ust=1486315706228000&amp;usg=AFQjCNEExsh_faLSn5WwxqeJrIOEU9bfPg\">f\u00f3runs regionais de governo<\/a>, empreendidos para identificar as necessidades da popula\u00e7\u00e3o e que resultaram na aprova\u00e7\u00e3o do Pacto do Cidad\u00e3o.<\/p>\n<p>Foram destacados, ainda, a aprova\u00e7\u00e3o, pela Assembleia, do Plano Plurianal da A\u00e7\u00e3o Governamental (PPAG) 2016-2019, incorporando os 17 Objetivos do Desenvolvimento Sustent\u00e1vel (ODS) preconizados pela Organiza\u00e7\u00e3o das Na\u00e7\u00f5es Unidas (ONU).<\/p>\n<p>O PPAG organiza os programas e a\u00e7\u00f5es que o Governo pretende desenvolver no per\u00edodo de quatro anos, com as respectivas metas f\u00edsicas e or\u00e7ament\u00e1rias, bem como as regi\u00f5es do Estado a serem beneficiadas.<\/p>\n","protected":false},"excerpt":{"rendered":"<p>Mensagem do governador sobre situa\u00e7\u00e3o do Estado e a posse de novos deputados Em Reuni\u00e3o Solene de Plen\u00e1rio realizada na manh\u00e3 da quarta-feira (1\u00ba\/2\/17) foram retomados os trabalhos parlamentares na Assembleia Legislativa de Minas Gerais (ALMG) em 2017 e recebida mensagem do Governador contendo a presta\u00e7\u00e3o de contas do Executivo referente ao ano passado. Na [&hellip;]<\/p>\n","protected":false},"author":2,"featured_media":0,"comment_status":"open","ping_status":"closed","sticky":false,"template":"","format":"standard","meta":{"rop_custom_images_group":[],"rop_custom_messages_group":[],"rop_publish_now":"initial","rop_publish_now_accounts":[],"rop_publish_now_history":[],"rop_publish_now_status":"pending","footnotes":""},"categories":[42,30],"tags":[],"class_list":["bg-stuff"],"_links":{"self":[{"href":"https:\/\/www.minasdosul.com.br\/index.php?rest_route=\/wp\/v2\/posts\/381","targetHints":{"allow":["GET"]}}],"collection":[{"href":"https:\/\/www.minasdosul.com.br\/index.php?rest_route=\/wp\/v2\/posts"}],"about":[{"href":"https:\/\/www.minasdosul.com.br\/index.php?rest_route=\/wp\/v2\/types\/post"}],"author":[{"embeddable":true,"href":"https:\/\/www.minasdosul.com.br\/index.php?rest_route=\/wp\/v2\/users\/2"}],"replies":[{"embeddable":true,"href":"https:\/\/www.minasdosul.com.br\/index.php?rest_route=%2Fwp%2Fv2%2Fcomments&post=381"}],"version-history":[{"count":3,"href":"https:\/\/www.minasdosul.com.br\/index.php?rest_route=\/wp\/v2\/posts\/381\/revisions"}],"predecessor-version":[{"id":385,"href":"https:\/\/www.minasdosul.com.br\/index.php?rest_route=\/wp\/v2\/posts\/381\/revisions\/385"}],"wp:attachment":[{"href":"https:\/\/www.minasdosul.com.br\/index.php?rest_route=%2Fwp%2Fv2%2Fmedia&parent=381"}],"wp:term":[{"taxonomy":"category","embeddable":true,"href":"https:\/\/www.minasdosul.com.br\/index.php?rest_route=%2Fwp%2Fv2%2Fcategories&post=381"},{"taxonomy":"post_tag","embeddable":true,"href":"https:\/\/www.minasdosul.com.br\/index.php?rest_route=%2Fwp%2Fv2%2Ftags&post=381"}],"curies":[{"name":"wp","href":"https:\/\/api.w.org\/{rel}","templated":true}]}}