{"id":377,"date":"2017-02-04T16:01:10","date_gmt":"2017-02-04T18:01:10","guid":{"rendered":"http:\/\/www.minasdosul.com.br\/?p=377"},"modified":"2017-02-04T16:01:30","modified_gmt":"2017-02-04T18:01:30","slug":"deputado-dalmo-toma-posse-como-vice-presidente-da-almg","status":"publish","type":"post","link":"https:\/\/www.minasdosul.com.br\/?p=377","title":{"rendered":"Deputado Dalmo toma posse como Vice-presidente da ALMG"},"content":{"rendered":"<p align=\"center\"><span style=\"font-family: Arial,sans-serif;\"><span style=\"font-size: large;\"><b>Dalmo Ribeiro (PSDB) toma posse como Vice-presidente da ALMG<\/b><\/span><\/span><\/p>\n<p align=\"justify\"><span style=\"font-family: Arial,sans-serif;\"><a href=\"http:\/\/www.minasdosul.com.br\/wp-content\/uploads\/2017\/02\/Dalmo-Ribeiro-1.jpg\"><img loading=\"lazy\" decoding=\"async\" class=\"aligncenter size-medium wp-image-378\" src=\"http:\/\/www.minasdosul.com.br\/wp-content\/uploads\/2017\/02\/Dalmo-Ribeiro-1-300x225.jpg\" alt=\"Dalmo Ribeiro 1\" width=\"300\" height=\"225\" srcset=\"https:\/\/www.minasdosul.com.br\/wp-content\/uploads\/2017\/02\/Dalmo-Ribeiro-1-300x225.jpg 300w, https:\/\/www.minasdosul.com.br\/wp-content\/uploads\/2017\/02\/Dalmo-Ribeiro-1.jpg 320w\" sizes=\"auto, (max-width: 300px) 100vw, 300px\" \/><\/a>Durante Reuni\u00e3o Especial realizada na quarta-feira (1\u00ba\/02\/17), no Plen\u00e1rio Juscelino Kubitscheck, da Assembleia Legislativa de Minas Gerais, o deputado Estadual Dalmo Ribeiro foi empossado como 2\u00ba Vice-presidente da Casa. \u201cCom muita honra, serei membro da Mesa Diretora da Assembleia Legislativa de Minas Gerais. \u00c9 uma satisfa\u00e7\u00e3o pessoal muito grande ter sido o parlamentar indicado pelo Bloco Verdade e Coer\u00eancia para representar a oposi\u00e7\u00e3o\u201d, comemora Dalmo. <\/span><\/p>\n<p align=\"justify\"><span style=\"font-family: Arial,sans-serif;\">A Reuni\u00e3o Especial para dar posse \u00e0 nova Mesa Diretora da ALMG, eleita para o bi\u00eanio 2017-2019, instalou a 3\u00aa Sess\u00e3o Legislativa da 18\u00aa Legislatura. Cada sess\u00e3o legislativa corresponde a um ano e a legislatura \u00e9 o per\u00edodo de quatro anos para o qual os deputados s\u00e3o eleitos.<\/span><\/p>\n<p align=\"justify\"><span style=\"font-family: Arial,sans-serif;\">Entre autoridades presentes, compuseram a mesa os presidentes do Tribunal de Justi\u00e7a do Estado, Herbert Carneiro, e do Tribunal de Contas de Minas Gerais, Sebasti\u00e3o Helv\u00e9cio; e ainda o Procurador-geral de Justi\u00e7a do Estado, Ant\u00f4nio S\u00e9rgio Tonet; a Defensora p\u00fablica geral do Estado, Christiane Proc\u00f3pio Malard; o vice-prefeito de Belo Horizonte, Paulo Lamac, e o presidente da C\u00e2mara Municipal da Capital, vereador Henrique Braga.<\/span><\/p>\n<p align=\"justify\"><span style=\"font-family: Arial,sans-serif;\"><b>Perfil<\/b><\/span><\/p>\n<p align=\"justify\"><span style=\"font-family: Arial,sans-serif;\">Com 20 anos de atua\u00e7\u00e3o parlamentar, Dalmo Ribeiro (PSDB), \u00e9 natural de Ouro Fino e \u00fanico representante da regi\u00e3o do Sul de Minas na Mesa Diretora. Iniciou suas atividades como funcion\u00e1rio p\u00fablico municipal, formou-se como t\u00e9cnico em Contabilidade e depois graduou-se em Direito. Al\u00e9m disso, tamb\u00e9m \u00e9 formado em Pedagogia.<\/span><\/p>\n<p align=\"justify\"><span style=\"font-family: Arial,sans-serif;\">Foi presidente da Comiss\u00e3o de Constitui\u00e7\u00e3o e Justi\u00e7a (CCJ), que \u00e9 a respons\u00e1vel pela an\u00e1lise dos aspectos jur\u00eddico, constitucional e legal dos projetos de lei em tramita\u00e7\u00e3o na Assembleia, al\u00e9m de autorizar processos contra deputados ou secret\u00e1rios de Estado. Comandou os trabalhos da CCJ entre os anos de 2005 a 2010, sendo o parlamentar que permaneceu por mais tempo na dire\u00e7\u00e3o desta comiss\u00e3o.<\/span><\/p>\n<p align=\"justify\"><span style=\"font-family: Arial,sans-serif;\">Presidiu tamb\u00e9m a Comiss\u00e3o do Trabalho, da Previd\u00eancia e da A\u00e7\u00e3o Social, foi membro efetivo da Comiss\u00e3o de Educa\u00e7\u00e3o, Ci\u00eancia e Tecnologia; de Assuntos Municipais e Regionaliza\u00e7\u00e3o; de Administra\u00e7\u00e3o P\u00fablica; de Transporte, Comunica\u00e7\u00e3o e Obras P\u00fablicas; do Consumidor e do Contribuinte e de Seguran\u00e7a P\u00fablica.<\/span><\/p>\n<p align=\"justify\"><span style=\"font-family: Arial,sans-serif;\">Foi o autor do requerimento que criou a Comiss\u00e3o Especial da Viol\u00eancia Contra a Mulher. Al\u00e9m disso, o deputado Dalmo foi o primeiro presidente da Comiss\u00e3o de \u00c9tica e Decoro Parlamentar. Atuou tamb\u00e9m como vice-presidente da Comiss\u00e3o de Turismo, Ind\u00fastria, Com\u00e9rcio e Cooperativismo.<\/span><\/p>\n<p align=\"justify\"><span style=\"font-family: Arial,sans-serif;\">Autor de mais de 500 projetos de lei, aprovou iniciativas importantes como a lei dos Arranjos Produtivos Locais (APLs), a que reconhece Apaes e as sociedades S\u00e3o Vicente de Paulo como de utilizada p\u00fablica e de relevante interesse social, al\u00e9m da emenda \u00e0 Constitui\u00e7\u00e3o que criou a Advocacia-Geral do Estado.<\/span><\/p>\n<p align=\"justify\"><span style=\"font-family: Arial,sans-serif;\"><b>Demais membros da Mesa Diretora<\/b><\/span><\/p>\n<p align=\"justify\"><span style=\"font-family: Arial,sans-serif;\">Os demais membros da Mesa s\u00e3o o deputado Adalclever Lopes, reeleito presidente; Lafayette de Andrada, 1\u00b0vice-presidente; In\u00e1cio Franco, 3\u00b0vice-presidente. Tamb\u00e9m foram eleitos para a Mesa o deputado Rog\u00e9rio Correia no cargo de 1\u00b0secret\u00e1rio, Alencar da Silveira Jr; reeleito 2\u00b0secret\u00e1rio, e o deputado Arlen Santiago, como 3\u00b0secret\u00e1rio. J\u00e1 o deputado Hely Tarq\u00fc\u00ednio ser\u00e1 designado como novo Ouvidor-geral da Assembleia de Minas. <\/span><\/p>\n","protected":false},"excerpt":{"rendered":"<p>Dalmo Ribeiro (PSDB) toma posse como Vice-presidente da ALMG Durante Reuni\u00e3o Especial realizada na quarta-feira (1\u00ba\/02\/17), no Plen\u00e1rio Juscelino Kubitscheck, da Assembleia Legislativa de Minas Gerais, o deputado Estadual Dalmo Ribeiro foi empossado como 2\u00ba Vice-presidente da Casa. \u201cCom muita honra, serei membro da Mesa Diretora da Assembleia Legislativa de Minas Gerais. \u00c9 uma satisfa\u00e7\u00e3o [&hellip;]<\/p>\n","protected":false},"author":2,"featured_media":0,"comment_status":"open","ping_status":"closed","sticky":false,"template":"","format":"standard","meta":{"rop_custom_images_group":[],"rop_custom_messages_group":[],"rop_publish_now":"initial","rop_publish_now_accounts":[],"rop_publish_now_history":[],"rop_publish_now_status":"pending","footnotes":""},"categories":[42,30],"tags":[],"class_list":["bg-stuff"],"_links":{"self":[{"href":"https:\/\/www.minasdosul.com.br\/index.php?rest_route=\/wp\/v2\/posts\/377","targetHints":{"allow":["GET"]}}],"collection":[{"href":"https:\/\/www.minasdosul.com.br\/index.php?rest_route=\/wp\/v2\/posts"}],"about":[{"href":"https:\/\/www.minasdosul.com.br\/index.php?rest_route=\/wp\/v2\/types\/post"}],"author":[{"embeddable":true,"href":"https:\/\/www.minasdosul.com.br\/index.php?rest_route=\/wp\/v2\/users\/2"}],"replies":[{"embeddable":true,"href":"https:\/\/www.minasdosul.com.br\/index.php?rest_route=%2Fwp%2Fv2%2Fcomments&post=377"}],"version-history":[{"count":2,"href":"https:\/\/www.minasdosul.com.br\/index.php?rest_route=\/wp\/v2\/posts\/377\/revisions"}],"predecessor-version":[{"id":380,"href":"https:\/\/www.minasdosul.com.br\/index.php?rest_route=\/wp\/v2\/posts\/377\/revisions\/380"}],"wp:attachment":[{"href":"https:\/\/www.minasdosul.com.br\/index.php?rest_route=%2Fwp%2Fv2%2Fmedia&parent=377"}],"wp:term":[{"taxonomy":"category","embeddable":true,"href":"https:\/\/www.minasdosul.com.br\/index.php?rest_route=%2Fwp%2Fv2%2Fcategories&post=377"},{"taxonomy":"post_tag","embeddable":true,"href":"https:\/\/www.minasdosul.com.br\/index.php?rest_route=%2Fwp%2Fv2%2Ftags&post=377"}],"curies":[{"name":"wp","href":"https:\/\/api.w.org\/{rel}","templated":true}]}}