{"id":375,"date":"2017-02-04T15:48:07","date_gmt":"2017-02-04T17:48:07","guid":{"rendered":"http:\/\/www.minasdosul.com.br\/?p=375"},"modified":"2017-02-04T15:48:07","modified_gmt":"2017-02-04T17:48:07","slug":"unifal-campus-varginha-ganha-restaurante-universitario","status":"publish","type":"post","link":"https:\/\/www.minasdosul.com.br\/?p=375","title":{"rendered":"UNIFAL Campus Varginha ganha Restaurante Universit\u00e1rio"},"content":{"rendered":"<h2 id=\"m_7494582727292005615page-title\" class=\"m_7494582727292005615title\" style=\"text-align: center;\">Campus Varginha ganha Restaurante Universit\u00e1rio<\/h2>\n<div>\n<div class=\"m_7494582727292005615field m_7494582727292005615field-name-field-subtitulo m_7494582727292005615field-type-text m_7494582727292005615field-label-hidden\">\n<div class=\"m_7494582727292005615field-items\">\n<div class=\"m_7494582727292005615field-item m_7494582727292005615even\" style=\"text-align: center;\">Inaugura\u00e7\u00e3o do RU contribuir\u00e1 para a perman\u00eancia dos alunos na unidade<\/div>\n<\/div>\n<\/div>\n<div class=\"m_7494582727292005615field m_7494582727292005615field-name-body m_7494582727292005615field-type-text-with-summary m_7494582727292005615field-label-hidden\">\n<div class=\"m_7494582727292005615field-items\">\n<div class=\"m_7494582727292005615field-item m_7494582727292005615even\">\n<p class=\"m_7494582727292005615rtecenter\"><a href=\"http:\/\/www.unifal-mg.edu.br\/comunicacao\/sites\/default\/files\/images\/20170302123038.jpg\" target=\"_blank\" data-saferedirecturl=\"https:\/\/www.google.com\/url?hl=pt-BR&amp;q=http:\/\/www.unifal-mg.edu.br\/comunicacao\/sites\/default\/files\/images\/20170302123038.jpg&amp;source=gmail&amp;ust=1486315704189000&amp;usg=AFQjCNHdGG1W23cm-lVOPF68e1xpXVOFfA\"><img decoding=\"async\" class=\"CToWUd aligncenter\" src=\"https:\/\/ci4.googleusercontent.com\/proxy\/SwADA-LfeT4o2FC5q17d-OXXaoI58Hu1_-J807hj9rxJw2obDfZmXe5SU0K5zIldcjtn9J0hVWDvuSyVJGSchBDzLCDlRcsmSZ9EAGzsn3Z60PVCURdweULttgWqPj7h_rLT2VjVYtza0L1dXvHkn1mkKgI3-gyIhhbqCBIGdhVgd58Jh2Ncj6okdgpY=s0-d-e1-ft#http:\/\/www.unifal-mg.edu.br\/comunicacao\/sites\/default\/files\/styles\/large\/public\/images\/20170302123038.jpg?itok=z5qwPxgB\" alt=\"\" \/><\/a><\/p>\n<p class=\"m_7494582727292005615rtejustify\" style=\"text-align: justify;\">Desde a \u00faltima quarta-feira, 01\/02, os estudantes do campus Varginha j\u00e1 est\u00e3o fazendo suas refei\u00e7\u00f5es no Restaurante Universit\u00e1rio (RU) do pr\u00f3prio campus. Em clima de expectativa e satisfa\u00e7\u00e3o, a entrega oficial \u00e0 comunidade foi prestigiada por estudantes, professores, t\u00e9cnico-administrativos, colaboradores terceirizados e dirigentes.<\/p>\n<p class=\"m_7494582727292005615rtejustify\" style=\"text-align: justify;\"><a href=\"http:\/\/www.unifal-mg.edu.br\/comunicacao\/sites\/default\/files\/images\/20170302123148.jpg\" target=\"_blank\" data-saferedirecturl=\"https:\/\/www.google.com\/url?hl=pt-BR&amp;q=http:\/\/www.unifal-mg.edu.br\/comunicacao\/sites\/default\/files\/images\/20170302123148.jpg&amp;source=gmail&amp;ust=1486315704189000&amp;usg=AFQjCNGwjqEqBVStZ-Jzgdu0UGwgnw4DdA\"><img decoding=\"async\" class=\"CToWUd aligncenter\" src=\"https:\/\/ci5.googleusercontent.com\/proxy\/nPVjyz8vDg7DteIvrdIAci27PghmZjLhYxBvvXY3gq7GrzIwmVvO-0CYIJmzWQbcGZPM5uRhgmKVGIgWkINeUlyE-9ZU7ycK7mD4631BhOz-PQu_7TjfV_1PSzXZ9Dcjd3-EtfcurUqs0oIMND78w-f1amVbN6CcDyP2z47XF44rMqZuKoIrw8g8JoqA=s0-d-e1-ft#http:\/\/www.unifal-mg.edu.br\/comunicacao\/sites\/default\/files\/styles\/large\/public\/images\/20170302123148.jpg?itok=Tipq6kel\" alt=\"\" \/><\/a>A cerim\u00f4nia de inaugura\u00e7\u00e3o foi conduzida pela pr\u00f3-reitora de Assuntos Comunit\u00e1rios e Estudantis (Prace), Prof\u00aa Maria de F\u00e1tima Sant&#8217;Anna, que fez quest\u00e3o de agradecer \u00e0s Pr\u00f3-Reitorias de Planejamento e de Administra\u00e7\u00e3o e Finan\u00e7as, bem como \u00e0 dire\u00e7\u00e3o do campus e aos representantes dos alunos da unidade, que se empenharam no processo de implanta\u00e7\u00e3o do RU.<em> \u201cToda inaugura\u00e7\u00e3o merece os agradecimentos\u201d, <\/em>destacou, ressaltando o di\u00e1logo estabelecido com a representa\u00e7\u00e3o do Diret\u00f3rio Acad\u00eamico. <em>\u201cEles nos ajudam sempre. Est\u00e3o sempre em di\u00e1logo com a Pr\u00f3-Reitoria. Foram fundamentais nesse processo todo\u201d, <\/em>afirmou, citando os estudantes Jorge Ferreira de Souza e Everton Carvalho.<a href=\"http:\/\/www.unifal-mg.edu.br\/comunicacao\/sites\/default\/files\/images\/20170302123349.jpg\" target=\"_blank\" data-saferedirecturl=\"https:\/\/www.google.com\/url?hl=pt-BR&amp;q=http:\/\/www.unifal-mg.edu.br\/comunicacao\/sites\/default\/files\/images\/20170302123349.jpg&amp;source=gmail&amp;ust=1486315704189000&amp;usg=AFQjCNGMKBUX34ZDY316nl1jfA76i7hpNA\"><img decoding=\"async\" class=\"CToWUd aligncenter\" src=\"https:\/\/ci5.googleusercontent.com\/proxy\/rbGp3c2rXjkI4RVq0XkcVXTcU8AOqI4HezCti3C033EVzS_Ygv2ORxumZAnFMyL0c25UJB8hxopBkUevlv9pxYAwwUosPp7KNH42GjEl6E3KOSh-iz_6t8c6FPOwv81sc8B9ScJUq8UC_00Qq895NCb-OS7P4mVadOyvbrtuV4xkSdz9VoQ_swKgE3j7=s0-d-e1-ft#http:\/\/www.unifal-mg.edu.br\/comunicacao\/sites\/default\/files\/styles\/large\/public\/images\/20170302123349.jpg?itok=C35zbOub\" alt=\"\" \/><\/a><\/p>\n<p class=\"m_7494582727292005615rtejustify\" style=\"text-align: justify;\">Segundo o discente Jorge, o RU \u00e9 fruto de uma luta antiga da classe estudantil do campus. <em>\u201cFoi uma luta que durou uns quatro anos, desde a inaugura\u00e7\u00e3o do campus e, n\u00f3s, ficamos muito felizes de estar presentes aqui para poder ajudar, tanto na inaugura\u00e7\u00e3o, quanto no acompanhando e andamento do RU\u201d,<\/em> disse.<\/p>\n<p class=\"m_7494582727292005615rtejustify\" style=\"text-align: justify;\">Representando o Instituto de Ci\u00eancias Sociais Aplicadas (ICSA), a professora Luciene Resende Gon\u00e7alves lembrou a import\u00e2ncia do RU para a perman\u00eancia dos alunos no campus. <em>\u201c\u00c9 com imensa satisfa\u00e7\u00e3o que o Instituto recebe a inaugura\u00e7\u00e3o dessa obra t\u00e3o importante para o campus de Varginha, sem d\u00favida isso vai facilitar a perman\u00eancia dos alunos no campus, contribuindo para o desenvolvimento de seus estudos\u201d<\/em>, afirmou, enfatizando ainda, que a implanta\u00e7\u00e3o do RU vai contribuir tamb\u00e9m para a socializa\u00e7\u00e3o na unidade.<\/p>\n<p class=\"m_7494582727292005615rtejustify\" style=\"text-align: justify;\">Em meio a agradecimentos \u00e0s Pr\u00f3-Reitorias, ao corpo administrativo e docente do campus e, sobretudo, aos colaboradores terceirizados e aos alunos, o diretor do campus, Prof. Paulo Roberto Rodrigues de Souza, comentou a complexidade da obra que passou por v\u00e1rios adiamentos at\u00e9 ser conclu\u00edda. <em>\u201cTodos esperavam por esse dia, tivemos v\u00e1rios adiamentos e n\u00f3s percebemos com essa obra, a dificuldade que \u00e9 a gest\u00e3o p\u00fablica. O pessoal da Administra\u00e7\u00e3o P\u00fablica tem que pensar na gest\u00e3o de pessoas, na <a href=\"http:\/\/www.unifal-mg.edu.br\/comunicacao\/sites\/default\/files\/images\/20170302123729.jpg\" target=\"_blank\" data-saferedirecturl=\"https:\/\/www.google.com\/url?hl=pt-BR&amp;q=http:\/\/www.unifal-mg.edu.br\/comunicacao\/sites\/default\/files\/images\/20170302123729.jpg&amp;source=gmail&amp;ust=1486315704189000&amp;usg=AFQjCNE5Of5bQ22h3FemKiM_eaUrDTS_EA\"><img decoding=\"async\" class=\"CToWUd aligncenter\" src=\"https:\/\/ci3.googleusercontent.com\/proxy\/hTk8dygpK4rgiG-kLePLtDkB79y4O5veVn6Fdt1OMhQNzoq2ptmswPF6JbY6dp55HKEsM_eFNHNzycPCEAlX7SL_uEBZEdM8sUtUphQuGHHtcALvYKzbxvSM24_QAoFJ8DHKUnttBSWe2_dD17wkxhFwHSLE7lkeCNooVmHjKqEVBa5gMMhK-geYJ6qX=s0-d-e1-ft#http:\/\/www.unifal-mg.edu.br\/comunicacao\/sites\/default\/files\/styles\/large\/public\/images\/20170302123729.jpg?itok=-wNuVSLf\" alt=\"\" \/><\/a>gest\u00e3o de recursos, pois \u00e9 empreiteiro que decreta fal\u00eancia no meio da obra, \u00e9 empresa que vende um produto e quer entregar outro. Ent\u00e3o, \u00e9 muito complexo para chegar nesse momento aqui, mas que bom que chegamos\u201d<\/em>, destacou.<\/p>\n<p class=\"m_7494582727292005615rtejustify\" style=\"text-align: justify;\">A Reitoria foi representada pela pr\u00f3-reitora de Gradua\u00e7\u00e3o, Profa. Lana Ermelinda da Silva dos Santos, que, durante a cerim\u00f4nia, falou em nome do reitor, Prof. Paulo M\u00e1rcio de Faria e Silva<em>. \u201cTenho certeza que ele agradeceria \u00e0 Pr\u00f3-Reitoria de Planejamento, \u00e0 Pr\u00f3-Reitoria de Administra\u00e7\u00e3o, \u00e0 dire\u00e7\u00e3o do campus, \u00e0 dire\u00e7\u00e3o do Instituto e a todos os envolvidos: t\u00e9cnicos, funcion\u00e1rios terceirizados, aos discentes e aos docentes. Mas tamb\u00e9m cumprimentaria pela qualidade da obra e pelo vencimento das dificuldades que n\u00e3o foram poucas\u201d,<\/em> comentou.<\/p>\n<p class=\"m_7494582727292005615rtejustify\" style=\"text-align: justify;\">Aproximadamente 130 pessoas prestigiaram o card\u00e1pio na inaugura\u00e7\u00e3o. Os representantes da empresa contratada para produzir as refei\u00e7\u00f5es, Jane Macedo e Aureliano Alves, prepararam um ambiente agrad\u00e1vel para marcar o momento, com a apresenta\u00e7\u00e3o musical do cantor J\u00falio Moura, de Varginha.<\/p>\n<p class=\"m_7494582727292005615rtejustify\" style=\"text-align: justify;\">Marcaram presen\u00e7a na inaugura\u00e7\u00e3o tamb\u00e9m, a pr\u00f3-reitora de Administra\u00e7\u00e3o e Finan\u00e7as, Vera L\u00facia de Carvalho Rosa, e o representante da Coordenadoria de Projetos e Obras da Pr\u00f3-Reitoria de Planejamento, Or\u00e7amento e Desenvolvimento Institucional, Charles Guimar\u00e3es Lopes.<\/p>\n<p style=\"text-align: justify;\"><strong>Estrutura do RU do campus Varginha<\/strong><\/p>\n<p class=\"m_7494582727292005615rtejustify\" style=\"text-align: justify;\"><a href=\"http:\/\/www.unifal-mg.edu.br\/comunicacao\/sites\/default\/files\/images\/20170302123557.jpg\" target=\"_blank\" data-saferedirecturl=\"https:\/\/www.google.com\/url?hl=pt-BR&amp;q=http:\/\/www.unifal-mg.edu.br\/comunicacao\/sites\/default\/files\/images\/20170302123557.jpg&amp;source=gmail&amp;ust=1486315704189000&amp;usg=AFQjCNGrPFUar-UXgrGrcFr_9Ose2eELBg\"><img decoding=\"async\" class=\"CToWUd aligncenter\" src=\"https:\/\/ci4.googleusercontent.com\/proxy\/uzG8H55ytEFmRCZ_YrJ7u39x91URSjrYwfxdBIlGqfx6NbElZ-hP9BfpO9bR3fvRDEIhDwaddqkfj0iYBCakyNHV8dI7j8F7EuAMwlR0pWzgH0B5Ptq1i5qoGP3qP5KwV0dztUHnMpJ3uk7BjXUadUVXFICPFaP-t0EqSwzDn-uF0NY7QypVuDLB-7vT=s0-d-e1-ft#http:\/\/www.unifal-mg.edu.br\/comunicacao\/sites\/default\/files\/styles\/large\/public\/images\/20170302123557.jpg?itok=4nObsLuC\" alt=\"\" \/><\/a>Com capacidade para 280 pessoas, o pr\u00e9dio do Restaurante Universit\u00e1rio do campus Varginha foi constru\u00eddo em uma \u00e1rea de 1.000 m\u00b2, atendendo a todas as normas de vigil\u00e2ncia sanit\u00e1ria para higieniza\u00e7\u00e3o de instala\u00e7\u00f5es, equipamentos e utens\u00edlios. Atenta \u00e0s pr\u00e1ticas sustent\u00e1veis, a Coordenadoria de Projetos e Obras incluiu o sistema LED na ilumina\u00e7\u00e3o predial, que contribui para a economia do consumo de energia el\u00e9trica. Al\u00e9m disso, foi adotado o sistema solar para o aquecimento de \u00e1gua do pr\u00e9dio. O investimento chegou a R$ 1.500.000,00.<\/p>\n<p class=\"m_7494582727292005615rtejustify\" style=\"text-align: justify;\"><strong>Hor\u00e1rio de Funcionamento<\/strong><\/p>\n<div class=\"m_7494582727292005615rtejustify\" style=\"text-align: justify;\">Caf\u00e9 da manh\u00e3 \u2013 das 7h \u00e0s 8h30 (refeit\u00f3rio fecha \u00e0s 8h40)<\/div>\n<div class=\"m_7494582727292005615rtejustify\" style=\"text-align: justify;\">Almo\u00e7o \u2013 das 11h \u00e0s 13h30 (refeit\u00f3rio fecha \u00e0s 14h)<\/div>\n<div class=\"m_7494582727292005615rtejustify\" style=\"text-align: justify;\">Jantar \u2013 das 18h30 \u00e0s 21h15 (refeit\u00f3rio fecha \u00e0s 21h40)<\/div>\n<p class=\"m_7494582727292005615rtejustify\" style=\"text-align: justify;\">Lembrando que o almo\u00e7o tamb\u00e9m ser\u00e1 servido aos s\u00e1bados.<\/p>\n<p class=\"m_7494582727292005615rtejustify\" style=\"text-align: justify;\"><strong>Sobre os valores das refei\u00e7\u00f5es<\/strong><\/p>\n<p class=\"m_7494582727292005615rtejustify\" style=\"text-align: justify;\">Os estudantes participantes do Programa de Assist\u00eancia Estudantil t\u00eam direito a realizar as tr\u00eas refei\u00e7\u00f5es di\u00e1rias (caf\u00e9 da manh\u00e3, almo\u00e7o e jantar) gratuitamente. Para o aux\u00edlio perman\u00eancia n\u00e3o h\u00e1 altera\u00e7\u00f5es.<\/p>\n<p class=\"m_7494582727292005615rtejustify\" style=\"text-align: justify;\">Para aqueles que recebiam o aux\u00edlio perman\u00eancia + R$195,00 (cento e noventa e cinco reais) referente ao aux\u00edlio-alimenta\u00e7\u00e3o receber\u00e3o apenas o valor correspondente ao aux\u00edlio perman\u00eancia.<\/p>\n<p class=\"m_7494582727292005615rtejustify\" style=\"text-align: justify;\">Aqueles que recebiam apenas o aux\u00edlio-alimenta\u00e7\u00e3o no valor de R$195,00 (cento e noventa e cinco reais) ter\u00e3o direito ao aux\u00edlio-alimenta\u00e7\u00e3o por meio do consumo de refei\u00e7\u00f5es no RU e n\u00e3o mais por meio do dep\u00f3sito dos R$195,00 em conta banc\u00e1ria.<\/p>\n<p class=\"m_7494582727292005615rtejustify\" style=\"text-align: justify;\">Al\u00e9m da unidade de Varginha da UNIFAL-MG, tamb\u00e9m a sede e o campus de Po\u00e7os de Caldas possuem restaurantes.<\/p>\n<\/div>\n<\/div>\n<\/div>\n<\/div>\n","protected":false},"excerpt":{"rendered":"<p>Campus Varginha ganha Restaurante Universit\u00e1rio Inaugura\u00e7\u00e3o do RU contribuir\u00e1 para a perman\u00eancia dos alunos na unidade Desde a \u00faltima quarta-feira, 01\/02, os estudantes do campus Varginha j\u00e1 est\u00e3o fazendo suas refei\u00e7\u00f5es no Restaurante Universit\u00e1rio (RU) do pr\u00f3prio campus. Em clima de expectativa e satisfa\u00e7\u00e3o, a entrega oficial \u00e0 comunidade foi prestigiada por estudantes, professores, t\u00e9cnico-administrativos, [&hellip;]<\/p>\n","protected":false},"author":2,"featured_media":0,"comment_status":"open","ping_status":"closed","sticky":false,"template":"","format":"standard","meta":{"rop_custom_images_group":[],"rop_custom_messages_group":[],"rop_publish_now":"initial","rop_publish_now_accounts":[],"rop_publish_now_history":[],"rop_publish_now_status":"pending","footnotes":""},"categories":[47,42,43],"tags":[],"class_list":["bg-stuff"],"_links":{"self":[{"href":"https:\/\/www.minasdosul.com.br\/index.php?rest_route=\/wp\/v2\/posts\/375","targetHints":{"allow":["GET"]}}],"collection":[{"href":"https:\/\/www.minasdosul.com.br\/index.php?rest_route=\/wp\/v2\/posts"}],"about":[{"href":"https:\/\/www.minasdosul.com.br\/index.php?rest_route=\/wp\/v2\/types\/post"}],"author":[{"embeddable":true,"href":"https:\/\/www.minasdosul.com.br\/index.php?rest_route=\/wp\/v2\/users\/2"}],"replies":[{"embeddable":true,"href":"https:\/\/www.minasdosul.com.br\/index.php?rest_route=%2Fwp%2Fv2%2Fcomments&post=375"}],"version-history":[{"count":1,"href":"https:\/\/www.minasdosul.com.br\/index.php?rest_route=\/wp\/v2\/posts\/375\/revisions"}],"predecessor-version":[{"id":376,"href":"https:\/\/www.minasdosul.com.br\/index.php?rest_route=\/wp\/v2\/posts\/375\/revisions\/376"}],"wp:attachment":[{"href":"https:\/\/www.minasdosul.com.br\/index.php?rest_route=%2Fwp%2Fv2%2Fmedia&parent=375"}],"wp:term":[{"taxonomy":"category","embeddable":true,"href":"https:\/\/www.minasdosul.com.br\/index.php?rest_route=%2Fwp%2Fv2%2Fcategories&post=375"},{"taxonomy":"post_tag","embeddable":true,"href":"https:\/\/www.minasdosul.com.br\/index.php?rest_route=%2Fwp%2Fv2%2Ftags&post=375"}],"curies":[{"name":"wp","href":"https:\/\/api.w.org\/{rel}","templated":true}]}}