{"id":372,"date":"2017-02-04T15:38:44","date_gmt":"2017-02-04T17:38:44","guid":{"rendered":"http:\/\/www.minasdosul.com.br\/?p=372"},"modified":"2017-02-04T15:38:44","modified_gmt":"2017-02-04T17:38:44","slug":"encontro-regional-de-vereadores","status":"publish","type":"post","link":"https:\/\/www.minasdosul.com.br\/?p=372","title":{"rendered":"Encontro Regional de Vereadores"},"content":{"rendered":"<h3 style=\"text-align: center;\"><strong>Vereadores de Varginha participam de encontro regional<\/strong><\/h3>\n<p style=\"text-align: justify;\"><a href=\"http:\/\/www.minasdosul.com.br\/wp-content\/uploads\/2017\/02\/curso_avemag.jpg\"><img loading=\"lazy\" decoding=\"async\" class=\"aligncenter size-medium wp-image-373\" src=\"http:\/\/www.minasdosul.com.br\/wp-content\/uploads\/2017\/02\/curso_avemag-300x225.jpg\" alt=\"curso_avemag\" width=\"300\" height=\"225\" srcset=\"https:\/\/www.minasdosul.com.br\/wp-content\/uploads\/2017\/02\/curso_avemag-300x225.jpg 300w, https:\/\/www.minasdosul.com.br\/wp-content\/uploads\/2017\/02\/curso_avemag.jpg 320w\" sizes=\"auto, (max-width: 300px) 100vw, 300px\" \/><\/a>Na manh\u00e3 da sexta-feira (03\/02\/2017) os vereadores Delegado Celso \u00c1vila, Dudu Ottoni, Jo\u00e3ozinho Enfermeiro e o Presidente da C\u00e2mara de Varginha, vereador Zacarias Piva, participaram de um Encontro entre Presidentes da C\u00e2mara, membros da Mesa Diretora e vereadores da regi\u00e3o.<\/p>\n<p style=\"text-align: justify;\">Neste encontro foram abordados assuntos referentes \u00e0 Legislatura que se inicia e os desafios que devem ser enfrentados e resolvidos pelos agentes p\u00fablicos.<\/p>\n<p style=\"text-align: justify;\">O encontro foi promovido pela Avemag \u2013 Associa\u00e7\u00e3o dos Vereadores e C\u00e2maras Municipais da Microrregi\u00e3o do Circuito das \u00c1guas, na sede da Avemag, em Concei\u00e7\u00e3o do Rio Verde.<\/p>\n","protected":false},"excerpt":{"rendered":"<p>Vereadores de Varginha participam de encontro regional Na manh\u00e3 da sexta-feira (03\/02\/2017) os vereadores Delegado Celso \u00c1vila, Dudu Ottoni, Jo\u00e3ozinho Enfermeiro e o Presidente da C\u00e2mara de Varginha, vereador Zacarias Piva, participaram de um Encontro entre Presidentes da C\u00e2mara, membros da Mesa Diretora e vereadores da regi\u00e3o. Neste encontro foram abordados assuntos referentes \u00e0 Legislatura [&hellip;]<\/p>\n","protected":false},"author":2,"featured_media":0,"comment_status":"open","ping_status":"closed","sticky":false,"template":"","format":"standard","meta":{"rop_custom_images_group":[],"rop_custom_messages_group":[],"rop_publish_now":"initial","rop_publish_now_accounts":[],"rop_publish_now_history":[],"rop_publish_now_status":"pending","footnotes":""},"categories":[42,30,43],"tags":[],"class_list":["bg-stuff"],"_links":{"self":[{"href":"https:\/\/www.minasdosul.com.br\/index.php?rest_route=\/wp\/v2\/posts\/372","targetHints":{"allow":["GET"]}}],"collection":[{"href":"https:\/\/www.minasdosul.com.br\/index.php?rest_route=\/wp\/v2\/posts"}],"about":[{"href":"https:\/\/www.minasdosul.com.br\/index.php?rest_route=\/wp\/v2\/types\/post"}],"author":[{"embeddable":true,"href":"https:\/\/www.minasdosul.com.br\/index.php?rest_route=\/wp\/v2\/users\/2"}],"replies":[{"embeddable":true,"href":"https:\/\/www.minasdosul.com.br\/index.php?rest_route=%2Fwp%2Fv2%2Fcomments&post=372"}],"version-history":[{"count":1,"href":"https:\/\/www.minasdosul.com.br\/index.php?rest_route=\/wp\/v2\/posts\/372\/revisions"}],"predecessor-version":[{"id":374,"href":"https:\/\/www.minasdosul.com.br\/index.php?rest_route=\/wp\/v2\/posts\/372\/revisions\/374"}],"wp:attachment":[{"href":"https:\/\/www.minasdosul.com.br\/index.php?rest_route=%2Fwp%2Fv2%2Fmedia&parent=372"}],"wp:term":[{"taxonomy":"category","embeddable":true,"href":"https:\/\/www.minasdosul.com.br\/index.php?rest_route=%2Fwp%2Fv2%2Fcategories&post=372"},{"taxonomy":"post_tag","embeddable":true,"href":"https:\/\/www.minasdosul.com.br\/index.php?rest_route=%2Fwp%2Fv2%2Ftags&post=372"}],"curies":[{"name":"wp","href":"https:\/\/api.w.org\/{rel}","templated":true}]}}