{"id":365,"date":"2017-02-03T12:05:20","date_gmt":"2017-02-03T14:05:20","guid":{"rendered":"http:\/\/www.minasdosul.com.br\/?p=365"},"modified":"2017-02-03T12:05:20","modified_gmt":"2017-02-03T14:05:20","slug":"agora-os-vereadores-so-tem-uma-semana","status":"publish","type":"post","link":"https:\/\/www.minasdosul.com.br\/?p=365","title":{"rendered":"Agora os vereadores s\u00f3 tem uma semana"},"content":{"rendered":"<p style=\"text-align: center;\"><strong>C\u00e2mara de Varginha aprova sistema que democratiza e torna din\u00e2mico o trabalho dos vereadores<\/strong><\/p>\n<p style=\"text-align: justify;\"><a href=\"http:\/\/www.minasdosul.com.br\/wp-content\/uploads\/2017\/02\/DSC_6115.jpg\"><img loading=\"lazy\" decoding=\"async\" class=\"size-medium wp-image-366 alignleft\" src=\"http:\/\/www.minasdosul.com.br\/wp-content\/uploads\/2017\/02\/DSC_6115-300x225.jpg\" alt=\"DSC_6115\" width=\"300\" height=\"225\" srcset=\"https:\/\/www.minasdosul.com.br\/wp-content\/uploads\/2017\/02\/DSC_6115-300x225.jpg 300w, https:\/\/www.minasdosul.com.br\/wp-content\/uploads\/2017\/02\/DSC_6115.jpg 320w\" sizes=\"auto, (max-width: 300px) 100vw, 300px\" \/><\/a><a href=\"http:\/\/www.minasdosul.com.br\/wp-content\/uploads\/2017\/02\/DSC_6129.jpg\"><img loading=\"lazy\" decoding=\"async\" class=\"aligncenter size-medium wp-image-367\" src=\"http:\/\/www.minasdosul.com.br\/wp-content\/uploads\/2017\/02\/DSC_6129-300x225.jpg\" alt=\"DSC_6129\" width=\"300\" height=\"225\" srcset=\"https:\/\/www.minasdosul.com.br\/wp-content\/uploads\/2017\/02\/DSC_6129-300x225.jpg 300w, https:\/\/www.minasdosul.com.br\/wp-content\/uploads\/2017\/02\/DSC_6129.jpg 320w\" sizes=\"auto, (max-width: 300px) 100vw, 300px\" \/><\/a><\/p>\n<p style=\"text-align: justify;\"><a href=\"http:\/\/www.minasdosul.com.br\/wp-content\/uploads\/2017\/02\/DSC_6126.jpg\"><img loading=\"lazy\" decoding=\"async\" class=\"size-medium wp-image-370 alignleft\" src=\"http:\/\/www.minasdosul.com.br\/wp-content\/uploads\/2017\/02\/DSC_6126-300x225.jpg\" alt=\"DSC_6126\" width=\"300\" height=\"225\" srcset=\"https:\/\/www.minasdosul.com.br\/wp-content\/uploads\/2017\/02\/DSC_6126-300x225.jpg 300w, https:\/\/www.minasdosul.com.br\/wp-content\/uploads\/2017\/02\/DSC_6126.jpg 320w\" sizes=\"auto, (max-width: 300px) 100vw, 300px\" \/><\/a><\/p>\n<p style=\"text-align: justify;\"><a href=\"http:\/\/www.minasdosul.com.br\/wp-content\/uploads\/2017\/02\/DSC_6131.jpg\"><img loading=\"lazy\" decoding=\"async\" class=\"aligncenter size-medium wp-image-369\" src=\"http:\/\/www.minasdosul.com.br\/wp-content\/uploads\/2017\/02\/DSC_6131-300x225.jpg\" alt=\"DSC_6131\" width=\"300\" height=\"225\" srcset=\"https:\/\/www.minasdosul.com.br\/wp-content\/uploads\/2017\/02\/DSC_6131-300x225.jpg 300w, https:\/\/www.minasdosul.com.br\/wp-content\/uploads\/2017\/02\/DSC_6131.jpg 320w\" sizes=\"auto, (max-width: 300px) 100vw, 300px\" \/><\/a>\u00a0A C\u00e2mara de Vereadores de Varginha realizou nesta quarta-feira (1) a primeira reuni\u00e3o ordin\u00e1ria da Legislatura 2017\/2020 e uma das novidades para o atual mandato foi apresentada e aprovada pela unanimidade dos vereadores.<\/p>\n<p style=\"text-align: justify;\">A Mesa Diretora apresentou um projeto de resolu\u00e7\u00e3o que tem como objetivo democratizar e tornar mais din\u00e2mico o sistema de reservas das proposi\u00e7\u00f5es e Projetos de Lei apresentados pelos vereadores de Varginha.<\/p>\n<p style=\"text-align: justify;\">Anteriormente, os vereadores podiam reservar quantas proposi\u00e7\u00f5es e Projetos achassem necess\u00e1rios, para apresentar no momento que julgassem oportuno. Havia reservas que ficavam durante um ano no sistema, mas n\u00e3o eram apresentadas. Assim, o outro vereador que tivesse inten\u00e7\u00e3o de trabalhar aquele mesmo assunto, n\u00e3o poderia, pois ele j\u00e1 estava reservado para quem acessou o sistema primeiro.<\/p>\n<p style=\"text-align: justify;\">Agora, s\u00f3 podem ser feitas reservas para uma semana. O sistema abre na quinta-feira de manh\u00e3 e encerra o prazo para inclus\u00e3o do assunto que o vereador quer tratar na reuni\u00e3o, na ter\u00e7a-feira. As proposi\u00e7\u00f5es e projetos s\u00e3o apresentados na quarta-feira.<\/p>\n<p style=\"text-align: justify;\">O presidente da C\u00e2mara, vereador Zacarias Piva, acredita que com essa mudan\u00e7a o trabalho ser\u00e1 mais din\u00e2mico e justo. \u201cTivemos uma renova\u00e7\u00e3o grande na C\u00e2mara<\/p>\n<p style=\"text-align: justify;\">\u00a0e temos muitos vereadores de primeiro mandato. Por isso, seria injusto que os vereadores que j\u00e1 t\u00eam experi\u00eancia pudessem trazer suas propostas de outras legislaturas e j\u00e1 sair na frente. Da forma que fizemos, eu acredito que vamos manter a igualdade, a celeridade no trabalho e maior transpar\u00eancia. Tamb\u00e9m vamos conseguir representar melhor a popula\u00e7\u00e3o, pois n\u00e3o teremos assuntos travados na C\u00e2mara \u00e0 espera do vereador para apresentar\u201d, explicou o presidente Zacarias Piva.<\/p>\n<p style=\"text-align: justify;\">Os vereadores aprovaram por unanimidade o projeto e tanto os reeleitos quanto os novatos elogiaram o Projeto de Resolu\u00e7\u00e3o de autoria da Mesa Diretora da C\u00e2mara de Varginha.<\/p>\n","protected":false},"excerpt":{"rendered":"<p>C\u00e2mara de Varginha aprova sistema que democratiza e torna din\u00e2mico o trabalho dos vereadores \u00a0A C\u00e2mara de Vereadores de Varginha realizou nesta quarta-feira (1) a primeira reuni\u00e3o ordin\u00e1ria da Legislatura 2017\/2020 e uma das novidades para o atual mandato foi apresentada e aprovada pela unanimidade dos vereadores. A Mesa Diretora apresentou um projeto de resolu\u00e7\u00e3o [&hellip;]<\/p>\n","protected":false},"author":2,"featured_media":0,"comment_status":"open","ping_status":"closed","sticky":false,"template":"","format":"standard","meta":{"rop_custom_images_group":[],"rop_custom_messages_group":[],"rop_publish_now":"initial","rop_publish_now_accounts":[],"rop_publish_now_history":[],"rop_publish_now_status":"pending","footnotes":""},"categories":[43],"tags":[],"class_list":["bg-stuff"],"_links":{"self":[{"href":"https:\/\/www.minasdosul.com.br\/index.php?rest_route=\/wp\/v2\/posts\/365","targetHints":{"allow":["GET"]}}],"collection":[{"href":"https:\/\/www.minasdosul.com.br\/index.php?rest_route=\/wp\/v2\/posts"}],"about":[{"href":"https:\/\/www.minasdosul.com.br\/index.php?rest_route=\/wp\/v2\/types\/post"}],"author":[{"embeddable":true,"href":"https:\/\/www.minasdosul.com.br\/index.php?rest_route=\/wp\/v2\/users\/2"}],"replies":[{"embeddable":true,"href":"https:\/\/www.minasdosul.com.br\/index.php?rest_route=%2Fwp%2Fv2%2Fcomments&post=365"}],"version-history":[{"count":1,"href":"https:\/\/www.minasdosul.com.br\/index.php?rest_route=\/wp\/v2\/posts\/365\/revisions"}],"predecessor-version":[{"id":371,"href":"https:\/\/www.minasdosul.com.br\/index.php?rest_route=\/wp\/v2\/posts\/365\/revisions\/371"}],"wp:attachment":[{"href":"https:\/\/www.minasdosul.com.br\/index.php?rest_route=%2Fwp%2Fv2%2Fmedia&parent=365"}],"wp:term":[{"taxonomy":"category","embeddable":true,"href":"https:\/\/www.minasdosul.com.br\/index.php?rest_route=%2Fwp%2Fv2%2Fcategories&post=365"},{"taxonomy":"post_tag","embeddable":true,"href":"https:\/\/www.minasdosul.com.br\/index.php?rest_route=%2Fwp%2Fv2%2Ftags&post=365"}],"curies":[{"name":"wp","href":"https:\/\/api.w.org\/{rel}","templated":true}]}}