{"id":361,"date":"2017-02-03T11:46:51","date_gmt":"2017-02-03T13:46:51","guid":{"rendered":"http:\/\/www.minasdosul.com.br\/?p=361"},"modified":"2017-02-03T11:47:29","modified_gmt":"2017-02-03T13:47:29","slug":"camara-de-varginha-tv","status":"publish","type":"post","link":"https:\/\/www.minasdosul.com.br\/?p=361","title":{"rendered":"C\u00e2mara de Varginha na TV"},"content":{"rendered":"<p style=\"text-align: center;\"><strong>Sess\u00f5es da C\u00e2mara de Varginha est\u00e3o sendo exibidas pela TV Princesa<\/strong><\/p>\n<p style=\"text-align: justify;\"><a href=\"http:\/\/www.minasdosul.com.br\/wp-content\/uploads\/2017\/02\/TV-Princesa.jpg\"><img loading=\"lazy\" decoding=\"async\" class=\"aligncenter size-medium wp-image-362\" src=\"http:\/\/www.minasdosul.com.br\/wp-content\/uploads\/2017\/02\/TV-Princesa-300x225.jpg\" alt=\"TV Princesa\" width=\"300\" height=\"225\" srcset=\"https:\/\/www.minasdosul.com.br\/wp-content\/uploads\/2017\/02\/TV-Princesa-300x225.jpg 300w, https:\/\/www.minasdosul.com.br\/wp-content\/uploads\/2017\/02\/TV-Princesa.jpg 320w\" sizes=\"auto, (max-width: 300px) 100vw, 300px\" \/><\/a>\u00a0\u00a0 Desde o dia 2 de fevereiro, todas as ter\u00e7as e quintas-feiras, as sess\u00f5es Ordin\u00e1rias da C\u00e2mara Municipal de Varginha ser\u00e3o veiculadas na TV Princesa, canal 7, \u00e0s 18h00, em car\u00e1ter experimental. O espa\u00e7o foi cedido pela Prefeitura, atendendo a uma solicita\u00e7\u00e3o do presidente da C\u00e2mara, vereador Zacarias Piva.<\/p>\n<p style=\"text-align: justify;\">\u201c\u00c9 mais uma forma de darmos transpar\u00eancia \u00e0s a\u00e7\u00f5es do Legislativo. Nossas sess\u00f5es j\u00e1 s\u00e3o transmitidas, ao vivo, pelo canal da C\u00e2mara de Varginha no Youtube e, agora, parte da reuni\u00e3o ser\u00e1 exibida na TV Princesa, que \u00e9 um canal aberto e de f\u00e1cil acesso para qualquer pessoa que tenha uma televis\u00e3o em casa. Agradecemos muito ao prefeito por ter entendido a import\u00e2ncia dessa iniciativa e ao diretor da TV Princesa, Nyei Nadeia, por todo o apoio que tem dado\u201d, disse o presidente Zacarias.<\/p>\n<p style=\"text-align: justify;\">As sess\u00f5es Ordin\u00e1rias da C\u00e2mara ocorrem toda segunda e quarta-feira \u00e0s 18h00. O material ser\u00e1 veiculado no dia seguinte \u00e0 sess\u00e3o, com dura\u00e7\u00e3o de meia hora.<\/p>\n","protected":false},"excerpt":{"rendered":"<p>Sess\u00f5es da C\u00e2mara de Varginha est\u00e3o sendo exibidas pela TV Princesa \u00a0\u00a0 Desde o dia 2 de fevereiro, todas as ter\u00e7as e quintas-feiras, as sess\u00f5es Ordin\u00e1rias da C\u00e2mara Municipal de Varginha ser\u00e3o veiculadas na TV Princesa, canal 7, \u00e0s 18h00, em car\u00e1ter experimental. O espa\u00e7o foi cedido pela Prefeitura, atendendo a uma solicita\u00e7\u00e3o do presidente [&hellip;]<\/p>\n","protected":false},"author":2,"featured_media":0,"comment_status":"open","ping_status":"closed","sticky":false,"template":"","format":"standard","meta":{"rop_custom_images_group":[],"rop_custom_messages_group":[],"rop_publish_now":"initial","rop_publish_now_accounts":[],"rop_publish_now_history":[],"rop_publish_now_status":"pending","footnotes":""},"categories":[43],"tags":[],"class_list":["bg-stuff"],"_links":{"self":[{"href":"https:\/\/www.minasdosul.com.br\/index.php?rest_route=\/wp\/v2\/posts\/361","targetHints":{"allow":["GET"]}}],"collection":[{"href":"https:\/\/www.minasdosul.com.br\/index.php?rest_route=\/wp\/v2\/posts"}],"about":[{"href":"https:\/\/www.minasdosul.com.br\/index.php?rest_route=\/wp\/v2\/types\/post"}],"author":[{"embeddable":true,"href":"https:\/\/www.minasdosul.com.br\/index.php?rest_route=\/wp\/v2\/users\/2"}],"replies":[{"embeddable":true,"href":"https:\/\/www.minasdosul.com.br\/index.php?rest_route=%2Fwp%2Fv2%2Fcomments&post=361"}],"version-history":[{"count":2,"href":"https:\/\/www.minasdosul.com.br\/index.php?rest_route=\/wp\/v2\/posts\/361\/revisions"}],"predecessor-version":[{"id":364,"href":"https:\/\/www.minasdosul.com.br\/index.php?rest_route=\/wp\/v2\/posts\/361\/revisions\/364"}],"wp:attachment":[{"href":"https:\/\/www.minasdosul.com.br\/index.php?rest_route=%2Fwp%2Fv2%2Fmedia&parent=361"}],"wp:term":[{"taxonomy":"category","embeddable":true,"href":"https:\/\/www.minasdosul.com.br\/index.php?rest_route=%2Fwp%2Fv2%2Fcategories&post=361"},{"taxonomy":"post_tag","embeddable":true,"href":"https:\/\/www.minasdosul.com.br\/index.php?rest_route=%2Fwp%2Fv2%2Ftags&post=361"}],"curies":[{"name":"wp","href":"https:\/\/api.w.org\/{rel}","templated":true}]}}