{"id":352,"date":"2017-02-03T11:29:03","date_gmt":"2017-02-03T13:29:03","guid":{"rendered":"http:\/\/www.minasdosul.com.br\/?p=352"},"modified":"2017-02-03T11:29:29","modified_gmt":"2017-02-03T13:29:29","slug":"fundacao-cultural-reune-artesaos","status":"publish","type":"post","link":"https:\/\/www.minasdosul.com.br\/?p=352","title":{"rendered":"Funda\u00e7\u00e3o Cultural re\u00fane artes\u00e3os"},"content":{"rendered":"<p style=\"text-align: center;\"><strong>Funda\u00e7\u00e3o Cultural re\u00fane artes\u00e3os para definir detalhes sobre as Feiras e Exposi\u00e7\u00f5es em 2017<\/strong><\/p>\n<p style=\"text-align: justify;\"><a href=\"http:\/\/www.minasdosul.com.br\/wp-content\/uploads\/2017\/02\/Fund.Cultu-IMG_1839.jpg\"><img loading=\"lazy\" decoding=\"async\" class=\"size-medium wp-image-358 alignleft\" src=\"http:\/\/www.minasdosul.com.br\/wp-content\/uploads\/2017\/02\/Fund.Cultu-IMG_1839-300x225.jpg\" alt=\"Fund.Cultu IMG_1839\" width=\"300\" height=\"225\" srcset=\"https:\/\/www.minasdosul.com.br\/wp-content\/uploads\/2017\/02\/Fund.Cultu-IMG_1839-300x225.jpg 300w, https:\/\/www.minasdosul.com.br\/wp-content\/uploads\/2017\/02\/Fund.Cultu-IMG_1839.jpg 320w\" sizes=\"auto, (max-width: 300px) 100vw, 300px\" \/><\/a>\u00a0\u00a0 Foi realizada dia 2\/02\/17, na Casa da Cultura, a primeira reuni\u00e3o do ano com os representantes das associa\u00e7\u00f5es de artes\u00e3os e das entidades que realizam trabalhos manuais para defini\u00e7\u00e3o dos aspectos log\u00edsticos e infraestruturais das Feiras de Maio e Natalina, al\u00e9m das exposi\u00e7\u00f5es no Foyer do Theatro Municipal Capit\u00f3lio. Estiveram presentes as associa\u00e7\u00f5es de artes\u00e3os Assoart, Aminarte, Associa\u00e7\u00e3o dos Aposentados, Associa\u00e7\u00e3o Janet Finatti e Avec. O diretor Superintendente da Funda\u00e7\u00e3o Cultural de Varginha, Leandro Acayaba, foi respons\u00e1vel pela abertura e apresenta\u00e7\u00e3o da reuni\u00e3o, que em seguida foi comandada pelo diretor da Casa da Cultura, Lindon Lopes.<\/p>\n<p style=\"text-align: justify;\">Atualmente a Funda\u00e7\u00e3o Cultural possui 205 artes\u00e3os cadastrados no Sistema Municipal de Cultura. Para se cadastrar \u00e9 necess\u00e1rio preencher uma ficha e anexar fotos do trabalho desenvolvido. Para mais informa\u00e7\u00f5es, os artes\u00e3os devem entrar em contato no telefone 3690-2703.<\/p>\n","protected":false},"excerpt":{"rendered":"<p>Funda\u00e7\u00e3o Cultural re\u00fane artes\u00e3os para definir detalhes sobre as Feiras e Exposi\u00e7\u00f5es em 2017 \u00a0\u00a0 Foi realizada dia 2\/02\/17, na Casa da Cultura, a primeira reuni\u00e3o do ano com os representantes das associa\u00e7\u00f5es de artes\u00e3os e das entidades que realizam trabalhos manuais para defini\u00e7\u00e3o dos aspectos log\u00edsticos e infraestruturais das Feiras de Maio e Natalina, [&hellip;]<\/p>\n","protected":false},"author":2,"featured_media":0,"comment_status":"open","ping_status":"closed","sticky":false,"template":"","format":"standard","meta":{"rop_custom_images_group":[],"rop_custom_messages_group":[],"rop_publish_now":"initial","rop_publish_now_accounts":[],"rop_publish_now_history":[],"rop_publish_now_status":"pending","footnotes":""},"categories":[43],"tags":[],"class_list":["bg-stuff"],"_links":{"self":[{"href":"https:\/\/www.minasdosul.com.br\/index.php?rest_route=\/wp\/v2\/posts\/352","targetHints":{"allow":["GET"]}}],"collection":[{"href":"https:\/\/www.minasdosul.com.br\/index.php?rest_route=\/wp\/v2\/posts"}],"about":[{"href":"https:\/\/www.minasdosul.com.br\/index.php?rest_route=\/wp\/v2\/types\/post"}],"author":[{"embeddable":true,"href":"https:\/\/www.minasdosul.com.br\/index.php?rest_route=\/wp\/v2\/users\/2"}],"replies":[{"embeddable":true,"href":"https:\/\/www.minasdosul.com.br\/index.php?rest_route=%2Fwp%2Fv2%2Fcomments&post=352"}],"version-history":[{"count":2,"href":"https:\/\/www.minasdosul.com.br\/index.php?rest_route=\/wp\/v2\/posts\/352\/revisions"}],"predecessor-version":[{"id":360,"href":"https:\/\/www.minasdosul.com.br\/index.php?rest_route=\/wp\/v2\/posts\/352\/revisions\/360"}],"wp:attachment":[{"href":"https:\/\/www.minasdosul.com.br\/index.php?rest_route=%2Fwp%2Fv2%2Fmedia&parent=352"}],"wp:term":[{"taxonomy":"category","embeddable":true,"href":"https:\/\/www.minasdosul.com.br\/index.php?rest_route=%2Fwp%2Fv2%2Fcategories&post=352"},{"taxonomy":"post_tag","embeddable":true,"href":"https:\/\/www.minasdosul.com.br\/index.php?rest_route=%2Fwp%2Fv2%2Ftags&post=352"}],"curies":[{"name":"wp","href":"https:\/\/api.w.org\/{rel}","templated":true}]}}