{"id":347,"date":"2017-01-31T18:37:04","date_gmt":"2017-01-31T20:37:04","guid":{"rendered":"http:\/\/www.minasdosul.com.br\/?p=347"},"modified":"2017-01-31T18:38:28","modified_gmt":"2017-01-31T20:38:28","slug":"feira-de-negocios-cocatrel-minasul","status":"publish","type":"post","link":"https:\/\/www.minasdosul.com.br\/?p=347","title":{"rendered":"Feira de Neg\u00f3cios Cocatrel Minasul"},"content":{"rendered":"<h3 style=\"text-align: center;\"><b>2\u00ba Feira de Neg\u00f3cios Cocatrel Minasul &#8211; Fecom &#8211; ser\u00e1 realizada em mar\u00e7o<\/b><\/h3>\n<p><a href=\"http:\/\/www.minasdosul.com.br\/wp-content\/uploads\/2017\/01\/Cocatrel-2\u00aa-Feira-1.jpg\"><img loading=\"lazy\" decoding=\"async\" class=\"aligncenter size-medium wp-image-349\" src=\"http:\/\/www.minasdosul.com.br\/wp-content\/uploads\/2017\/01\/Cocatrel-2\u00aa-Feira-1-300x111.jpg\" alt=\"Cocatrel 2\u00aa Feira\" width=\"300\" height=\"111\" srcset=\"https:\/\/www.minasdosul.com.br\/wp-content\/uploads\/2017\/01\/Cocatrel-2\u00aa-Feira-1-300x111.jpg 300w, https:\/\/www.minasdosul.com.br\/wp-content\/uploads\/2017\/01\/Cocatrel-2\u00aa-Feira-1-768x285.jpg 768w, https:\/\/www.minasdosul.com.br\/wp-content\/uploads\/2017\/01\/Cocatrel-2\u00aa-Feira-1.jpg 960w\" sizes=\"auto, (max-width: 300px) 100vw, 300px\" \/><\/a>A Cocatrel &#8211; Cooperativa dos Cafeicultores da Zona de Tr\u00eas Pontas, e a Minasul &#8211; Cooperativa dos Cafeicultores da Zona de Varginha, consolidam parceria iniciada em 2016 com a organiza\u00e7\u00e3o da segunda edi\u00e7\u00e3o da Feira de Neg\u00f3cios Cocatrel Minasul \u2013 Fecom. O evento tem o objetivo de unir for\u00e7as entre duas grandes cooperativas do Sul de Minas e beneficiar, cada vez mais, os cerca de 11 mil cooperados atendidos pela Cocatrel e Minasul.<\/p>\n<p>A segunda edi\u00e7\u00e3o da Feira de Neg\u00f3cios &#8211; Fecom ser\u00e1 realizada nos dias 7, 8 e 9 de mar\u00e7o de 2017 e vai oferecer exposi\u00e7\u00e3o e venda de m\u00e1quinas, equipamentos e insumos; condi\u00e7\u00f5es especiais para compras \u00e0 vista; barter (troca por caf\u00e9 em at\u00e9 3 anos); e abertura de linhas de cr\u00e9dito especiais.<\/p>\n<p>Um p\u00fablico de 10 mil pessoas \u00e9 esperado para esta segunda edi\u00e7\u00e3o do evento, que tamb\u00e9m recebe cooperados, agricultores, t\u00e9cnicos agr\u00edcolas, pesquisadores, representantes comerciais, empres\u00e1rios, empreendedores e demais envolvidos com o agroneg\u00f3cio. Em sua primeira edi\u00e7\u00e3o, em 2016, o volume de neg\u00f3cios superou R$ 70 milh\u00f5es.<\/p>\n","protected":false},"excerpt":{"rendered":"<p>2\u00ba Feira de Neg\u00f3cios Cocatrel Minasul &#8211; Fecom &#8211; ser\u00e1 realizada em mar\u00e7o A Cocatrel &#8211; Cooperativa dos Cafeicultores da Zona de Tr\u00eas Pontas, e a Minasul &#8211; Cooperativa dos Cafeicultores da Zona de Varginha, consolidam parceria iniciada em 2016 com a organiza\u00e7\u00e3o da segunda edi\u00e7\u00e3o da Feira de Neg\u00f3cios Cocatrel Minasul \u2013 Fecom. O [&hellip;]<\/p>\n","protected":false},"author":2,"featured_media":0,"comment_status":"open","ping_status":"closed","sticky":false,"template":"","format":"standard","meta":{"rop_custom_images_group":[],"rop_custom_messages_group":[],"rop_publish_now":"initial","rop_publish_now_accounts":[],"rop_publish_now_history":[],"rop_publish_now_status":"pending","footnotes":""},"categories":[42],"tags":[],"class_list":["bg-stuff"],"_links":{"self":[{"href":"https:\/\/www.minasdosul.com.br\/index.php?rest_route=\/wp\/v2\/posts\/347","targetHints":{"allow":["GET"]}}],"collection":[{"href":"https:\/\/www.minasdosul.com.br\/index.php?rest_route=\/wp\/v2\/posts"}],"about":[{"href":"https:\/\/www.minasdosul.com.br\/index.php?rest_route=\/wp\/v2\/types\/post"}],"author":[{"embeddable":true,"href":"https:\/\/www.minasdosul.com.br\/index.php?rest_route=\/wp\/v2\/users\/2"}],"replies":[{"embeddable":true,"href":"https:\/\/www.minasdosul.com.br\/index.php?rest_route=%2Fwp%2Fv2%2Fcomments&post=347"}],"version-history":[{"count":1,"href":"https:\/\/www.minasdosul.com.br\/index.php?rest_route=\/wp\/v2\/posts\/347\/revisions"}],"predecessor-version":[{"id":350,"href":"https:\/\/www.minasdosul.com.br\/index.php?rest_route=\/wp\/v2\/posts\/347\/revisions\/350"}],"wp:attachment":[{"href":"https:\/\/www.minasdosul.com.br\/index.php?rest_route=%2Fwp%2Fv2%2Fmedia&parent=347"}],"wp:term":[{"taxonomy":"category","embeddable":true,"href":"https:\/\/www.minasdosul.com.br\/index.php?rest_route=%2Fwp%2Fv2%2Fcategories&post=347"},{"taxonomy":"post_tag","embeddable":true,"href":"https:\/\/www.minasdosul.com.br\/index.php?rest_route=%2Fwp%2Fv2%2Ftags&post=347"}],"curies":[{"name":"wp","href":"https:\/\/api.w.org\/{rel}","templated":true}]}}