{"id":345,"date":"2017-01-31T18:24:17","date_gmt":"2017-01-31T20:24:17","guid":{"rendered":"http:\/\/www.minasdosul.com.br\/?p=345"},"modified":"2017-01-31T18:24:17","modified_gmt":"2017-01-31T20:24:17","slug":"campus-unifal-varginha-sedia-encontro-de-contadores-e-estudantes","status":"publish","type":"post","link":"https:\/\/www.minasdosul.com.br\/?p=345","title":{"rendered":"Campus Unifal-Varginha sedia encontro de contadores e estudantes"},"content":{"rendered":"<div>\n<h4 id=\"m_-4605944142492990481page-title\" class=\"m_-4605944142492990481title\" style=\"text-align: center;\">Campus Varginha sedia encontro de contadores e estudantes de Ci\u00eancias Cont\u00e1beis<\/h4>\n<div>\n<div class=\"m_-4605944142492990481field m_-4605944142492990481field-name-field-subtitulo m_-4605944142492990481field-type-text m_-4605944142492990481field-label-hidden\">\n<div class=\"m_-4605944142492990481field-items\">\n<div class=\"m_-4605944142492990481field-item m_-4605944142492990481even\"><em>&#8220;Inova\u00e7\u00e3o&#8221; foi um dos temas abordados no evento<\/em><\/div>\n<div class=\"m_-4605944142492990481field-item m_-4605944142492990481even\"><em>\u00a0<\/em><\/div>\n<\/div>\n<\/div>\n<div class=\"m_-4605944142492990481field m_-4605944142492990481field-name-body m_-4605944142492990481field-type-text-with-summary m_-4605944142492990481field-label-hidden\">\n<div class=\"m_-4605944142492990481field-items\">\n<div class=\"m_-4605944142492990481field-item m_-4605944142492990481even\">\n<p class=\"m_-4605944142492990481rtecenter\"><a href=\"http:\/\/www.unifal-mg.edu.br\/comunicacao\/sites\/default\/files\/images\/20173001133524.jpg\" target=\"_blank\" data-saferedirecturl=\"https:\/\/www.google.com\/url?hl=pt-BR&amp;q=http:\/\/www.unifal-mg.edu.br\/comunicacao\/sites\/default\/files\/images\/20173001133524.jpg&amp;source=gmail&amp;ust=1485976119786000&amp;usg=AFQjCNG7cOQTJlKgxuNOmk_hXoxH4jgJ7Q\"><img decoding=\"async\" class=\"CToWUd\" src=\"https:\/\/ci3.googleusercontent.com\/proxy\/61B4kJBhmscP_-7bNPKFVCFW76e1N2JM0xVG1a0zCEUEYdaL8P6RAIe_BZG7V73nExu-zs0bPhq9ckf1dnUyOStN0F8Iiyg2jIXDFSVYpQi92lxzmYsh5XMIsSnNnwAvqCk4Y2gnNdbBgJY91q_RoBuOpZvMrUOcGx0RSIFxh00MGAtf2kLW_24SpiMl=s0-d-e1-ft#http:\/\/www.unifal-mg.edu.br\/comunicacao\/sites\/default\/files\/styles\/large\/public\/images\/20173001133524.jpg?itok=WsofCo7M\" alt=\"\" \/><\/a><\/p>\n<p class=\"m_-4605944142492990481rtejustify\">Estudantes de Ci\u00eancias Cont\u00e1beis e jovens contadores se reuniram no campus Varginha da UNIFAL-MG, no s\u00e1bado, 28\/01, para participar do <strong>1\u00ba Encontro de Jovens Contadores e Estudantes de Ci\u00eancias Cont\u00e1beis<\/strong>, evento realizado pelo Conselho Regional de Contabilidade Jovem do Sul de Minas, especialmente para quem est\u00e1 come\u00e7ando ou ainda apenas planeja atuar na carreira de contador. Entre os quatro palestrantes convidados para falar sobre a realidade da profiss\u00e3o e a import\u00e2ncia dos jovens atuarem na \u00e1rea de cont\u00e1beis, esteve o professor H\u00e9lio Lemes, do Instituto de Ci\u00eancias Sociais Aplicadas da UNIFAL-MG.<\/p>\n<p class=\"m_-4605944142492990481rtejustify\"><em>\u201cNovidade n\u00e3o necessariamente traz um resultado para quem pensou aquela novidade&#8221;, <\/em>destacou o pesquisador da Universidade durante a palestra <strong>\u201cInova\u00e7\u00e3o e tecnologia em rela\u00e7\u00e3o aos neg\u00f3cios empresariais\u201d.<\/strong><em> &#8220;Eu s\u00f3 sou inovador quando transformo a minha ideia em neg\u00f3cio\u201d, <\/em>afirmou.<\/p>\n<p class=\"m_-4605944142492990481rtejustify\">O encontro envolveu alunos dos cursos de Ci\u00eancias Cont\u00e1beis da FACECA, UNIS, UNINCOR, UNIFENAS, FUMESC, CESEP e outras institui\u00e7\u00f5es de ensino.. Al\u00e9m da palestra do professor H\u00e9lio, os participantes prestigiaram tamb\u00e9m temas como <em>\u201cA import\u00e2ncia do jovem contador no dia a dia da profiss\u00e3o\u201d,<\/em> <em>\u201cO que espera um jovem gestor da Contabilidade\u201d<\/em> e <em>\u201cComo encantar seus clientes\u201d.<\/em><\/p>\n<p class=\"m_-4605944142492990481rtejustify\">Para realizar o evento,\u00a0 o Conselho Regional de Contabilidade Jovem do Sul de Minas contou com o apoio da UNIFAL-MG, CRC-MG, IPECONT Consultoria e Educa\u00e7\u00e3o Corporativa, FECON e dos Sindicatos dos Contabilistas de S\u00e3o Jo\u00e3o Del Rey, Lavras, Pouso Alegre, Po\u00e7os de Caldas e Varginha.<\/p>\n<p class=\"m_-4605944142492990481rtejustify\">Acesse o v\u00eddeo da palestra do Prof. H\u00e9lio Lemes durante o evento.<\/p>\n<p class=\"m_-4605944142492990481rtejustify\"><a title=\"Campus Varginha da UNIFAL-MG sedia encontro de contadores e estudantes de Ci\u00eancias Cont\u00e1beis \"><img decoding=\"async\" class=\"CToWUd a6T\" tabindex=\"0\" src=\"https:\/\/mail.google.com\/mail\/u\/0\/?ui=2&amp;ik=25c9b90026&amp;view=fimg&amp;th=159f0acc0dd49d00&amp;attid=0.1.1&amp;disp=emb&amp;attbid=ANGjdJ-59cGoNdPLuUW8fFwfPKt1j4fgWTqUgyQS3lq86sne9Cp2fLAUIXCNE8bHG5OVgAtI7L9ZkQubqzZ6uJGwiyGjYdWIbM5w13PPFMg5Rqi71QkqkAKvuv1zBHQ&amp;sz=s0-l75-ft&amp;ats=1485889719785&amp;rm=159f0acc0dd49d00&amp;zw&amp;atsh=1\" \/><\/a><\/p>\n<div class=\"m_-4605944142492990481rtejustify\"><em>Com informa\u00e7\u00f5es: H\u00e9lio Lemes, professor do Instituto de Ci\u00eancias Sociais Aplicadas do campus Varginha da UNIFAL-MG, e IPECONT Consultoria e Educa\u00e7\u00e3o Corporativa<\/em><\/div>\n<div class=\"m_-4605944142492990481rtejustify\"><em>Foto: IPECONT Consultoria e Educa\u00e7\u00e3o Corporativa<\/em><\/div>\n<div class=\"m_-4605944142492990481rtejustify\"><em>V\u00eddeo: arquivo pessoal do Prof. H\u00e9lio Lemes<\/em><\/div>\n<\/div>\n<\/div>\n<\/div>\n<\/div>\n<\/div>\n","protected":false},"excerpt":{"rendered":"<p>Campus Varginha sedia encontro de contadores e estudantes de Ci\u00eancias Cont\u00e1beis &#8220;Inova\u00e7\u00e3o&#8221; foi um dos temas abordados no evento \u00a0 Estudantes de Ci\u00eancias Cont\u00e1beis e jovens contadores se reuniram no campus Varginha da UNIFAL-MG, no s\u00e1bado, 28\/01, para participar do 1\u00ba Encontro de Jovens Contadores e Estudantes de Ci\u00eancias Cont\u00e1beis, evento realizado pelo Conselho Regional [&hellip;]<\/p>\n","protected":false},"author":2,"featured_media":0,"comment_status":"open","ping_status":"closed","sticky":false,"template":"","format":"standard","meta":{"rop_custom_images_group":[],"rop_custom_messages_group":[],"rop_publish_now":"initial","rop_publish_now_accounts":[],"rop_publish_now_history":[],"rop_publish_now_status":"pending","footnotes":""},"categories":[47,43],"tags":[],"class_list":["bg-stuff"],"_links":{"self":[{"href":"https:\/\/www.minasdosul.com.br\/index.php?rest_route=\/wp\/v2\/posts\/345","targetHints":{"allow":["GET"]}}],"collection":[{"href":"https:\/\/www.minasdosul.com.br\/index.php?rest_route=\/wp\/v2\/posts"}],"about":[{"href":"https:\/\/www.minasdosul.com.br\/index.php?rest_route=\/wp\/v2\/types\/post"}],"author":[{"embeddable":true,"href":"https:\/\/www.minasdosul.com.br\/index.php?rest_route=\/wp\/v2\/users\/2"}],"replies":[{"embeddable":true,"href":"https:\/\/www.minasdosul.com.br\/index.php?rest_route=%2Fwp%2Fv2%2Fcomments&post=345"}],"version-history":[{"count":1,"href":"https:\/\/www.minasdosul.com.br\/index.php?rest_route=\/wp\/v2\/posts\/345\/revisions"}],"predecessor-version":[{"id":346,"href":"https:\/\/www.minasdosul.com.br\/index.php?rest_route=\/wp\/v2\/posts\/345\/revisions\/346"}],"wp:attachment":[{"href":"https:\/\/www.minasdosul.com.br\/index.php?rest_route=%2Fwp%2Fv2%2Fmedia&parent=345"}],"wp:term":[{"taxonomy":"category","embeddable":true,"href":"https:\/\/www.minasdosul.com.br\/index.php?rest_route=%2Fwp%2Fv2%2Fcategories&post=345"},{"taxonomy":"post_tag","embeddable":true,"href":"https:\/\/www.minasdosul.com.br\/index.php?rest_route=%2Fwp%2Fv2%2Ftags&post=345"}],"curies":[{"name":"wp","href":"https:\/\/api.w.org\/{rel}","templated":true}]}}