{"id":338,"date":"2017-01-31T18:16:58","date_gmt":"2017-01-31T20:16:58","guid":{"rendered":"http:\/\/www.minasdosul.com.br\/?p=338"},"modified":"2017-01-31T18:17:22","modified_gmt":"2017-01-31T20:17:22","slug":"vereadores-participam-de-solenidade","status":"publish","type":"post","link":"https:\/\/www.minasdosul.com.br\/?p=338","title":{"rendered":"Vereadores participam de solenidade"},"content":{"rendered":"<h3 id=\":nt\" class=\"hP\" style=\"text-align: center;\" tabindex=\"-1\">Vereadores participam de solenidade no Batalh\u00e3o dos Bombeiros em Varginha<\/h3>\n<p><a href=\"http:\/\/www.minasdosul.com.br\/wp-content\/uploads\/2017\/01\/Bombeiros-1.jpg\"><img loading=\"lazy\" decoding=\"async\" class=\"alignnone size-medium wp-image-339\" src=\"http:\/\/www.minasdosul.com.br\/wp-content\/uploads\/2017\/01\/Bombeiros-1-300x188.jpg\" alt=\"Bombeiros 1\" width=\"300\" height=\"188\" srcset=\"https:\/\/www.minasdosul.com.br\/wp-content\/uploads\/2017\/01\/Bombeiros-1-300x188.jpg 300w, https:\/\/www.minasdosul.com.br\/wp-content\/uploads\/2017\/01\/Bombeiros-1.jpg 383w\" sizes=\"auto, (max-width: 300px) 100vw, 300px\" \/><\/a> \u00a0<a href=\"http:\/\/www.minasdosul.com.br\/wp-content\/uploads\/2017\/01\/Bombeiros-DSC_5865.jpg\"><img loading=\"lazy\" decoding=\"async\" class=\"alignnone size-medium wp-image-340\" src=\"http:\/\/www.minasdosul.com.br\/wp-content\/uploads\/2017\/01\/Bombeiros-DSC_5865-300x164.jpg\" alt=\"Bombeiros DSC_5865\" width=\"300\" height=\"164\" srcset=\"https:\/\/www.minasdosul.com.br\/wp-content\/uploads\/2017\/01\/Bombeiros-DSC_5865-300x164.jpg 300w, https:\/\/www.minasdosul.com.br\/wp-content\/uploads\/2017\/01\/Bombeiros-DSC_5865.jpg 438w\" sizes=\"auto, (max-width: 300px) 100vw, 300px\" \/><\/a> \u00a0<a href=\"http:\/\/www.minasdosul.com.br\/wp-content\/uploads\/2017\/01\/Bombeiros-DSC_5942-1.jpg\"><img loading=\"lazy\" decoding=\"async\" class=\"aligncenter size-medium wp-image-342\" src=\"http:\/\/www.minasdosul.com.br\/wp-content\/uploads\/2017\/01\/Bombeiros-DSC_5942-1-300x192.jpg\" alt=\"Bombeiros DSC_5942\" width=\"300\" height=\"192\" srcset=\"https:\/\/www.minasdosul.com.br\/wp-content\/uploads\/2017\/01\/Bombeiros-DSC_5942-1-300x192.jpg 300w, https:\/\/www.minasdosul.com.br\/wp-content\/uploads\/2017\/01\/Bombeiros-DSC_5942-1.jpg 375w\" sizes=\"auto, (max-width: 300px) 100vw, 300px\" \/><\/a>O presidente da C\u00e2mara de Varginha, vereador Zacarias Piva, juntamente com os vereadores Bui\u00fa do \u00d4nibus, Delegado Celso \u00c1vila, Dudu Ottoni, Leonardo Ciacci, Zilda Silva e Zu\u00e9 do Esporte estiveram na sede da 1\u00aa Companhia Operacional do 9\u00ba Batalh\u00e3o de Bombeiro Militar em Varginha, na manh\u00e3 desta segunda-feira (30\/01), para solenidade que homenageou integrantes do Corpo de Bombeiros e pessoas que contribuem com o trabalho da u<span class=\"m_21430394864037988gmail-text_exposed_show\">nidade.<\/span><\/p>\n<div class=\"m_21430394864037988gmail-text_exposed_show\">\n<p>Na ocasi\u00e3o, tamb\u00e9m foi realizada a cerim\u00f4nia de promo\u00e7\u00e3o dos aspirantes a Oficial ao posto de 2\u00ba Tenente.<br \/>\nO diploma \u201cAmigo do Corpo de Bombeiro\u201d foi entregue a v\u00e1rias empresas e entidades da comunidade que colaboraram com a institui\u00e7\u00e3o.<\/p>\n<\/div>\n","protected":false},"excerpt":{"rendered":"<p>Vereadores participam de solenidade no Batalh\u00e3o dos Bombeiros em Varginha \u00a0 \u00a0O presidente da C\u00e2mara de Varginha, vereador Zacarias Piva, juntamente com os vereadores Bui\u00fa do \u00d4nibus, Delegado Celso \u00c1vila, Dudu Ottoni, Leonardo Ciacci, Zilda Silva e Zu\u00e9 do Esporte estiveram na sede da 1\u00aa Companhia Operacional do 9\u00ba Batalh\u00e3o de Bombeiro Militar em Varginha, [&hellip;]<\/p>\n","protected":false},"author":2,"featured_media":0,"comment_status":"open","ping_status":"closed","sticky":false,"template":"","format":"standard","meta":{"rop_custom_images_group":[],"rop_custom_messages_group":[],"rop_publish_now":"initial","rop_publish_now_accounts":[],"rop_publish_now_history":[],"rop_publish_now_status":"pending","footnotes":""},"categories":[43],"tags":[],"class_list":["bg-stuff"],"_links":{"self":[{"href":"https:\/\/www.minasdosul.com.br\/index.php?rest_route=\/wp\/v2\/posts\/338","targetHints":{"allow":["GET"]}}],"collection":[{"href":"https:\/\/www.minasdosul.com.br\/index.php?rest_route=\/wp\/v2\/posts"}],"about":[{"href":"https:\/\/www.minasdosul.com.br\/index.php?rest_route=\/wp\/v2\/types\/post"}],"author":[{"embeddable":true,"href":"https:\/\/www.minasdosul.com.br\/index.php?rest_route=\/wp\/v2\/users\/2"}],"replies":[{"embeddable":true,"href":"https:\/\/www.minasdosul.com.br\/index.php?rest_route=%2Fwp%2Fv2%2Fcomments&post=338"}],"version-history":[{"count":2,"href":"https:\/\/www.minasdosul.com.br\/index.php?rest_route=\/wp\/v2\/posts\/338\/revisions"}],"predecessor-version":[{"id":344,"href":"https:\/\/www.minasdosul.com.br\/index.php?rest_route=\/wp\/v2\/posts\/338\/revisions\/344"}],"wp:attachment":[{"href":"https:\/\/www.minasdosul.com.br\/index.php?rest_route=%2Fwp%2Fv2%2Fmedia&parent=338"}],"wp:term":[{"taxonomy":"category","embeddable":true,"href":"https:\/\/www.minasdosul.com.br\/index.php?rest_route=%2Fwp%2Fv2%2Fcategories&post=338"},{"taxonomy":"post_tag","embeddable":true,"href":"https:\/\/www.minasdosul.com.br\/index.php?rest_route=%2Fwp%2Fv2%2Ftags&post=338"}],"curies":[{"name":"wp","href":"https:\/\/api.w.org\/{rel}","templated":true}]}}