{"id":335,"date":"2017-01-31T17:54:24","date_gmt":"2017-01-31T19:54:24","guid":{"rendered":"http:\/\/www.minasdosul.com.br\/?p=335"},"modified":"2017-01-31T17:54:24","modified_gmt":"2017-01-31T19:54:24","slug":"deputado-arantes-comemora-10-anos-de-mandato","status":"publish","type":"post","link":"https:\/\/www.minasdosul.com.br\/?p=335","title":{"rendered":"Deputado Arantes comemora 10 anos de mandato"},"content":{"rendered":"<p align=\"justify\"><span style=\"font-family: Arial,sans-serif;\"><span style=\"font-size: medium;\"> O deputado estadual Antonio Carlos Arantes (PSDB) completa, nesta quarta-feira (1\u00ba\/02\/17), 10 anos de mandato na Assembleia Legislativa de Minas Gerais (ALMG). <\/span><\/span><\/p>\n<p align=\"justify\"><a href=\"http:\/\/www.minasdosul.com.br\/wp-content\/uploads\/2017\/01\/Arantes-0.png\"><img loading=\"lazy\" decoding=\"async\" class=\"size-full wp-image-336 aligncenter\" src=\"http:\/\/www.minasdosul.com.br\/wp-content\/uploads\/2017\/01\/Arantes-0.png\" alt=\"Arantes 0\" width=\"258\" height=\"240\" \/><\/a><\/p>\n<p align=\"justify\"><span style=\"font-family: Arial,sans-serif;\"><span style=\"font-size: medium;\">\u201cEssa data \u00e9 um marco significativo, momento de fazer um balan\u00e7o das nossas a\u00e7\u00f5es e tra\u00e7ar estrat\u00e9gias de trabalho para os pr\u00f3ximos anos\u201d, afirmou o parlamentar. Segundo ele, o balan\u00e7o \u00e9 positivo, pois, entre desafios e dificuldades, h\u00e1 muitas conquistas para se comemorar.<\/span><\/span><\/p>\n<p align=\"justify\"><span style=\"font-family: Arial,sans-serif;\"><span style=\"font-size: medium;\"> Segundo sua Assessoria, ao longo desses dez anos, Arantes teve um crescimento significativo em sua vota\u00e7\u00e3o. Em seu primeiro mandato, na 16\u00aa legislatura (2007-2010), foi eleito com 47.485 votos. J\u00e1 no segundo mandato, na 17\u00aa legislatura (2011-2014), recebeu 74.542 votos. Chegou ao terceiro mandato com praticamente o dobro de votos em rela\u00e7\u00e3o \u00e0 vota\u00e7\u00e3o obtida na primeira elei\u00e7\u00e3o. Na 18\u00aa legislatura (2015 a 2018), obteve 90.939 votos.<\/span><\/span><\/p>\n<p align=\"justify\"><span style=\"font-family: Arial,sans-serif;\"><span style=\"font-size: medium;\"> Esse mesmo crescimento, segundo sua Assessoria, se deu em rela\u00e7\u00e3o a sua base pol\u00edtica que se expandiu para outras regi\u00f5es do Estado, al\u00e9m da Sudoeste. \u201cCrescemos na regi\u00e3o Sul e firmamos parcerias pol\u00edticas no Centro-Oeste, Vale do A\u00e7o e Central. Estamos trabalhando em mais de 80 munic\u00edpios com apoio de prefeitos, vereadores e lideran\u00e7as pol\u00edticas. Fizemos novas parcerias e consolidamos as antigas alian\u00e7as para seguirmos firmes no nosso objetivo de melhorar ainda mais a vida das pessoas\u201d, avaliou Arantes.<\/span><\/span><\/p>\n<p align=\"justify\"><span style=\"font-family: Arial,sans-serif;\"><span style=\"font-size: medium;\"> O deputado foi presidente da Comiss\u00e3o de Pol\u00edtica Agropecu\u00e1ria e Agroindustrial da ALMG por cinco anos e atuou com foco no produtor rural e no desenvolvimento da agropecu\u00e1ria. Atualmente, preside a Comiss\u00e3o de Desenvolvimento Econ\u00f4mico h\u00e1 dois anos e tem trabalhado com foco no desenvolvimento econ\u00f4mico por meio do turismo, cooperativismo, ind\u00fastria e com\u00e9rcio, Arantes coordenou dezenas de audi\u00eancias p\u00fablicas para debater os mais variados temas e apresentou centenas de requerimentos.<\/span><\/span><\/p>\n<p align=\"justify\"><span style=\"font-family: Arial,sans-serif;\"><span style=\"font-size: medium;\"> Al\u00e9m disso, prop\u00f4s v\u00e1rios projetos de lei. Alguns se tornaram leis, como no caso das leis do Queijo Minas Artesanal e do PAA Familiar. Outros est\u00e3o tramitando na Assembleia e v\u00e3o incrementar a economia mineira, como por exemplo a legisla\u00e7\u00e3o que trata do desenvolvimento das <i>startups<\/i>. Algumas leis, apesar de n\u00e3o serem de sua autoria, t\u00eam sua marca registrada, como o C\u00f3digo Florestal Mineiro. Arantes trabalhou incansavelmente pela formula\u00e7\u00e3o de uma legisla\u00e7\u00e3o que conciliasse produ\u00e7\u00e3o e preserva\u00e7\u00e3o ambiental.<\/span><\/span><\/p>\n<p align=\"justify\"><span style=\"font-family: Arial,sans-serif;\"><span style=\"font-size: medium;\"> Nesse per\u00edodo de trabalho na Assembleia tem atuado como presidente de cinco importantes Frentes Parlamentares da ALMG: Frente Parlamentar do Cooperativismo (Frencoop-MG); Frente Parlamentar de Defesa do Com\u00e9rcio, dos Lojistas e dos Prestadores de Servi\u00e7os de Minas Gerais; Frente Parlamentar Pela Valoriza\u00e7\u00e3o do Setor Sucroenerg\u00e9tico; Frente Parlamentar da Silvicultura e da Frente Parlamentar em Defesa da Cadeia Produtiva do Leite.<\/span><\/span><\/p>\n<p align=\"justify\"><span style=\"font-family: Arial,sans-serif;\"><span style=\"font-size: medium;\"> Arantes tamb\u00e9m faz parte da Frente Parlamentar de Apoio \u00e0s Santas Casas de Miseric\u00f3rdia, Hospitais e Entidades Filantr\u00f3picas na \u00c1rea da Sa\u00fade de Minas Gerais e da Comiss\u00e3o Extraordin\u00e1ria do Idoso. Essa sua atua\u00e7\u00e3o mostra o seu envolvimento com as demandas sociais. \u201cTenho um compromisso com os asilos, APAE\u00b4s, creches, institui\u00e7\u00f5es para recupera\u00e7\u00e3o de dependentes qu\u00edmicos\u201d, pontuou o parlamentar.<\/span><\/span><\/p>\n<p align=\"justify\"><span style=\"font-family: Arial,sans-serif;\"><span style=\"font-size: medium;\"> Segundo Arantes, fruto do seu empenho, a regi\u00e3o se beneficiou com mais de 500 quil\u00f4metros de rodovias recuperadas e centenas de quil\u00f4metros de rodovias constru\u00eddas, al\u00e9m da pavimenta\u00e7\u00e3o de ruas em v\u00e1rios munic\u00edpios. Por sua indica\u00e7\u00e3o, mais de 200 escolas foram reformadas e ampliadas, mais de 50 hospitais receberam recursos e mais de 50 postos de sa\u00fade foram constru\u00eddos. Em parceria com \u00f3rg\u00e3os governamentais, milhares de fam\u00edlias conquistaram o sonho da casa pr\u00f3pria, pois, foram mais de 5 mil casas populares constru\u00eddas nas zonas urbana e rural. Seguran\u00e7a P\u00fablica, Esporte e Cultura tamb\u00e9m foram alvo de muito trabalho com a colheita de \u00f3timos resultados.<\/span><\/span><\/p>\n<p align=\"justify\"><span style=\"font-family: Arial,sans-serif;\"><span style=\"font-size: medium;\"> Para o deputado, al\u00e9m de comemorar, esse \u00e9 o momento de agradecer a Deus e a todos que o apoiaram ao longo desse tempo: familiares, amigos, parceiros, parlamentares e toda a sua equipe de gabinete. \u201cGostaria de ressaltar, tamb\u00e9m, o trabalho em parceria com os governadores A\u00e9cio Neves (PSDB), Antonio Anastasia (PSDB) e Alberto Pinto Coelho (PP) e com o amigo de longa data, o deputado federal Carlos Melles (DEM), al\u00e9m dos deputados estaduais. Ningu\u00e9m faz nada sozinho e sei que s\u00f3 foi poss\u00edvel chegar at\u00e9 aqui gra\u00e7as ao apoio de todos\u201d, reconheceu o parlamentar.<\/span><\/span><\/p>\n<p align=\"justify\"><span style=\"font-family: Arial,sans-serif;\"><span style=\"font-size: medium;\"> \u201cForam 10 anos de muitos desafios e conquistas. O caminho \u00e9 longo e seguiremos firmes no prop\u00f3sito de lutar por melhorias para a nossa regi\u00e3o. Que os pr\u00f3ximos anos possam ser de muito trabalho, a\u00e7\u00e3o e resultado\u201d, enfatizou o parlamentar.<\/span><\/span><\/p>\n","protected":false},"excerpt":{"rendered":"<p>O deputado estadual Antonio Carlos Arantes (PSDB) completa, nesta quarta-feira (1\u00ba\/02\/17), 10 anos de mandato na Assembleia Legislativa de Minas Gerais (ALMG). \u201cEssa data \u00e9 um marco significativo, momento de fazer um balan\u00e7o das nossas a\u00e7\u00f5es e tra\u00e7ar estrat\u00e9gias de trabalho para os pr\u00f3ximos anos\u201d, afirmou o parlamentar. Segundo ele, o balan\u00e7o \u00e9 positivo, pois, [&hellip;]<\/p>\n","protected":false},"author":2,"featured_media":0,"comment_status":"open","ping_status":"closed","sticky":false,"template":"","format":"standard","meta":{"rop_custom_images_group":[],"rop_custom_messages_group":[],"rop_publish_now":"initial","rop_publish_now_accounts":[],"rop_publish_now_history":[],"rop_publish_now_status":"pending","footnotes":""},"categories":[42,30],"tags":[],"class_list":["bg-stuff"],"_links":{"self":[{"href":"https:\/\/www.minasdosul.com.br\/index.php?rest_route=\/wp\/v2\/posts\/335","targetHints":{"allow":["GET"]}}],"collection":[{"href":"https:\/\/www.minasdosul.com.br\/index.php?rest_route=\/wp\/v2\/posts"}],"about":[{"href":"https:\/\/www.minasdosul.com.br\/index.php?rest_route=\/wp\/v2\/types\/post"}],"author":[{"embeddable":true,"href":"https:\/\/www.minasdosul.com.br\/index.php?rest_route=\/wp\/v2\/users\/2"}],"replies":[{"embeddable":true,"href":"https:\/\/www.minasdosul.com.br\/index.php?rest_route=%2Fwp%2Fv2%2Fcomments&post=335"}],"version-history":[{"count":1,"href":"https:\/\/www.minasdosul.com.br\/index.php?rest_route=\/wp\/v2\/posts\/335\/revisions"}],"predecessor-version":[{"id":337,"href":"https:\/\/www.minasdosul.com.br\/index.php?rest_route=\/wp\/v2\/posts\/335\/revisions\/337"}],"wp:attachment":[{"href":"https:\/\/www.minasdosul.com.br\/index.php?rest_route=%2Fwp%2Fv2%2Fmedia&parent=335"}],"wp:term":[{"taxonomy":"category","embeddable":true,"href":"https:\/\/www.minasdosul.com.br\/index.php?rest_route=%2Fwp%2Fv2%2Fcategories&post=335"},{"taxonomy":"post_tag","embeddable":true,"href":"https:\/\/www.minasdosul.com.br\/index.php?rest_route=%2Fwp%2Fv2%2Ftags&post=335"}],"curies":[{"name":"wp","href":"https:\/\/api.w.org\/{rel}","templated":true}]}}