{"id":332,"date":"2017-01-31T17:36:05","date_gmt":"2017-01-31T19:36:05","guid":{"rendered":"http:\/\/www.minasdosul.com.br\/?p=332"},"modified":"2017-01-31T17:36:05","modified_gmt":"2017-01-31T19:36:05","slug":"cissulsamu-lanca-samuzinho","status":"publish","type":"post","link":"https:\/\/www.minasdosul.com.br\/?p=332","title":{"rendered":"Cissul\/SAMU lan\u00e7a \u201cSAMUZINHO\u201d"},"content":{"rendered":"<p style=\"text-align: center;\"><b>CISSUL\/SAMU lan\u00e7a Projeto Piloto \u201cSAMUZINHO\u201d ainda nesse semestre<\/b><\/p>\n<p style=\"text-align: center;\"><b><a href=\"http:\/\/www.minasdosul.com.br\/wp-content\/uploads\/2017\/01\/Projeto-Samuzinho.png\"><img loading=\"lazy\" decoding=\"async\" class=\"alignnone size-medium wp-image-333\" src=\"http:\/\/www.minasdosul.com.br\/wp-content\/uploads\/2017\/01\/Projeto-Samuzinho-300x224.png\" alt=\"Projeto Samuzinho\" width=\"300\" height=\"224\" srcset=\"https:\/\/www.minasdosul.com.br\/wp-content\/uploads\/2017\/01\/Projeto-Samuzinho-300x224.png 300w, https:\/\/www.minasdosul.com.br\/wp-content\/uploads\/2017\/01\/Projeto-Samuzinho.png 322w\" sizes=\"auto, (max-width: 300px) 100vw, 300px\" \/><\/a><\/p>\n<p><\/b>A equipe do <b>NEP \u2013 N\u00facleo de Educa\u00e7\u00e3o Permanente<\/b> recebeu <b>gestoras da SEDUC \u2013 Secretaria de Educa\u00e7\u00e3o de Varginha\/MG<\/b> para uma reuni\u00e3o sobre o projeto piloto \u201cSAMUZINHO\u201d que ter\u00e1 in\u00edcio nesse semestre na cidade de Varginha.<br \/>\nO <b>Projeto \u201cSAMUZINHO\u201d<\/b> foi criado pelo Governo do Distrito Federal em 2007 com intuito de divulgar e conscientizar a popula\u00e7\u00e3o para o atendimento de urg\u00eancia e emerg\u00eancia, promovendo assim a educa\u00e7\u00e3o em sa\u00fade para crian\u00e7as do ensino b\u00e1sico e fundamental (p<span class=\"m_6741879627684173712gmail-textexposedshow\">\u00fablico de 7 a 12 anos), com <\/span><span class=\"m_6741879627684173712gmail-textexposedshow\"><b>enfoque ao trote, educa\u00e7\u00e3o no tr\u00e2nsito e informa\u00e7\u00f5es sobre os servi\u00e7os em sa\u00fade de urg\u00eancia e emerg\u00eancia prestados pelo SAMU 192<\/b><\/span><span class=\"m_6741879627684173712gmail-textexposedshow\">.<\/span><\/p>\n<p style=\"text-align: center;\">Conforme dados estat\u00edsticos do CISSUL\/SAMU da Macrorregi\u00e3o do Sul de Minas Gerais, cerca de 20% das liga\u00e7\u00f5es recebidas diariamente se configuram como trote. Promover a\u00e7\u00f5es sociais como o projeto \u201cSAMUZINHO\u201d objetiva a conscientiza\u00e7\u00e3o de toda a popula\u00e7\u00e3o sobre o risco de brincadeiras, trotes e o respeito \u00e0 vida.<\/p>\n<p style=\"text-align: center;\">O projeto iniciar\u00e1 nas escolas municipais de Varginha em data a ser definida, dever\u00e1 ser estendido para a rede particular e ser\u00e1 desenvolvido em todos os munic\u00edpios consorciados ao CISSUL\/SAMU, dentro de um cronograma preestabelecido. Para maximizar o projeto e atingir a todos os alunos precisa-se da parceria das Secretarias Municipais de Educa\u00e7\u00e3o.<\/p>\n<p style=\"text-align: center;\">Ser\u00e3o oferecidas 40 vagas por unidade de ensino. Os crit\u00e9rios de escolha ainda ser\u00e3o definidos entre as partes envolvidas, mas j\u00e1 ficou estabelecido que para participar do projeto o aluno dever\u00e1:<span class=\"m_6741879627684173712gmail-apple-converted-space\">\u00a0<\/span><br \/>\n\u2022 Ter entre 7 e 12 anos;<br \/>\n\u2022 Estar matriculado na rede p\u00fablica;<br \/>\n\u2022 Ter m\u00e9dia em todas as mat\u00e9rias regulares de ensino;<br \/>\n\u2022 Ter assiduidade comprovada;<\/p>\n<p style=\"text-align: center;\">Participaram da reuni\u00e3o a <b>Sra. Solange In\u00e1cio Ribeiro Conde<\/b>, coordenadora de Pesquisa\/Projetos\/Forma\u00e7\u00e3o Continuada e <b>\u00c2ngela M\u00e1rcia de Oliveira Botrel<\/b>, coordenadora da Educa\u00e7\u00e3o Infantil da SEDUC &#8211; Secretaria Municipal de Educa\u00e7\u00e3o de Varginha, o secret\u00e1rio Executivo do CISSUL\/SAMU <b>Sr. Jovane Ernesto Constantini<\/b>, a coordenadora do NEP <b>Katia Aparecida Ferreira<\/b>, o condutor Socorrista <b>Alexander Dias Caldeira<\/b> e a Assessora de Comunica\u00e7\u00e3o <b>Rejane Pimentel Venga <\/b>que ser\u00e3o os profissionais diretamente envolvidos nesse projeto.<\/p>\n","protected":false},"excerpt":{"rendered":"<p>CISSUL\/SAMU lan\u00e7a Projeto Piloto \u201cSAMUZINHO\u201d ainda nesse semestre A equipe do NEP \u2013 N\u00facleo de Educa\u00e7\u00e3o Permanente recebeu gestoras da SEDUC \u2013 Secretaria de Educa\u00e7\u00e3o de Varginha\/MG para uma reuni\u00e3o sobre o projeto piloto \u201cSAMUZINHO\u201d que ter\u00e1 in\u00edcio nesse semestre na cidade de Varginha. O Projeto \u201cSAMUZINHO\u201d foi criado pelo Governo do Distrito Federal em [&hellip;]<\/p>\n","protected":false},"author":2,"featured_media":0,"comment_status":"open","ping_status":"closed","sticky":false,"template":"","format":"standard","meta":{"rop_custom_images_group":[],"rop_custom_messages_group":[],"rop_publish_now":"initial","rop_publish_now_accounts":[],"rop_publish_now_history":[],"rop_publish_now_status":"pending","footnotes":""},"categories":[42,1],"tags":[],"class_list":["bg-stuff"],"_links":{"self":[{"href":"https:\/\/www.minasdosul.com.br\/index.php?rest_route=\/wp\/v2\/posts\/332","targetHints":{"allow":["GET"]}}],"collection":[{"href":"https:\/\/www.minasdosul.com.br\/index.php?rest_route=\/wp\/v2\/posts"}],"about":[{"href":"https:\/\/www.minasdosul.com.br\/index.php?rest_route=\/wp\/v2\/types\/post"}],"author":[{"embeddable":true,"href":"https:\/\/www.minasdosul.com.br\/index.php?rest_route=\/wp\/v2\/users\/2"}],"replies":[{"embeddable":true,"href":"https:\/\/www.minasdosul.com.br\/index.php?rest_route=%2Fwp%2Fv2%2Fcomments&post=332"}],"version-history":[{"count":1,"href":"https:\/\/www.minasdosul.com.br\/index.php?rest_route=\/wp\/v2\/posts\/332\/revisions"}],"predecessor-version":[{"id":334,"href":"https:\/\/www.minasdosul.com.br\/index.php?rest_route=\/wp\/v2\/posts\/332\/revisions\/334"}],"wp:attachment":[{"href":"https:\/\/www.minasdosul.com.br\/index.php?rest_route=%2Fwp%2Fv2%2Fmedia&parent=332"}],"wp:term":[{"taxonomy":"category","embeddable":true,"href":"https:\/\/www.minasdosul.com.br\/index.php?rest_route=%2Fwp%2Fv2%2Fcategories&post=332"},{"taxonomy":"post_tag","embeddable":true,"href":"https:\/\/www.minasdosul.com.br\/index.php?rest_route=%2Fwp%2Fv2%2Ftags&post=332"}],"curies":[{"name":"wp","href":"https:\/\/api.w.org\/{rel}","templated":true}]}}