{"id":328,"date":"2017-01-31T17:21:35","date_gmt":"2017-01-31T19:21:35","guid":{"rendered":"http:\/\/www.minasdosul.com.br\/?p=328"},"modified":"2017-01-31T17:21:35","modified_gmt":"2017-01-31T19:21:35","slug":"camara-de-varginha-lanca-novo-site","status":"publish","type":"post","link":"https:\/\/www.minasdosul.com.br\/?p=328","title":{"rendered":"C\u00e2mara de Varginha lan\u00e7a novo site"},"content":{"rendered":"<p style=\"text-align: center;\">\n<p style=\"text-align: justify;\">\n<p style=\"text-align: justify;\">\n<p style=\"text-align: justify;\">Trabalho, transpar\u00eancia, renova\u00e7\u00e3o e a\u00e7\u00f5es efetivas em prol da popula\u00e7\u00e3o e do progresso de Varginha. Essas s\u00e3o algumas das metas da nova C\u00e2mara Municipal de Varginha.<\/p>\n<p style=\"text-align: justify;\"><a href=\"http:\/\/www.minasdosul.com.br\/wp-content\/uploads\/2017\/01\/2017-Posses-280-2.jpg\"><img loading=\"lazy\" decoding=\"async\" class=\"alignnone size-medium wp-image-330\" src=\"http:\/\/www.minasdosul.com.br\/wp-content\/uploads\/2017\/01\/2017-Posses-280-2-300x225.jpg\" alt=\"2017 Posses 280\" width=\"300\" height=\"225\" srcset=\"https:\/\/www.minasdosul.com.br\/wp-content\/uploads\/2017\/01\/2017-Posses-280-2-300x225.jpg 300w, https:\/\/www.minasdosul.com.br\/wp-content\/uploads\/2017\/01\/2017-Posses-280-2-768x576.jpg 768w, https:\/\/www.minasdosul.com.br\/wp-content\/uploads\/2017\/01\/2017-Posses-280-2-1024x768.jpg 1024w, https:\/\/www.minasdosul.com.br\/wp-content\/uploads\/2017\/01\/2017-Posses-280-2.jpg 1600w\" sizes=\"auto, (max-width: 300px) 100vw, 300px\" \/><\/a>\u00a0 O presidente, vereador Zacarias Piva, juntamente com os integrantes da Mesa Diretora e demais vereadores est\u00e3o empenhados em trabalhar por uma C\u00e2mara ativa, que n\u00e3o se acomoda e que quer o melhor para a cidade.<\/p>\n<p style=\"text-align: justify;\">Dentre as propostas de trabalho est\u00e1 a facilita\u00e7\u00e3o do acesso do cidad\u00e3o ao Poder Legislativo. Pensando nisso, a C\u00e2mara de Varginha lan\u00e7ou na \u00faltima segunda-feira (30), antes mesmo de terminar o recesso parlamentar, o novo site do Poder Legislativo Municipal.<\/p>\n<p style=\"text-align: justify;\">Com uma plataforma de site ampla, mais simples e eficiente para que os cidad\u00e3os tenham informa\u00e7\u00f5es e acompanhem os trabalhos dos vereadores. Nela, poder\u00e3o ser consultadas as proposi\u00e7\u00f5es, projetos de lei, biografia dos vereadores, not\u00edcias, reuni\u00f5es e muitas outras informa\u00e7\u00f5es.<\/p>\n<p style=\"text-align: justify;\">O novo layout foi desenvolvido pelo Analista de Sistemas da C\u00e2mara de Varginha, H\u00e9lio Lino Junior e o endere\u00e7o continua o mesmo <a href=\"http:\/\/www.camaravarginha.mg.gov.br\/\" data-saferedirecturl=\"https:\/\/www.google.com\/url?hl=pt-BR&amp;q=http:\/\/www.camaravarginha.mg.gov.br\/&amp;source=gmail&amp;ust=1485976348385000&amp;usg=AFQjCNFpAy6g9BTuaWW-xnr-sTbgdZMC7Q\">www.camaravarginha.mg.gov.br<\/a>.<\/p>\n<p style=\"text-align: justify;\">\u201cO objetivo \u00e9 ampliar o acesso do cidad\u00e3o sobre o que acontece na Casa de Leis, e \u00e9 isso que est\u00e1 sendo feito. Tamb\u00e9m temos o dever de apresentar o trabalho de cada vereador, tornando efetiva a ferramenta de trabalho do site, com not\u00edcias dos vereadores e todos os assuntos que envolvem a C\u00e2mara, ampliando a transpar\u00eancia do Poder Legislativo\u201d, explicou o presidente Zacarias Piva.<\/p>\n<p style=\"text-align: justify;\"><strong>Aplicativo para Android e IOS<\/strong><\/p>\n<p style=\"text-align: justify;\">Al\u00e9m do site e Facebook, o cidad\u00e3o tamb\u00e9m pode ter acesso \u00e0s informa\u00e7\u00f5es atrav\u00e9s do aplicativo da C\u00e2mara para smartphones e tablets. A tecnologia permite que o novo site se adapte \u00e0s telas dos dispositivos m\u00f3veis facilitando o acesso aos usu\u00e1rios.<\/p>\n<p style=\"text-align: justify;\">Atrav\u00e9s deste aplicativo voc\u00ea acompanha as postagens da C\u00e2mara no Facebook, Youtube, acessa fotos e biografia dos vereadores, assiste \u00e0s sess\u00f5es e audi\u00eancias do legislativo em tempo real, onde estiver.<\/p>\n","protected":false},"excerpt":{"rendered":"<p>Trabalho, transpar\u00eancia, renova\u00e7\u00e3o e a\u00e7\u00f5es efetivas em prol da popula\u00e7\u00e3o e do progresso de Varginha. Essas s\u00e3o algumas das metas da nova C\u00e2mara Municipal de Varginha. \u00a0 O presidente, vereador Zacarias Piva, juntamente com os integrantes da Mesa Diretora e demais vereadores est\u00e3o empenhados em trabalhar por uma C\u00e2mara ativa, que n\u00e3o se acomoda e [&hellip;]<\/p>\n","protected":false},"author":2,"featured_media":0,"comment_status":"open","ping_status":"closed","sticky":false,"template":"","format":"standard","meta":{"rop_custom_images_group":[],"rop_custom_messages_group":[],"rop_publish_now":"initial","rop_publish_now_accounts":[],"rop_publish_now_history":[],"rop_publish_now_status":"pending","footnotes":""},"categories":[43],"tags":[],"class_list":["bg-stuff"],"_links":{"self":[{"href":"https:\/\/www.minasdosul.com.br\/index.php?rest_route=\/wp\/v2\/posts\/328","targetHints":{"allow":["GET"]}}],"collection":[{"href":"https:\/\/www.minasdosul.com.br\/index.php?rest_route=\/wp\/v2\/posts"}],"about":[{"href":"https:\/\/www.minasdosul.com.br\/index.php?rest_route=\/wp\/v2\/types\/post"}],"author":[{"embeddable":true,"href":"https:\/\/www.minasdosul.com.br\/index.php?rest_route=\/wp\/v2\/users\/2"}],"replies":[{"embeddable":true,"href":"https:\/\/www.minasdosul.com.br\/index.php?rest_route=%2Fwp%2Fv2%2Fcomments&post=328"}],"version-history":[{"count":1,"href":"https:\/\/www.minasdosul.com.br\/index.php?rest_route=\/wp\/v2\/posts\/328\/revisions"}],"predecessor-version":[{"id":331,"href":"https:\/\/www.minasdosul.com.br\/index.php?rest_route=\/wp\/v2\/posts\/328\/revisions\/331"}],"wp:attachment":[{"href":"https:\/\/www.minasdosul.com.br\/index.php?rest_route=%2Fwp%2Fv2%2Fmedia&parent=328"}],"wp:term":[{"taxonomy":"category","embeddable":true,"href":"https:\/\/www.minasdosul.com.br\/index.php?rest_route=%2Fwp%2Fv2%2Fcategories&post=328"},{"taxonomy":"post_tag","embeddable":true,"href":"https:\/\/www.minasdosul.com.br\/index.php?rest_route=%2Fwp%2Fv2%2Ftags&post=328"}],"curies":[{"name":"wp","href":"https:\/\/api.w.org\/{rel}","templated":true}]}}