{"id":195,"date":"2016-09-16T13:41:44","date_gmt":"2016-09-16T16:41:44","guid":{"rendered":"http:\/\/www.minasdosul.com.br\/?p=195"},"modified":"2016-09-17T14:15:21","modified_gmt":"2016-09-17T17:15:21","slug":"bom-dia-leitor-2","status":"publish","type":"post","link":"https:\/\/www.minasdosul.com.br\/?p=195","title":{"rendered":"BOM DIA, LEITOR"},"content":{"rendered":"<h2><strong><a href=\"http:\/\/www.minasdosul.com.br\/wp-content\/uploads\/2016\/09\/bom-dia-leitor.jpg\"><img loading=\"lazy\" decoding=\"async\" class=\"alignnone size-medium wp-image-209\" src=\"http:\/\/www.minasdosul.com.br\/wp-content\/uploads\/2016\/09\/bom-dia-leitor-300x48.jpg\" alt=\"bom-dia-leitor\" width=\"300\" height=\"48\" srcset=\"https:\/\/www.minasdosul.com.br\/wp-content\/uploads\/2016\/09\/bom-dia-leitor-300x48.jpg 300w, https:\/\/www.minasdosul.com.br\/wp-content\/uploads\/2016\/09\/bom-dia-leitor.jpg 385w\" sizes=\"auto, (max-width: 300px) 100vw, 300px\" \/><\/a><\/strong><\/h2>\n<p style=\"text-align: justify;\">Foi na d\u00e9cada de setenta. Jos\u00e9 Capoteiro, velho amigo da fam\u00edlia, candidatou-se a vereador \u00e0 C\u00e2mara Municipal, e Guilherme, crian\u00e7a ainda, sentiu n\u00e3o poder votar nele. Foi ent\u00e3o que o pai lhe falou: Voc\u00ea n\u00e3o tem idade para votar, mas tem muitos amigos. Pede a eles conversarem com os pais e irm\u00e3os para votarem no Capoteiro.<br \/>\nGuilherme pensou um pouco e respondeu: Adianta n\u00e3o, papai. Companheiro eu tenho muito. Colega tamb\u00e9m. Mas amigo, amigo mesmo \u00e9 muito pouco. N\u00e3o d\u00e1 nem o tanto de dedo duma m\u00e3o.<br \/>\nE \u00e9 verdade. Colegas de escola, de encontros, de cursos, de trabalho, de academia, de clube, de associa\u00e7\u00f5es, de farra, de brincadeiras, temos v\u00e1rios; companheiros de viagem, de esporte e de lazer, etc, temos centenas, mas, amigos, amigos na verdadeira ess\u00eancia da palavra, temos poucos. Pouqu\u00edssimos. N\u00e3o chega ao n\u00famero de dedos da m\u00e3o.<br \/>\nAmigo verdadeiro \u00e9 uma preciosidade. Desafia o tempo e espa\u00e7o; nossos limites e limita\u00e7\u00f5es; causa, efeito e consequ\u00eancia de nossas a\u00e7\u00f5es e rea\u00e7\u00f5es. \u00c9 fiel, tanto no tempo das vacas gordas, quanto no tempo das vacas magras. Gosta de n\u00f3s com nossas qualidades, falhas e defeitos. Nem sempre aprova, mas respeita nossa opini\u00e3o, mesmo adversa da sua. Quer nos ver no bom caminho, de bem com a vida, a fam\u00edlia e o trabalho. Sugere op\u00e7\u00f5es, sem for\u00e7ar a barra. N\u00e3o imp\u00f5e.<br \/>\n\u00c9 aquela pessoa que conhece nossa alma, nosso cora\u00e7\u00e3o, no que h\u00e1 de mais \u00edntimo. Muitas vezes, mais que os irm\u00e3os, os filhos, o pr\u00f3prio c\u00f4njuge.<br \/>\n\u00c9 aquela pessoa junto de quem n\u00e3o hesitamos e temos coragem de pensar alto \u2013 p\u00f4r para fora o que nos incomoda, aborrece e nos faz sofrer. Sabemos que fica ali entre n\u00f3s.<br \/>\nAmigo&#8230;<br \/>\nQuem \u00e9 seu ami<a href=\"http:\/\/www.minasdosul.com.br\/wp-content\/uploads\/2016\/09\/logo-cordete.jpg\"><img loading=\"lazy\" decoding=\"async\" class=\"size-full wp-image-233 alignleft\" src=\"http:\/\/www.minasdosul.com.br\/wp-content\/uploads\/2016\/09\/logo-cordete.jpg\" alt=\"logo-cordete\" width=\"224\" height=\"258\" \/><\/a>go? Quantos s\u00e3o eles, n\u00e3o importa. Tendo um, considere-se rico. Voc\u00ea possui um tesouro. Retribua essa amizade, \u00e0 altura da grandeza que ele representa e \u00e9 para voc\u00ea. Prove a ele que voc\u00ea \u00e9 seu amigo. Valorize-o. Vale a pena conservar velhas amizades, se poss\u00edvel, conquistar novas e quem sabe repassar aos filhos, naturalmente.<br \/>\nDia 20 de julho foi o Dia do Amigo. Mas vamos lembrar-nos sempre dos nossos amigos. Dos de perto e de longe. Dar um al\u00f4, enviar uma mensagem, dizer-lhe o quanto \u00e9 importante e que sua amizade d\u00e1 mais vida a nossa vida.<br \/>\n* Registro o meu \u2018muito obrigado\u2019, Edmilson Valias, pela lembran\u00e7a do Dia do Amigo com sua mensagem a este amigo seu, e incondicional de seu Pai, Adauto Valias.<\/p>\n<h6 style=\"text-align: justify;\"><\/h6>\n<hr \/>\n","protected":false},"excerpt":{"rendered":"<p>Foi na d\u00e9cada de setenta. Jos\u00e9 Capoteiro, velho amigo da fam\u00edlia, candidatou-se a vereador \u00e0 C\u00e2mara Municipal, e Guilherme, crian\u00e7a ainda, sentiu n\u00e3o poder votar nele. Foi ent\u00e3o que o pai lhe falou: Voc\u00ea n\u00e3o tem idade para votar, mas tem muitos amigos. Pede a eles conversarem com os pais e irm\u00e3os para votarem no [&hellip;]<\/p>\n","protected":false},"author":2,"featured_media":0,"comment_status":"open","ping_status":"closed","sticky":false,"template":"","format":"standard","meta":{"rop_custom_images_group":[],"rop_custom_messages_group":[],"rop_publish_now":"initial","rop_publish_now_accounts":[],"rop_publish_now_history":[],"rop_publish_now_status":"pending","footnotes":""},"categories":[27,30],"tags":[],"class_list":["bg-stuff"],"_links":{"self":[{"href":"https:\/\/www.minasdosul.com.br\/index.php?rest_route=\/wp\/v2\/posts\/195","targetHints":{"allow":["GET"]}}],"collection":[{"href":"https:\/\/www.minasdosul.com.br\/index.php?rest_route=\/wp\/v2\/posts"}],"about":[{"href":"https:\/\/www.minasdosul.com.br\/index.php?rest_route=\/wp\/v2\/types\/post"}],"author":[{"embeddable":true,"href":"https:\/\/www.minasdosul.com.br\/index.php?rest_route=\/wp\/v2\/users\/2"}],"replies":[{"embeddable":true,"href":"https:\/\/www.minasdosul.com.br\/index.php?rest_route=%2Fwp%2Fv2%2Fcomments&post=195"}],"version-history":[{"count":7,"href":"https:\/\/www.minasdosul.com.br\/index.php?rest_route=\/wp\/v2\/posts\/195\/revisions"}],"predecessor-version":[{"id":234,"href":"https:\/\/www.minasdosul.com.br\/index.php?rest_route=\/wp\/v2\/posts\/195\/revisions\/234"}],"wp:attachment":[{"href":"https:\/\/www.minasdosul.com.br\/index.php?rest_route=%2Fwp%2Fv2%2Fmedia&parent=195"}],"wp:term":[{"taxonomy":"category","embeddable":true,"href":"https:\/\/www.minasdosul.com.br\/index.php?rest_route=%2Fwp%2Fv2%2Fcategories&post=195"},{"taxonomy":"post_tag","embeddable":true,"href":"https:\/\/www.minasdosul.com.br\/index.php?rest_route=%2Fwp%2Fv2%2Ftags&post=195"}],"curies":[{"name":"wp","href":"https:\/\/api.w.org\/{rel}","templated":true}]}}