{"id":434,"date":"2017-02-07T14:40:18","date_gmt":"2017-02-07T16:40:18","guid":{"rendered":"http:\/\/www.minasdosul.com.br\/?p=434"},"modified":"2017-02-07T14:43:17","modified_gmt":"2017-02-07T16:43:17","slug":"deputado-emidinho-madeira-confirma-presenca","status":"publish","type":"post","link":"http:\/\/www.minasdosul.com.br\/?p=434","title":{"rendered":"Deputado Emidinho Madeira confirma presen\u00e7a"},"content":{"rendered":"<div>\n<p style=\"text-align: center;\"><span style=\"color: #444444;\"><span style=\"font-family: Arial;\"><b>Deputado Emidinho Madeira confirma presen\u00e7a na Femagri em Guaxup\u00e9<\/b><\/span><\/span><\/p>\n<p style=\"text-align: justify;\"><span style=\"color: #444444;\"><span style=\"font-family: Arial,sans-serif;\">O deputado Emidinho Madeira, presidente da Frente Parlamentar em Defesa da Cafeicultura na Assembleia de Minas, confirmou presen\u00e7a na abertura da 16\u00aa Femagri \u2013 Feira de M\u00e1quinas Implementos e Insumos Agr\u00edcolas, em Guaxup\u00e9, nesta quarta-feira (08\/02). A Femagri \u00e9 uma realiza\u00e7\u00e3o da Cooperativa Regional dos Cafeicultores em Guaxup\u00e9 e acontece de 08 a 10 de fevereiro. <\/span><\/span><\/p>\n<p style=\"text-align: justify;\"><span style=\"color: #444444;\"><span style=\"font-family: Arial,sans-serif;\"><a href=\"http:\/\/www.minasdosul.com.br\/wp-content\/uploads\/2017\/02\/Emidinho-guaxupe.jpg\"><img loading=\"lazy\" decoding=\"async\" class=\"alignleft size-medium wp-image-435\" src=\"http:\/\/www.minasdosul.com.br\/wp-content\/uploads\/2017\/02\/Emidinho-guaxupe-300x225.jpg\" alt=\"Emidinho guaxupe\" width=\"300\" height=\"225\" srcset=\"http:\/\/www.minasdosul.com.br\/wp-content\/uploads\/2017\/02\/Emidinho-guaxupe-300x225.jpg 300w, http:\/\/www.minasdosul.com.br\/wp-content\/uploads\/2017\/02\/Emidinho-guaxupe.jpg 320w\" sizes=\"auto, (max-width: 300px) 100vw, 300px\" \/><\/a>\u00a0Segundo o deputado, que tamb\u00e9m \u00e9 cafeicultor e profundo conhecedor do setor, a Femagri j\u00e1 se tornou um evento obrigat\u00f3rio no calend\u00e1rio da cafeicultura nacional. \u201cEm primeiro lugar eu gostaria de parabenizar a Cooxup\u00e9, na pessoa do seu presidente Carlos Paulino, e todas as empresas parceiras e tamb\u00e9m as pessoas envolvidas na organiza\u00e7\u00e3o da Femagri, que j\u00e1 est\u00e1 em sua d\u00e9cima sexta edi\u00e7\u00e3o. Como acontece todos os anos, fa\u00e7o quest\u00e3o de novamente estar presente na abertura da feira devido a import\u00e2ncia que ela representa para os nossos cafeicultores. N\u00e3o me canso de destacar o valor do homem do campo e a nossa obriga\u00e7\u00e3o de lutar em defesa dessa classe que tanto j\u00e1 fez e continua fazendo por Minas e pelo Brasil\u201d, ressaltou o deputado Emidinho Madeira.<\/span><\/span><\/p>\n<p style=\"text-align: justify;\"><span style=\"color: #444444;\"><span style=\"font-family: Arial,sans-serif;\">Com o tema \u201cEfici\u00eancia aumentando a rentabilidade e qualidade de vida\u201d a Femagri busca levar informa\u00e7\u00e3o, sustentabilidade e boas oportunidades de neg\u00f3cios para cafeicultores, especialmente aqueles que sobrevivem da agricultura familiar. O objetivo \u00e9 oferecer facilidades para mecanizarem suas lavouras, elevando a efici\u00eancia de sua atividade com redu\u00e7\u00e3o de custos. Uma das vantagens disponibilizadas pela Cooxup\u00e9 \u00e9 a opera\u00e7\u00e3o \u201cBarter\u201d, em que o produtor pode pagar suas compras utilizando o seu caf\u00e9 como moeda de troca. Do total do volume de neg\u00f3cios efetivados 49% representam esta op\u00e7\u00e3o dos cooperados.<\/span><\/span><\/p>\n<p style=\"text-align: justify;\"><span style=\"color: #444444;\"><span style=\"font-family: Arial,sans-serif;\">Al\u00e9m da feira em Guaxup\u00e9, a cooperativa realiza tamb\u00e9m, pelo segundo ano consecutivo, a Feira do Cerrado, em Coromandel-MG. Em 2016, as duas feiras reuniram, no total, mais de 38 mil pessoas, movimentando cerca de R$ 148 milh\u00f5es em neg\u00f3cios.<\/span><\/span><\/p>\n<p style=\"text-align: justify;\"><span style=\"color: #444444;\"><span style=\"font-family: Arial,sans-serif;\"><b><strong>16\u00aa Edi\u00e7\u00e3o da FEMAGRI<\/strong><\/b><\/span><\/span><span style=\"color: #444444;\"><span style=\"font-family: Arial,sans-serif;\"><br \/>\nData: 08 a 10 de fevereiro de 2017<br \/>\nHor\u00e1rio: das 08h00 \u00e0s 18h00<br \/>\nLocal: Av. Vereador Nelson Elias, 1300b &#8211; Bairro Japy, Guaxup\u00e9\/MG<\/span><\/span><\/p>\n<p style=\"text-align: justify;\"><span style=\"color: #444444;\"><span style=\"font-family: Arial,sans-serif;\"><b><strong>2\u00aa edi\u00e7\u00e3o da Feira do Cerrado<\/strong><\/b><\/span><\/span><span style=\"color: #444444;\"><span style=\"font-family: Arial,sans-serif;\"><br \/>\nData: 15 e 16 de mar\u00e7o de 2017<br \/>\nHor\u00e1rio: das 08h00 \u00e0s 18h00<br \/>\nLocal: Rua Jo\u00e3o Vieira, 226 A \u2013 Coromandel \/ MG<\/span><\/span><\/p>\n<\/div>\n","protected":false},"excerpt":{"rendered":"<p>Deputado Emidinho Madeira confirma presen\u00e7a na Femagri em Guaxup\u00e9 O deputado Emidinho Madeira, presidente da Frente Parlamentar em Defesa da Cafeicultura na Assembleia de Minas, confirmou presen\u00e7a na abertura da 16\u00aa Femagri \u2013 Feira de M\u00e1quinas Implementos e Insumos Agr\u00edcolas, em Guaxup\u00e9, nesta quarta-feira (08\/02). A Femagri \u00e9 uma realiza\u00e7\u00e3o da Cooperativa Regional dos Cafeicultores [&hellip;]<\/p>\n","protected":false},"author":2,"featured_media":0,"comment_status":"open","ping_status":"closed","sticky":false,"template":"","format":"standard","meta":{"rop_custom_images_group":[],"rop_custom_messages_group":[],"rop_publish_now":"initial","rop_publish_now_accounts":[],"rop_publish_now_history":[],"rop_publish_now_status":"pending","footnotes":""},"categories":[1],"tags":[],"class_list":["bg-stuff"],"_links":{"self":[{"href":"http:\/\/www.minasdosul.com.br\/index.php?rest_route=\/wp\/v2\/posts\/434","targetHints":{"allow":["GET"]}}],"collection":[{"href":"http:\/\/www.minasdosul.com.br\/index.php?rest_route=\/wp\/v2\/posts"}],"about":[{"href":"http:\/\/www.minasdosul.com.br\/index.php?rest_route=\/wp\/v2\/types\/post"}],"author":[{"embeddable":true,"href":"http:\/\/www.minasdosul.com.br\/index.php?rest_route=\/wp\/v2\/users\/2"}],"replies":[{"embeddable":true,"href":"http:\/\/www.minasdosul.com.br\/index.php?rest_route=%2Fwp%2Fv2%2Fcomments&post=434"}],"version-history":[{"count":1,"href":"http:\/\/www.minasdosul.com.br\/index.php?rest_route=\/wp\/v2\/posts\/434\/revisions"}],"predecessor-version":[{"id":436,"href":"http:\/\/www.minasdosul.com.br\/index.php?rest_route=\/wp\/v2\/posts\/434\/revisions\/436"}],"wp:attachment":[{"href":"http:\/\/www.minasdosul.com.br\/index.php?rest_route=%2Fwp%2Fv2%2Fmedia&parent=434"}],"wp:term":[{"taxonomy":"category","embeddable":true,"href":"http:\/\/www.minasdosul.com.br\/index.php?rest_route=%2Fwp%2Fv2%2Fcategories&post=434"},{"taxonomy":"post_tag","embeddable":true,"href":"http:\/\/www.minasdosul.com.br\/index.php?rest_route=%2Fwp%2Fv2%2Ftags&post=434"}],"curies":[{"name":"wp","href":"https:\/\/api.w.org\/{rel}","templated":true}]}}