{"id":43,"date":"2012-07-12T18:57:29","date_gmt":"2012-07-12T21:57:29","guid":{"rendered":"http:\/\/www.minasdosul.com.br\/?p=43"},"modified":"2013-03-09T22:14:47","modified_gmt":"2013-03-10T01:14:47","slug":"trem-turistico-varginha-lavras","status":"publish","type":"post","link":"http:\/\/www.minasdosul.com.br\/?p=43","title":{"rendered":"Trem tur\u00edstico Varginha \/ Lavras"},"content":{"rendered":"<p style=\"text-align: justify;\"><a href=\"http:\/\/www.minasdosul.com.br\/wp-content\/uploads\/2012\/07\/Trem_do_Serra_Verde_Express_Uma_das_palestras_do_evento_\u00e9_como_\u00e9_feita_sua_administra\u00e7\u00e3o_apresentada_pelo_Diretor_Comercial_da_Empresa3.jpg\"><img loading=\"lazy\" decoding=\"async\" class=\"wp-image-44 alignleft\" style=\"margin: 10px;\" title=\"Trem_do_Serra_Verde_Express,_Uma_das_palestras_do_evento_\u00e9_como_\u00e9_feita_sua_administra\u00e7\u00e3o_apresentada_pelo_Diretor_Comercial_da_Empresa\" alt=\"\" src=\"http:\/\/www.minasdosul.com.br\/wp-content\/uploads\/2012\/07\/Trem_do_Serra_Verde_Express_Uma_das_palestras_do_evento_\u00e9_como_\u00e9_feita_sua_administra\u00e7\u00e3o_apresentada_pelo_Diretor_Comercial_da_Empresa3-300x200.jpg\" width=\"270\" height=\"180\" srcset=\"http:\/\/www.minasdosul.com.br\/wp-content\/uploads\/2012\/07\/Trem_do_Serra_Verde_Express_Uma_das_palestras_do_evento_\u00e9_como_\u00e9_feita_sua_administra\u00e7\u00e3o_apresentada_pelo_Diretor_Comercial_da_Empresa3-300x200.jpg 300w, http:\/\/www.minasdosul.com.br\/wp-content\/uploads\/2012\/07\/Trem_do_Serra_Verde_Express_Uma_das_palestras_do_evento_\u00e9_como_\u00e9_feita_sua_administra\u00e7\u00e3o_apresentada_pelo_Diretor_Comercial_da_Empresa3-1024x683.jpg 1024w, http:\/\/www.minasdosul.com.br\/wp-content\/uploads\/2012\/07\/Trem_do_Serra_Verde_Express_Uma_das_palestras_do_evento_\u00e9_como_\u00e9_feita_sua_administra\u00e7\u00e3o_apresentada_pelo_Diretor_Comercial_da_Empresa3.jpg 1500w\" sizes=\"auto, (max-width: 270px) 100vw, 270px\" \/><\/a>Ser\u00e1 realizado nesta sexta e s\u00e1bado, dias 13 e 14 de julho o semin\u00e1rio O BRASIL DE VOLTA AOS TRILHOS, com informa\u00e7\u00f5es sobre a retomada do transporte ferrovi\u00e1rio para passageiros no pa\u00eds. O projeto tem o objetivo de fornecer informa\u00e7\u00f5es para colocar em foco e fortalecer o projeto do trem tur\u00edstico entre Ribeir\u00e3o Vermelho e Carrancas e o de transporte de passageiros entre Lavras e Varginha.<\/p>\n<p style=\"text-align: justify;\">A realiza\u00e7\u00e3o do evento acontece em um momento bastante favor\u00e1vel, quando o Governo Federal surpreende com a not\u00edcia de que est\u00e3o em levantamento, mais de 80 projetos, estudos de poss\u00edveis trens a serem implantados no Brasil.<\/p>\n<p style=\"text-align: justify;\">O semin\u00e1rio contar\u00e1 com palestras apresentadas por especialistas em projetos tur\u00edsticos vitoriosos como os projetos do Trem Serra Express., Serra Verde Express, Trem do Pantanal, Trem das Montanhas Capichadas, Trem de Luxo, apresentado pelo Sr Adonar Arruda Filho, Diretor Comercial das concess\u00f5es, assim como a palestra do Sr S\u00e1vio Neves, presidente da ABOTTC-Associa\u00e7\u00e3o Brasileira das Operadoras de Trens Tur\u00edsticos e Culturais e empres\u00e1rio e diretor do Trem do Corcovado que transportou 850 mil pessoas em 2011. O evento contar\u00e1 tamb\u00e9m com palestras sobre a utiliza\u00e7\u00e3o do trem como transporte de carga, de passageiros, al\u00e9m da hist\u00f3ria da utiliza\u00e7\u00e3o do trem no Brasil, proferidos por especialistas em seus setores.<\/p>\n<p style=\"text-align: justify;\">Um evento para quem quer curtir o passado das ferrovias e para quem aposta no transporte ferrovi\u00e1rio como uma solu\u00e7\u00e3o de mobilidade e turismo para a regi\u00e3o.<\/p>\n<p style=\"text-align: justify;\">O semin\u00e1rio acontecer\u00e1 no Audit\u00f3rio da UFLA, nos dias 13, sexta \u2013feira, das 9h00 \u00e1s 19h00 h e\u00a0 s\u00e1bado, dia 14 de julho das 8h30 \u00e0s 18h30. Inscri\u00e7\u00f5es pr\u00e9vias gratuitas on-line em wwwtrembrasil.org.br e mais informa\u00e7\u00f5es em (35) 917080.<\/p>\n","protected":false},"excerpt":{"rendered":"<p>Ser\u00e1 realizado nesta sexta e s\u00e1bado, dias 13 e 14 de julho o semin\u00e1rio O BRASIL DE VOLTA AOS TRILHOS, com informa\u00e7\u00f5es sobre a retomada do transporte ferrovi\u00e1rio para passageiros no pa\u00eds. O projeto tem o objetivo de fornecer informa\u00e7\u00f5es para colocar em foco e fortalecer o projeto do trem tur\u00edstico entre Ribeir\u00e3o Vermelho e [&hellip;]<\/p>\n","protected":false},"author":2,"featured_media":44,"comment_status":"open","ping_status":"closed","sticky":false,"template":"","format":"standard","meta":{"rop_custom_images_group":[],"rop_custom_messages_group":[],"rop_publish_now":"initial","rop_publish_now_accounts":[],"rop_publish_now_history":[],"rop_publish_now_status":"pending","footnotes":""},"categories":[1],"tags":[],"class_list":["bg-stuff"],"_links":{"self":[{"href":"http:\/\/www.minasdosul.com.br\/index.php?rest_route=\/wp\/v2\/posts\/43","targetHints":{"allow":["GET"]}}],"collection":[{"href":"http:\/\/www.minasdosul.com.br\/index.php?rest_route=\/wp\/v2\/posts"}],"about":[{"href":"http:\/\/www.minasdosul.com.br\/index.php?rest_route=\/wp\/v2\/types\/post"}],"author":[{"embeddable":true,"href":"http:\/\/www.minasdosul.com.br\/index.php?rest_route=\/wp\/v2\/users\/2"}],"replies":[{"embeddable":true,"href":"http:\/\/www.minasdosul.com.br\/index.php?rest_route=%2Fwp%2Fv2%2Fcomments&post=43"}],"version-history":[{"count":14,"href":"http:\/\/www.minasdosul.com.br\/index.php?rest_route=\/wp\/v2\/posts\/43\/revisions"}],"predecessor-version":[{"id":133,"href":"http:\/\/www.minasdosul.com.br\/index.php?rest_route=\/wp\/v2\/posts\/43\/revisions\/133"}],"wp:featuredmedia":[{"embeddable":true,"href":"http:\/\/www.minasdosul.com.br\/index.php?rest_route=\/wp\/v2\/media\/44"}],"wp:attachment":[{"href":"http:\/\/www.minasdosul.com.br\/index.php?rest_route=%2Fwp%2Fv2%2Fmedia&parent=43"}],"wp:term":[{"taxonomy":"category","embeddable":true,"href":"http:\/\/www.minasdosul.com.br\/index.php?rest_route=%2Fwp%2Fv2%2Fcategories&post=43"},{"taxonomy":"post_tag","embeddable":true,"href":"http:\/\/www.minasdosul.com.br\/index.php?rest_route=%2Fwp%2Fv2%2Ftags&post=43"}],"curies":[{"name":"wp","href":"https:\/\/api.w.org\/{rel}","templated":true}]}}