{"id":408,"date":"2017-02-04T17:52:42","date_gmt":"2017-02-04T19:52:42","guid":{"rendered":"http:\/\/www.minasdosul.com.br\/?p=408"},"modified":"2017-02-04T17:54:47","modified_gmt":"2017-02-04T19:54:47","slug":"governo-entrega-448-instrumentos-musicais-a-85-bandas-de-minas-gerais","status":"publish","type":"post","link":"http:\/\/www.minasdosul.com.br\/?p=408","title":{"rendered":"Governo entrega 448 instrumentos musicais a 85 Bandas de Minas Gerais"},"content":{"rendered":"<h5 style=\"text-align: center;\"><strong>Governador Fernando Pimentel entrega 448 instrumentos musicais a 85 Bandas de Minas Gerais<\/strong><\/h5>\n<p style=\"text-align: justify;\"><strong>\u00a0<a href=\"http:\/\/www.minasdosul.com.br\/wp-content\/uploads\/2017\/02\/Bandas-DSC_1262-1.jpg\"><img loading=\"lazy\" decoding=\"async\" class=\"size-medium wp-image-410 alignleft\" src=\"http:\/\/www.minasdosul.com.br\/wp-content\/uploads\/2017\/02\/Bandas-DSC_1262-1-300x225.jpg\" alt=\"Bandas DSC_1262\" width=\"300\" height=\"225\" srcset=\"http:\/\/www.minasdosul.com.br\/wp-content\/uploads\/2017\/02\/Bandas-DSC_1262-1-300x225.jpg 300w, http:\/\/www.minasdosul.com.br\/wp-content\/uploads\/2017\/02\/Bandas-DSC_1262-1.jpg 320w\" sizes=\"auto, (max-width: 300px) 100vw, 300px\" \/><\/a><a href=\"http:\/\/www.minasdosul.com.br\/wp-content\/uploads\/2017\/02\/Bandas-DSC_1299.jpg\"><img loading=\"lazy\" decoding=\"async\" class=\"size-medium wp-image-411 alignright\" src=\"http:\/\/www.minasdosul.com.br\/wp-content\/uploads\/2017\/02\/Bandas-DSC_1299-300x225.jpg\" alt=\"Bandas DSC_1299\" width=\"300\" height=\"225\" srcset=\"http:\/\/www.minasdosul.com.br\/wp-content\/uploads\/2017\/02\/Bandas-DSC_1299-300x225.jpg 300w, http:\/\/www.minasdosul.com.br\/wp-content\/uploads\/2017\/02\/Bandas-DSC_1299.jpg 320w\" sizes=\"auto, (max-width: 300px) 100vw, 300px\" \/><\/a><\/strong><\/p>\n<p style=\"text-align: justify;\">O governador Fernando Pimentel entregou nesta sexta-feira (3\/2\/17), no Pal\u00e1cio da Liberdade, em Belo Horizonte, o segundo lote de um total de 448 instrumentos musicais destinados a 85 bandas de 74 munic\u00edpios mineiros. Foram distribu\u00eddos 265 instrumentos para 48 corpora\u00e7\u00f5es musicais de 43 cidades &#8211; a mais pr\u00f3xima foi Tr\u00eas Pontas &#8211; completando a entrega realizada, na \u00faltima quinta-feira (02\/02\/17), em Barra Longa, Territ\u00f3rio Capara\u00f3, de outros 183 instrumentos, para 37 corpora\u00e7\u00f5es de 31 munic\u00edpios.<\/p>\n<p style=\"text-align: justify;\">Ao todo foram investidos R$ 1 milh\u00e3o por meio de conv\u00eanio entre a Secretaria de Estado de Cultura e a Companhia de Desenvolvimento Econ\u00f4mico do Estado de Minas Gerais (Codemig). O governador destacou a tradi\u00e7\u00e3o do programa no Estado. \u201cN\u00f3s temos que fazer justi\u00e7a e dizer que este \u00e9 um programa j\u00e1 antigo em Minas Gerais. Eu me lembro do ex-governador H\u00e9lio Garcia, neste Pal\u00e1cio, fazendo entrega de instrumentos. \u00c9 uma pol\u00edtica p\u00fablica adequada, bem orientada, que vem sendo mantida por sucessivos governadores ao longo da hist\u00f3ria. \u00c9 por isso que as bandas de m\u00fasica se mant\u00eam, se sustentam. O governo do Estado est\u00e1 dando apoio a elas ainda que de forma singela, mas \u00e9 uma forma importante\u201d, afirmou. \u201cA coisa mais dif\u00edcil para a banda de m\u00fasica, \u00e0s vezes, \u00e9 justamente a aquisi\u00e7\u00e3o de instrumentos. Custam caro, n\u00e3o s\u00e3o f\u00e1ceis de adquirir. Pode parecer um apoio pequeno, mas na verdade \u00e9 um apoio muito importante\u201d, acrescentou.<\/p>\n<p style=\"text-align: justify;\">Pimentel ressaltou que o investimento do Estado em bandas musicais valoriza a cultura mineira. Hoje, s\u00e3o 691 bandas de m\u00fasica registradas em Minas Gerais. \u201cA alegria de dar esse apoio \u00e9 que, na verdade, n\u00f3s estamos incentivando a boa cultura mineira. Minas Gerais \u00e9 um Estado de uma tradi\u00e7\u00e3o musical muito forte e \u00e9 nas bandas de m\u00fasica do interior do Estado que surgem os nossos melhores instrumentistas, os nossos melhores m\u00fasicos e muitos compositores tamb\u00e9m\u201d, disse.<\/p>\n<p style=\"text-align: justify;\">Dentre os instrumentos entregues na cerim\u00f4nia desta sexta-feira, est\u00e3o trompas, clarinetes, flautas, saxofones, trompetes, trombones, bombardinos, bombard\u00f5es, pratos, surdos e bumbos. A a\u00e7\u00e3o se refere ao Edital de 2015 do Programa Bandas de Minas.<strong><br \/>\n<\/strong><\/p>\n<p style=\"text-align: justify;\"><strong>Patrim\u00f4nio &#8211; <\/strong>Contam-se mais de 30 mil m\u00fasicos no Estado, de todas as idades e proced\u00eancias, preservando a tradi\u00e7\u00e3o de abrilhantar as comemora\u00e7\u00f5es c\u00edvicas e religiosas das cidades mineiras, al\u00e9m da m\u00fasica popular brasileira.<\/p>\n<p style=\"text-align: justify;\">\u00a0\u201cAs bandas de m\u00fasica s\u00e3o a tradu\u00e7\u00e3o sonora da mineiridade e representam o que h\u00e1 de mais aut\u00eantico da cultura mineira. Elas est\u00e3o por toda parte. Por isso, trabalhar com as bandas de m\u00fasica \u00e9 valorizar n\u00e3o s\u00f3 a cultura mineira em <em>lato sensu<\/em> mas, tamb\u00e9m, a vida comunit\u00e1ria e cultural de todas as nossas cidades. \u00c9 muito importante valorizar nossas bandas, esse \u00e9 um dos programas mais antigos e mais valiosos da Secretaria de Cultura pelo alcance que ele tem\u201d, afirmou o secret\u00e1rio de Estado de Cultura, \u00c2ngelo Oswaldo, em entrevista coletiva.<\/p>\n<p style=\"text-align: justify;\">As atividades das bandas de m\u00fasica e sua a\u00e7\u00e3o cultural beneficiam diretamente cerca de 100 mil pessoas em centenas de munic\u00edpios. De modo popular e espont\u00e2neo, em torno dessas corpora\u00e7\u00f5es se organizam verdadeiras escolas de m\u00fasica, onde comunidades e fam\u00edlias inteiras t\u00eam a oportunidade de exercitar talentos e descobrir voca\u00e7\u00f5es art\u00edsticas transmitidas h\u00e1 gera\u00e7\u00f5es.<\/p>\n<p style=\"text-align: justify;\">Tamb\u00e9m participaram da solenidade o presidente da Codemig, Marco Ant\u00f4nio Castello Branco, o presidente da Assembleia Legislativa de Minas Gerais, Adalclever Lopes, o Ouvidor-geral do Estado, Wadson Ribeiro, al\u00e9m de deputados estaduais, prefeitos e vereadores, entre outras lideran\u00e7as.<\/p>\n<p>&nbsp;<\/p>\n<table width=\"567\">\n<tbody>\n<tr>\n<td colspan=\"2\" width=\"567\"><strong>Rela\u00e7\u00e3o de corpora\u00e7\u00f5es beneficiadas<\/strong><\/td>\n<\/tr>\n<tr>\n<td width=\"152\"><strong>Cidade<\/strong><\/td>\n<td width=\"415\"><strong>Banda<\/strong><\/td>\n<\/tr>\n<tr>\n<td width=\"152\">Bom Sucesso<\/td>\n<td width=\"415\">Banda Lira Santa Cec\u00edlia<\/td>\n<\/tr>\n<tr>\n<td width=\"152\">Br\u00e1s Pires<\/td>\n<td width=\"415\">Corpora\u00e7\u00e3o Musical Braspirense<\/td>\n<\/tr>\n<tr>\n<td width=\"152\">Bueno Brand\u00e3o<\/td>\n<td width=\"415\">Lira Santa Cec\u00edlia<\/td>\n<\/tr>\n<tr>\n<td width=\"152\">Camacho<\/td>\n<td width=\"415\">Corpora\u00e7\u00e3o Musical Padre Alberto<\/td>\n<\/tr>\n<tr>\n<td width=\"152\">Campos Altos<\/td>\n<td width=\"415\">Corpora\u00e7\u00e3o Musical Lira Santo Ant\u00f4nio<\/td>\n<\/tr>\n<tr>\n<td width=\"152\">Carbonita<\/td>\n<td width=\"415\">Corpora\u00e7\u00e3o Musical Padre S\u00e9rgio Ribeiro<\/td>\n<\/tr>\n<tr>\n<td width=\"152\">Carrancas<\/td>\n<td width=\"415\">Corpora\u00e7\u00e3o Musical Nossa Senhora do Carmo<\/td>\n<\/tr>\n<tr>\n<td width=\"152\">C\u00e1ssia<\/td>\n<td width=\"415\">Corpora\u00e7\u00e3o Musical Maestro Godofredo de Barros<\/td>\n<\/tr>\n<tr>\n<td width=\"152\">Cataguases<\/td>\n<td width=\"415\">Banda e Escola de M\u00fasica Rog\u00e9rio Teixeira<\/td>\n<\/tr>\n<tr>\n<td width=\"152\">Cl\u00e1udio<\/td>\n<td width=\"415\">Sociedade Musical Santa Cec\u00edlia<\/td>\n<\/tr>\n<tr>\n<td width=\"152\">Concei\u00e7\u00e3o do Par\u00e1<\/td>\n<td width=\"415\">Lira Musical Joaquim Ant\u00f4nio Mariano<\/td>\n<\/tr>\n<tr>\n<td rowspan=\"2\" width=\"152\">Curvelo<\/td>\n<td width=\"415\">Lira Musical Centen\u00e1rio<\/td>\n<\/tr>\n<tr>\n<td width=\"415\">Lira Musical Padre S\u00e9rgio Ribeiro da Par\u00f3quia Sagrada Fam\u00edlia<\/td>\n<\/tr>\n<tr>\n<td width=\"152\">Diamantina<\/td>\n<td width=\"415\">Banda Mirim Prefeito Ant\u00f4nio de Carvalho Cruz<\/td>\n<\/tr>\n<tr>\n<td width=\"152\">Dom Vi\u00e7oso<\/td>\n<td width=\"415\">Corpora\u00e7\u00e3o Musical Maestro Zacarias<\/td>\n<\/tr>\n<tr>\n<td width=\"152\">Francisco Dumont<\/td>\n<td width=\"415\">Organiza\u00e7\u00e3o Musical Nossa Senhora da Concei\u00e7\u00e3o<\/td>\n<\/tr>\n<tr>\n<td width=\"152\">Frutal<\/td>\n<td width=\"415\">Banda Municipal Major Lara<\/td>\n<\/tr>\n<tr>\n<td width=\"152\">Inimutaba<\/td>\n<td width=\"415\">Banda de M\u00fasica Euterpe Imaculada Concei\u00e7\u00e3o<\/td>\n<\/tr>\n<tr>\n<td rowspan=\"2\" width=\"152\">Itapecerica<\/td>\n<td width=\"415\">Corpora\u00e7\u00e3o Musical Nossa Senhora das Dores<\/td>\n<\/tr>\n<tr>\n<td width=\"415\">Corpora\u00e7\u00e3o Musical Santa Cec\u00edlia<\/td>\n<\/tr>\n<tr>\n<td width=\"152\">Jenipapo de Minas<\/td>\n<td width=\"415\">Gr\u00eamio L\u00edtero Musical Filarm\u00f4nica Nosso Sonho<\/td>\n<\/tr>\n<tr>\n<td width=\"152\">Juiz de Fora<\/td>\n<td width=\"415\">Sociedade Musical Tenente Janu\u00e1rio<\/td>\n<\/tr>\n<tr>\n<td width=\"152\">Lima Duarte<\/td>\n<td width=\"415\">Banda e Escola de M\u00fasica Lyra Concei\u00e7\u00e3o de Ibitipoca<\/td>\n<\/tr>\n<tr>\n<td width=\"152\">Monte Carmelo<\/td>\n<td width=\"415\">Banda Carmelitana Ederval Coelho Chaves<\/td>\n<\/tr>\n<tr>\n<td width=\"152\">Nova Lima<\/td>\n<td width=\"415\">Sociedade Musical Santa Efig\u00eania<\/td>\n<\/tr>\n<tr>\n<td width=\"152\">Par\u00e1 de Minas<\/td>\n<td width=\"415\">Banda de M\u00fasica Lira Santa Cec\u00edlia<\/td>\n<\/tr>\n<tr>\n<td width=\"152\">Parais\u00f3polis<\/td>\n<td width=\"415\">Lira Musical C\u00f4nego Benedito Prof\u00edcio<\/td>\n<\/tr>\n<tr>\n<td width=\"152\">Perd\u00f5es<\/td>\n<td width=\"415\">Corpora\u00e7\u00e3o Musical Lira Perdoense<\/td>\n<\/tr>\n<tr>\n<td width=\"152\">Pimenta<\/td>\n<td width=\"415\">Banda de M\u00fasica Municipal &#8220;Edson Ga\u00facho &#8211; O Tropeiro do Vento&#8221;<\/td>\n<\/tr>\n<tr>\n<td width=\"152\">Pitangui<\/td>\n<td width=\"415\">Banda de M\u00fasica Jos\u00e9 Viriano Bahia Mascarenhas<\/td>\n<\/tr>\n<tr>\n<td width=\"152\">Pitangui<\/td>\n<td width=\"415\">Lira Musical Jos\u00e9 Jacinto Ribeiro Filho<\/td>\n<\/tr>\n<tr>\n<td width=\"152\">Presidente Kubitschek<\/td>\n<td width=\"415\">Euterpe Padre Jo\u00e3o Maria Poirrier<\/td>\n<\/tr>\n<tr>\n<td width=\"152\">Sabar\u00e1<\/td>\n<td width=\"415\">Sociedade Musical Lira da Paz<\/td>\n<\/tr>\n<tr>\n<td width=\"152\">Santa Luzia<\/td>\n<td width=\"415\">Banda de M\u00fasica Estrela de S\u00e3o Jo\u00e3o<\/td>\n<\/tr>\n<tr>\n<td width=\"152\">Santa Rita do Sapuca\u00ed<\/td>\n<td width=\"415\">Lira Santa Rita<\/td>\n<\/tr>\n<tr>\n<td width=\"152\">S\u00e3o Francisco de Paula<\/td>\n<td width=\"415\">Lira Alcino Jos\u00e9 de Ara\u00fajo<\/td>\n<\/tr>\n<tr>\n<td width=\"152\">S\u00e3o Francisco de Paula<\/td>\n<td width=\"415\">Lira Musical Francisco Paulense<\/td>\n<\/tr>\n<tr>\n<td width=\"152\">S\u00e3o Jos\u00e9 da Lapa<\/td>\n<td width=\"415\">Corpora\u00e7\u00e3o Musical S\u00e3o Jos\u00e9<\/td>\n<\/tr>\n<tr>\n<td width=\"152\">S\u00e3o Thom\u00e9 das Letras<\/td>\n<td width=\"415\">Corpora\u00e7\u00e3o Musical S\u00e3o Thomeense<\/td>\n<\/tr>\n<tr>\n<td width=\"152\">Serranos<\/td>\n<td width=\"415\">Centro Cultural C\u00e9lia Vilela Pereira<\/td>\n<\/tr>\n<tr>\n<td width=\"152\">Tabuleiro<\/td>\n<td width=\"415\">Corpora\u00e7\u00e3o Musical Santa Cec\u00edlia<\/td>\n<\/tr>\n<tr>\n<td width=\"152\">Tocos do Moji<\/td>\n<td width=\"415\">Banda de M\u00fasica Lira Tocosmojiense<\/td>\n<\/tr>\n<tr>\n<td width=\"152\">Tr\u00eas Pontas<\/td>\n<td width=\"415\">Corpora\u00e7\u00e3o Musical Luiz Ant\u00f4nio Ribeiro<\/td>\n<\/tr>\n<tr>\n<td width=\"152\">Turmalina<\/td>\n<td width=\"415\">Corpora\u00e7\u00e3o Musical Euterpe Maciel<\/td>\n<\/tr>\n<tr>\n<td rowspan=\"2\" width=\"152\">Vespasiano<\/td>\n<td width=\"415\">Corpora\u00e7\u00e3o Musical Nossa Senhora de Lourdes<\/td>\n<\/tr>\n<tr>\n<td width=\"415\">Banda Jovem<\/td>\n<\/tr>\n<tr>\n<td width=\"152\">Virgem da Lapa<\/td>\n<td width=\"415\">Filarm\u00f4nica S\u00e3ojoense<\/td>\n<\/tr>\n<tr>\n<td width=\"152\">Visconde do Rio Branco<\/td>\n<td width=\"415\">Filarm\u00f4nica de Visconde do Rio Branco<\/td>\n<\/tr>\n<\/tbody>\n<\/table>\n<h5><em>Cr\u00e9dito (fotos): Veronica Manevy\/Imprensa MG<\/em><\/h5>\n","protected":false},"excerpt":{"rendered":"<p>Governador Fernando Pimentel entrega 448 instrumentos musicais a 85 Bandas de Minas Gerais \u00a0 O governador Fernando Pimentel entregou nesta sexta-feira (3\/2\/17), no Pal\u00e1cio da Liberdade, em Belo Horizonte, o segundo lote de um total de 448 instrumentos musicais destinados a 85 bandas de 74 munic\u00edpios mineiros. Foram distribu\u00eddos 265 instrumentos para 48 corpora\u00e7\u00f5es musicais [&hellip;]<\/p>\n","protected":false},"author":2,"featured_media":0,"comment_status":"open","ping_status":"closed","sticky":false,"template":"","format":"standard","meta":{"rop_custom_images_group":[],"rop_custom_messages_group":[],"rop_publish_now":"initial","rop_publish_now_accounts":[],"rop_publish_now_history":[],"rop_publish_now_status":"pending","footnotes":""},"categories":[1],"tags":[],"class_list":["bg-stuff"],"_links":{"self":[{"href":"http:\/\/www.minasdosul.com.br\/index.php?rest_route=\/wp\/v2\/posts\/408","targetHints":{"allow":["GET"]}}],"collection":[{"href":"http:\/\/www.minasdosul.com.br\/index.php?rest_route=\/wp\/v2\/posts"}],"about":[{"href":"http:\/\/www.minasdosul.com.br\/index.php?rest_route=\/wp\/v2\/types\/post"}],"author":[{"embeddable":true,"href":"http:\/\/www.minasdosul.com.br\/index.php?rest_route=\/wp\/v2\/users\/2"}],"replies":[{"embeddable":true,"href":"http:\/\/www.minasdosul.com.br\/index.php?rest_route=%2Fwp%2Fv2%2Fcomments&post=408"}],"version-history":[{"count":3,"href":"http:\/\/www.minasdosul.com.br\/index.php?rest_route=\/wp\/v2\/posts\/408\/revisions"}],"predecessor-version":[{"id":414,"href":"http:\/\/www.minasdosul.com.br\/index.php?rest_route=\/wp\/v2\/posts\/408\/revisions\/414"}],"wp:attachment":[{"href":"http:\/\/www.minasdosul.com.br\/index.php?rest_route=%2Fwp%2Fv2%2Fmedia&parent=408"}],"wp:term":[{"taxonomy":"category","embeddable":true,"href":"http:\/\/www.minasdosul.com.br\/index.php?rest_route=%2Fwp%2Fv2%2Fcategories&post=408"},{"taxonomy":"post_tag","embeddable":true,"href":"http:\/\/www.minasdosul.com.br\/index.php?rest_route=%2Fwp%2Fv2%2Ftags&post=408"}],"curies":[{"name":"wp","href":"https:\/\/api.w.org\/{rel}","templated":true}]}}