{"id":319,"date":"2017-01-31T16:39:34","date_gmt":"2017-01-31T18:39:34","guid":{"rendered":"http:\/\/www.minasdosul.com.br\/?p=319"},"modified":"2017-01-31T16:39:41","modified_gmt":"2017-01-31T18:39:41","slug":"bom-dia-leitor-especial","status":"publish","type":"post","link":"http:\/\/www.minasdosul.com.br\/?p=319","title":{"rendered":"Bom Dia, Leitor &#8216;Especial&#8217;"},"content":{"rendered":"<p style=\"text-align: justify;\">As elei\u00e7\u00f5es 2016 e a posse dos eleitos em 1\u00ba de janeiro de 2017 propiciou-nos fazer esta edi\u00e7\u00e3o em conjunto dos dois jornais editados por mim &#8211; o MINAS DO SUL e o Jornal CIDADES. Nesta edi\u00e7\u00e3o, voc\u00ea Leitor, encontra as informa\u00e7\u00f5es e as not\u00edcias das Prefeituras e C\u00e2maras de toda a nossa regi\u00e3o &#8211; no entorno de Varginha, Alfenas e Nepomuceno &#8211; como se v\u00ea no cabe\u00e7alho desta edi\u00e7\u00e3o.<br \/>\n<strong>C\u00e1 pra n\u00f3s,<\/strong> antes de passar ao principal assunto deste Bom Dia, Leitor, cumprimento todos os eleitos e empossados &#8211; prefeitos, vices e vereadores, desejando e esperando de todos uma prof\u00edcua atitude respons\u00e1vel com a coisa p\u00fablica, o er\u00e1rio p\u00fablico, e principalmente com o p\u00fablico &#8211; eleitores e n\u00e3o eleitores, residentes e transeuntes nas respectivas cidades e munic\u00edpios.<br \/>\n<strong>C\u00e1 pra n\u00f3s,<\/strong> o leitor deve se recordar, principalmente o de Varginha, dos dois Bom Dia, Leitor quando da elei\u00e7\u00e3o da Mesa Diretora da C\u00e2mara Municipal de Varginha para a Legislatura 2015-2016.<br \/>\n<strong>C\u00e1 pra n\u00f3s,<\/strong> no primeiro &#8211; na edi\u00e7\u00e3o de 6\/12\/2014, sobre a candidatura do vereador Zacarias Piva. E no segundo &#8211; na edi\u00e7\u00e3o de 17\/01\/2015 &#8211; sobre a elei\u00e7\u00e3o do vereador R\u00f4mulo, ambos os Bom Dia, Leitor versando sobre os dois \u00e0 Presid\u00eancia da C\u00e2mara.<br \/>\n<strong><a href=\"http:\/\/www.minasdosul.com.br\/wp-content\/uploads\/2017\/01\/2017-Posses-280-1.jpg\"><img loading=\"lazy\" decoding=\"async\" class=\"alignnone size-medium wp-image-324\" src=\"http:\/\/www.minasdosul.com.br\/wp-content\/uploads\/2017\/01\/2017-Posses-280-1-300x225.jpg\" alt=\"2017 Posses 280\" width=\"300\" height=\"225\" srcset=\"http:\/\/www.minasdosul.com.br\/wp-content\/uploads\/2017\/01\/2017-Posses-280-1-300x225.jpg 300w, http:\/\/www.minasdosul.com.br\/wp-content\/uploads\/2017\/01\/2017-Posses-280-1-768x576.jpg 768w, http:\/\/www.minasdosul.com.br\/wp-content\/uploads\/2017\/01\/2017-Posses-280-1-1024x768.jpg 1024w, http:\/\/www.minasdosul.com.br\/wp-content\/uploads\/2017\/01\/2017-Posses-280-1.jpg 1600w\" sizes=\"auto, (max-width: 300px) 100vw, 300px\" \/><\/a> <\/strong><\/p>\n<p style=\"text-align: justify;\"><strong>C\u00e1 pra n\u00f3s,<\/strong> vamos ler e relembrar o que escrevi sobre o Zacarias Piva.<br \/>\nSeu <strong>\u2018jeit\u00e3o\u2019<\/strong> \u00e9 mais para chefe do Executivo &#8211; Prefeito<br \/>\nZacarias Piva (PP), at\u00e9 o momento (edi\u00e7\u00e3o de 6\/12\/2014), \u00e9 candidato \u00fanico a Presidente da C\u00e2mara Municipal de Varginha para o bi\u00eanio 2015\/2016, tendo como Vice-presidente Jo\u00e3ozinho Enfermeiro (PRB) e Secret\u00e1rio Serginho Japon\u00eas (PSD). Eleito, tudo indica que Zacarias Piva trar\u00e1 inova\u00e7\u00e3o e far\u00e1 uma revolu\u00e7\u00e3o na administra\u00e7\u00e3o e condu\u00e7\u00e3o do Legislativo varginhense.<br \/>\n<strong>C\u00e1 pra n\u00f3s,<\/strong> em anos bem anteriores, l\u00e1 pelos tempos de J\u00falio Cazelato, Marcos Clepf, Jer\u00f4nimo, Wanderley Bueno, Paulo V\u00edtor, Marco Antonio Cavalcanti, Aristeu Ferreira, e at\u00e9 em anos mais recentes, Marquinho Foresti e Leandro Acayaba, a Presid\u00eancia do Legislativo sempre passava por gest\u00f5es adversas, raz\u00e3o de disputas acirradas para a Mesa Diretora, principalmente a Presid\u00eancia da Casa Legislativa.<br \/>\n<strong>C\u00e1 pra n\u00f3s,<\/strong> mais recente, e est\u00e1 vivo na nossa mem\u00f3ria, com V\u00e9rdi L\u00facio Melo e Leonardo Ciacci ocupando a Presid\u00eancia, um rod\u00edzio foi implantado, ambos adquirindo e implementando uma experi\u00eancia legislativa incontest\u00e1vel. Tornaram-se ex\u00edmios conhecedores do Regimento Interno, adquiriram versatilidade na condu\u00e7\u00e3o dos temas apresentados para discuss\u00e3o, enfim, tornaram-se \u2018doutores\u2019 em administrar e decidir as questi\u00fanculas, em especial, as surgidas no calor das discuss\u00f5es de mat\u00e9rias controversas.<br \/>\n<strong>C\u00e1 pra n\u00f3s,<\/strong> mas, V\u00e9rdi e Ciacci transpuseram tempos mais calmos, raz\u00e3o da serenidade de suas administra\u00e7\u00f5es frente ao Legislativo. Foram per\u00edodos de muita seguran\u00e7a na condu\u00e7\u00e3o da Casa do Povo de Varginha.<br \/>\n<strong>C\u00e1 pra n\u00f3s,<\/strong> e agora com Zacarias Piva na Presid\u00eancia da C\u00e2mara?<br \/>\nC\u00e1 pra n\u00f3s, certo \u00e9 que, Piva \u00e9 experimentado, mas, n\u00e3o na pol\u00edtica e muito menos na gest\u00e3o do Legislativo. Por\u00e9m, em parco tempo j\u00e1 adquiriu e se tornou expert na pol\u00edtica, principalmente ap\u00f3s sua elei\u00e7\u00e3o a vereador.<br \/>\n<strong>C\u00e1 pra n\u00f3s,<\/strong> como cidad\u00e3o e advogado radicado em Varginha (natural de Nepomuceno), sempre esteve presente na vida da Cidade &#8211; raz\u00e3o de sua elei\u00e7\u00e3o &#8211; o que lhe trouxe ainda mais a admira\u00e7\u00e3o de todos os varginhenses.<br \/>\n<strong>C\u00e1 pra n\u00f3s,<\/strong> homem correto e firme, cioso de suas responsabilidades e compromissos, com toda certeza, eleito Presidente, conduzir\u00e1 o Legislativo com coer\u00eancia, imparcialidade e independ\u00eancia do Executivo.<br \/>\nPor\u00e9m, nada de oposi\u00e7\u00e3o ou situa\u00e7\u00e3o. Sua condu\u00e7\u00e3o na Presid\u00eancia do Legislativo ser\u00e1 de apoio aos projetos corretos e que visarem o bem-estar da popula\u00e7\u00e3o, e contr\u00e1rio a estas duas posi\u00e7\u00f5es ou inten\u00e7\u00f5es.<br \/>\n<strong>C\u00e1 pra n\u00f3s,<\/strong> eleito, Zacarias Piva, com toda certeza, dar\u00e1 uma nova din\u00e2mica ao Legislativo varginhense, at\u00e9 porque seu \u2018jeit\u00e3o\u2019 \u00e9 mais para o Executivo &#8211; Prefeito (e 2016 vem a\u00ed) &#8211; do que gestor do Legislativo, apesar de sua forma\u00e7\u00e3o acad\u00eamica em Advocacia\u201d.<br \/>\n<strong>C\u00e1 pra n\u00f3s,<\/strong> isto foi o que escrevi sobre Zacarias na Presid\u00eancia da C\u00e2mara Municipal.<br \/>\n<strong><a href=\"http:\/\/www.minasdosul.com.br\/wp-content\/uploads\/2017\/01\/Romulo-Presidente-1.jpg\"><img loading=\"lazy\" decoding=\"async\" class=\"alignnone size-full wp-image-322\" src=\"http:\/\/www.minasdosul.com.br\/wp-content\/uploads\/2017\/01\/Romulo-Presidente-1.jpg\" alt=\"Romulo Presidente\" width=\"236\" height=\"214\" \/><\/a>\u00a0 <\/strong><\/p>\n<p style=\"text-align: justify;\"><strong>C\u00e1 pra n\u00f3s,<\/strong> agora, veja o que escrevi sobre R\u00f4mulo Azevedo, na edi\u00e7\u00e3o de 17\/01\/2015 &#8211; j\u00e1 eleito Presidente.<br \/>\nSeu <strong>\u2018jeitinho\u2019<\/strong> \u00e9 mais para chefe do Legislativo: Presidente de C\u00e2mara Municipal, Assembl\u00e9ia Legislativa, C\u00e2mara dos Deputados e at\u00e9 do Senado.<br \/>\n<strong>C\u00e1 pra n\u00f3s,<\/strong> n\u00e3o ser\u00e1 surpresa se todos esses passos acontecerem na carreira pol\u00edtica de R\u00f4mulo Azevedo Ribeiro. Em toda a hist\u00f3ria de Varginha, um pol\u00edtico tem todas essas qualidades para galgar tais posi\u00e7\u00f5es, e R\u00f4mulo Azevedo Ribeiro constitui o verdadeiro pol\u00edtico na acep\u00e7\u00e3o da palavra.<br \/>\n<strong>C\u00e1 pra n\u00f3s,<\/strong> pol\u00edtico jovem e um jovem pol\u00edtico, R\u00f4mulo Azevedo \u00e9 din\u00e2mico e af\u00e1vel &#8211; acolhedor, cort\u00eas e polido. \u00c9 muito bom ter um companheiro e amigo af\u00e1vel.<br \/>\n<strong>C\u00e1 pra n\u00f3s,<\/strong> vamos continuar falando do R\u00f4mulo Azevedo como pol\u00edtico, pois, creio, esta \u00e9 a sua principal qualidade de homem p\u00fablico &#8211; tamb\u00e9m na acep\u00e7\u00e3o da palavra. A C\u00e2mara Municipal de Varginha, com a elei\u00e7\u00e3o de R\u00f4mulo Azevedo a vereador, passou a ter um tribuno na Casa, e agora o tem como Presidente &#8211; e que a todos causar\u00e1 admira\u00e7\u00e3o com sua verve: vigor de express\u00e3o, vivacidade no falar, sua orat\u00f3ria &#8211; tal qual tivemos Morvan Acayaba de Rezende em seus pronunciamentos nas ocasi\u00f5es e representa\u00e7\u00f5es pol\u00edticas.<br \/>\n<strong>C\u00e1 pra n\u00f3s,<\/strong> suas convic\u00e7\u00f5es, R\u00f4mulo n\u00e3o as abandona. Custe o que custar, at\u00e9 mesmo sua liberdade pol\u00edtica que, diga-se de passagem, foi refeita de imediato.<br \/>\n<strong>C\u00e1 pra n\u00f3s,<\/strong> eleito vereador em 2012, j\u00e1 se colocou \u00e0 disposi\u00e7\u00e3o para Presidente da C\u00e2mara. Mas, as injun\u00e7\u00f5es pol\u00edticas \u00e0quela \u00e9poca fizeram com que o rec\u00e9m-eleito vereador n\u00e3o lograsse a Presid\u00eancia do Legislativo varginhence.<br \/>\n<strong>C\u00e1 pra n\u00f3s,<\/strong> agora, gra\u00e7as as suas convic\u00e7\u00f5es e tamb\u00e9m por injun\u00e7\u00f5es pol\u00edticas, est\u00e1 R\u00f4mulo Azevedo na Presid\u00eancia da C\u00e2mara Municipal de Varginha.<br \/>\n<strong>C\u00e1 pra n\u00f3s,<\/strong> a elei\u00e7\u00e3o de R\u00f4mulo Azevedo a Presidente da C\u00e2mara, certamente foi a que mais marcou o cen\u00e1rio pol\u00edtico de Varginha em toda a sua hist\u00f3ria pol\u00edtica, ao ponto de um vereador ser expulso de seu partido Pol\u00edtico &#8211; no caso a vereadora Racibe de F\u00e1tima Faria, a Racibe da Acrenoc (PP), que votou em R\u00f4mulo Azevedo Ribeiro (PRTB) para Presidente da C\u00e2mara, mesmo seu partido Pol\u00edtico &#8211; o PP &#8211; tendo um candidato a Presidente, o vereador Zacarias Piva.<br \/>\n<strong>C\u00e1 pra n\u00f3s,<\/strong> sim, a C\u00e2mara de Vereadores de Varginha tem mais um Presidente sabiamente pol\u00edtico. E esta sua qualidade de Pol\u00edtico ser\u00e1 a condutora da sua gest\u00e3o frente ao Legislativo, mesmo que para dar resolu\u00e7\u00e3o a assuntos gerenciais-administrativos.<br \/>\n<strong>C\u00e1 pra n\u00f3s,<\/strong> enfim, al\u00e9m de seu \u2018jeitinho\u2019 pol\u00edtico e de fazer pol\u00edtica, R\u00f4mulo Azevedo tamb\u00e9m tem ra\u00edzes de cunho administrativo, e certamente carrear\u00e1 in\u00fameros benef\u00edcios e servi\u00e7os para o Legislativo e principalmente para a comunidade e sociedade varginhense.<br \/>\nC\u00e1 pra n\u00f3s, e o presidente R\u00f4mulo Azevedo j\u00e1 colocou \u2018m\u00e3os \u00e0 obra\u2019\u201d.<\/p>\n<p style=\"text-align: justify;\"><strong>C\u00e1 pra n\u00f3s,<\/strong> por que volto a este assunto agora em 2017.<br \/>\n<strong>C\u00e1 pra n\u00f3s,<\/strong> muito simples e l\u00f3gico. Zacarias Piva \u00e9 eleito Presidente da C\u00e2mara Municipal de Varginha para 2017 e R\u00f4mulo Azevedo nem candidato a vereador o foi, e muito menos a prefeito, como ele ensaiou, mas, n\u00e3o conseguiu o feito de quando se sua candidatura a Presidente da C\u00e2mara.<br \/>\n<strong>C\u00e1 pra n\u00f3s,<\/strong> tentar se reeleger vereador, apesar da \u2018piraquinia\u2019 que fez como Presidente da C\u00e2mara, n\u00e3o o levou a tal decis\u00e3o. Nos bastidores, comenta-se que acabou ficando sozinho, sem apoio pol\u00edtico para Prefeito. Embrenhar novamente como vereador, j\u00e1 era tarde demais.<br \/>\n<strong>C\u00e1 pra n\u00f3s,<\/strong> da\u00ed &#8211; a meu ver &#8211; foi o erro do R\u00f4mulo Azevedo, pois, se tivesse seguido regiamente o meu Bom Dia, Leitor teria deixado de lado a id\u00e9ia de ser Prefeito, se candidatado novamente a vereador e em 2018 a deputado. Mostrei a ele que, assim \u00e9 que o \u2018cavalo ia passar arriado\u2019, mas titubeou&#8230; dan\u00e7ou.<br \/>\n<strong>C\u00e1 pra n\u00f3s,<\/strong> agora, o recurso \u00e9 se lan\u00e7ar a deputado em 2018 para tentar recuperar \u2018o leite derramado\u2019, mas que, fazendo trocadilho com seu nome, j\u00e1 azevedou\u2019, digo, azedou, pois, o mesmo estar\u00e1 sem mandato at\u00e9 l\u00e1.<br \/>\n<strong>C\u00e1 pra n\u00f3s,<\/strong> mas, por\u00e9m, todavia, contudo, vamos ficar de olho no \u2018jeitinho\u2019 dele at\u00e9 l\u00e1!<br \/>\n<strong>C\u00e1 pra n\u00f3s,<\/strong> e o vereador Zacarias Piva na Presid\u00eancia da C\u00e2mara Municipal de Varginha?<br \/>\n<strong>C\u00e1 pra n\u00f3s,<\/strong> vamos ficar de <a href=\"http:\/\/www.minasdosul.com.br\/wp-content\/uploads\/2017\/01\/Olho.jpg\"><img loading=\"lazy\" decoding=\"async\" class=\"alignnone size-medium wp-image-320\" src=\"http:\/\/www.minasdosul.com.br\/wp-content\/uploads\/2017\/01\/Olho-300x176.jpg\" alt=\"Olho\" width=\"300\" height=\"176\" srcset=\"http:\/\/www.minasdosul.com.br\/wp-content\/uploads\/2017\/01\/Olho-300x176.jpg 300w, http:\/\/www.minasdosul.com.br\/wp-content\/uploads\/2017\/01\/Olho.jpg 478w\" sizes=\"auto, (max-width: 300px) 100vw, 300px\" \/><\/a><br \/>\n<strong>C\u00e1 pra n\u00f3s,<\/strong> mas digo, afirmo e tenho certeza, aplicar\u00e1 seu <strong>\u2018jeit\u00e3o\u2019<\/strong> de Executivo na condu\u00e7\u00e3o do Legislativo.<br \/>\n<strong>C\u00e1 pra n\u00f3s,<\/strong> e at\u00e9 digo mais, auferir\u00e1 ganhos pol\u00edticos de tal maneira e envergadura que poder\u00e1 tranquilamente al\u00e7ar v\u00f4o a deputado em 2018 &#8211; poder\u00e1 at\u00e9 surpreender, se elegendo &#8211; sem tirar o olho de 2020 rumo \u00e0 Prefeitura.<br \/>\n<strong>C\u00e1 pra n\u00f3s,<\/strong> em 2020, podem aguardar, pois, Zacarias Piva tem a possibilidade de se eleger prefeito de Varginha, vamos at\u00e9 assim dizer tal qual sua elei\u00e7\u00e3o para a Presid\u00eancia da C\u00e2mara agora &#8211; por unanimidade.<br \/>\n<strong><a href=\"http:\/\/www.minasdosul.com.br\/wp-content\/uploads\/2017\/01\/Bom-logo-cordete-12.jpg\"><img loading=\"lazy\" decoding=\"async\" class=\"alignnone size-full wp-image-326\" src=\"http:\/\/www.minasdosul.com.br\/wp-content\/uploads\/2017\/01\/Bom-logo-cordete-12.jpg\" alt=\"Bom logo-cordete\" width=\"224\" height=\"258\" \/><\/a>\u00a0 C\u00e1 pra n\u00f3s,<\/strong> se vai ter oposi\u00e7\u00e3o em 2020&#8230; \u2018ponham as barbas de molho\u2019.<\/p>\n","protected":false},"excerpt":{"rendered":"<p>As elei\u00e7\u00f5es 2016 e a posse dos eleitos em 1\u00ba de janeiro de 2017 propiciou-nos fazer esta edi\u00e7\u00e3o em conjunto dos dois jornais editados por mim &#8211; o MINAS DO SUL e o Jornal CIDADES. Nesta edi\u00e7\u00e3o, voc\u00ea Leitor, encontra as informa\u00e7\u00f5es e as not\u00edcias das Prefeituras e C\u00e2maras de toda a nossa regi\u00e3o &#8211; [&hellip;]<\/p>\n","protected":false},"author":2,"featured_media":0,"comment_status":"open","ping_status":"closed","sticky":false,"template":"","format":"standard","meta":{"rop_custom_images_group":[],"rop_custom_messages_group":[],"rop_publish_now":"initial","rop_publish_now_accounts":[],"rop_publish_now_history":[],"rop_publish_now_status":"pending","footnotes":""},"categories":[27],"tags":[],"class_list":["bg-stuff"],"_links":{"self":[{"href":"http:\/\/www.minasdosul.com.br\/index.php?rest_route=\/wp\/v2\/posts\/319","targetHints":{"allow":["GET"]}}],"collection":[{"href":"http:\/\/www.minasdosul.com.br\/index.php?rest_route=\/wp\/v2\/posts"}],"about":[{"href":"http:\/\/www.minasdosul.com.br\/index.php?rest_route=\/wp\/v2\/types\/post"}],"author":[{"embeddable":true,"href":"http:\/\/www.minasdosul.com.br\/index.php?rest_route=\/wp\/v2\/users\/2"}],"replies":[{"embeddable":true,"href":"http:\/\/www.minasdosul.com.br\/index.php?rest_route=%2Fwp%2Fv2%2Fcomments&post=319"}],"version-history":[{"count":1,"href":"http:\/\/www.minasdosul.com.br\/index.php?rest_route=\/wp\/v2\/posts\/319\/revisions"}],"predecessor-version":[{"id":327,"href":"http:\/\/www.minasdosul.com.br\/index.php?rest_route=\/wp\/v2\/posts\/319\/revisions\/327"}],"wp:attachment":[{"href":"http:\/\/www.minasdosul.com.br\/index.php?rest_route=%2Fwp%2Fv2%2Fmedia&parent=319"}],"wp:term":[{"taxonomy":"category","embeddable":true,"href":"http:\/\/www.minasdosul.com.br\/index.php?rest_route=%2Fwp%2Fv2%2Fcategories&post=319"},{"taxonomy":"post_tag","embeddable":true,"href":"http:\/\/www.minasdosul.com.br\/index.php?rest_route=%2Fwp%2Fv2%2Ftags&post=319"}],"curies":[{"name":"wp","href":"https:\/\/api.w.org\/{rel}","templated":true}]}}