{"id":303,"date":"2017-01-31T15:55:27","date_gmt":"2017-01-31T17:55:27","guid":{"rendered":"http:\/\/www.minasdosul.com.br\/?p=303"},"modified":"2017-01-31T16:12:55","modified_gmt":"2017-01-31T18:12:55","slug":"bom-dia-leitor-4","status":"publish","type":"post","link":"http:\/\/www.minasdosul.com.br\/?p=303","title":{"rendered":"Bom Dia, Leitor"},"content":{"rendered":"<h5 style=\"text-align: justify;\">Neste &#8220;Bom Dia, Leitor&#8221; quero pedir licen\u00e7a a todos os eleitos e empossados &#8211; Prefeitos, Vices, Vereadores, para estender e fazer como se fossem suas, todos voc\u00eas, as palavras proferidas pelo vereador de Varginha, Zacarias Piva.<br \/>\nAlertou sobre a Responsabilidade: \u201c\u00c9 com muita alegria e com senso de responsabilidade, compromissado ao fino trato com o bem p\u00fablico que nortearei a Presid\u00eancia do Poder Legislativo de Varginha\u201d &#8211; assim iniciou Zacarias Piva suas palavras no seu pronunciamento de posse.<br \/>\nE lembrou Marina Prado de Castro, autora do Hino de Varginha, quando do refr\u00e3o, que diz: \u201cVarginha eu te amo, eu te amo demais, tu \u00e9s for\u00e7a e grandeza de Minas Gerais\u201d.<br \/>\nZacarias tamb\u00e9m citou o m\u00e9dico Albert Shuasten, Nobel da Paz em 1952, na sua frase c\u00e9lere dizia: \u201cQue a maior trag\u00e9dia n\u00e3o \u00e9 quando um homem morre, a maior trag\u00e9dia \u00e9 aquilo que morre dentro de um homem quando ainda est\u00e1 vivo\u201d.<br \/>\nE confessou: \u201cDesde quando me tornei homem p\u00fablico, n\u00e3o tenho medido esfor\u00e7os para contribuir com o progresso de nossa cidade, mantenho cada vez mais viva a esperan\u00e7a de que nossa cidade possa ultrapassar todos os \u00edndices do desenvolvimento, maior PIB, maior renda per capta, melhor qualidade de vida, refer\u00eancia em sa\u00fade e educa\u00e7\u00e3o. Enfim, ser, literalmente, a primeira cidade do Sul de Minas\u201d.<br \/>\nAqui, assim, confessa seu tino para o Executivo.<br \/>\n\u201cPortanto, a morte n\u00e3o seria a maior trag\u00e9dia na minha vida, e sim, ter que morrer e n\u00e3o ver a cidade que tanto amo sendo refer\u00eancia em Minas, no Pa\u00eds e no Mundo\u201d.<br \/>\nAlmejo constantemente a materializa\u00e7\u00e3o do nosso Hino, que diz: Varginha \u00e9s for\u00e7a e grandeza de Minas Gerais\u201d.<br \/>\nE alertou aos vereadores tamb\u00e9m eles tamb\u00e9m podem fazer a diferen\u00e7a: \u201cAssim, n\u00e3o acredito que um vereador n\u00e3o tem poder algum ou quase nada. Diante do descr\u00e9dito do mundo pol\u00edtico, n\u00e3o podemos acovardar, temos que encarar de frente esta quest\u00e3o, e se h\u00e1 sujeira na pol\u00edtica, temos que limpar, se \u00e0 h\u00e1 trevas, temos que ser luz\u201d.<br \/>\nE Zacarias citou o exemplo: \u201cJos\u00e9 fez a diferen\u00e7a no Egito e n\u00f3s tamb\u00e9m poderemos fazer aqui em nossa cidade. Contem sempre comigo e que Deus nos ilumine\u201d.<\/h5>\n<h5 style=\"text-align: justify;\">Tamb\u00e9m, ressalto aqui, as palavras do prefeito reeleito de Varginha, Antonio Silva<br \/>\n\u201cA expectativa que tenho \u00e9 uma expectativa otimista, pois, estou assumindo um novo mandato com as pr\u00f3prias r\u00e9deas &#8211; n\u00e3o estou sucedendo outro prefeito. Ent\u00e3o isso me d\u00e1 uma perspectiva mais segura. E, naturalmente dentro dela, eu acho que Varginha tem potencialidade extraordin\u00e1ria, \u00e9 uma cidade com uma economia diversificada, com grande sustentabilidade, e a mostra a\u00ed est\u00e1, embora o Brasil viva uma crise econ\u00f4mica.<br \/>\nVarginha tem conseguido minimizar os efeitos dessa situa\u00e7\u00e3o com menos problemas no desemprego. A Prefeitura fechou as suas contas de 2016 rigorosamente em dia, com sal\u00e1rios, com fornecedores e com rigoroso cumprimento da Lei de Responsabilidade Fiscal.<br \/>\nAs prioridades, em primeiro lugar \u00e9 manter a cidade funcionando, sem colapso, como mantemos agora. A coleta de lixo, a ilumina\u00e7\u00e3o p\u00fablica, a manuten\u00e7\u00e3o das vias p\u00fablicas, hospitais, unidades de sa\u00fade, escolas, merenda escolar, transporte, tudo funcionando. Esse \u00e9 o grande desafio de qualquer gestor.<br \/>\nAs outras prioridades s\u00e3o aquelas constantes do nosso programa de Governo, onde podemos destacar, acima de tudo, o Hospital da Crian\u00e7a, a retomada de programas habitacionais, a constru\u00e7\u00e3o de uma sede pr\u00f3pria \u00e0 altura hoje da seguran\u00e7a p\u00fablica da Guarda Municipal.<br \/>\nEnt\u00e3o, s\u00e3o esses os projetos que temos, e ainda a atualiza\u00e7\u00e3o do Plano Diretor, um trabalho priorit\u00e1rio que j\u00e1 iniciamos e que pretendemos conclui-lo agora logo nos primeiros meses de 2017\u201d.<\/h5>\n<p><a href=\"http:\/\/www.minasdosul.com.br\/wp-content\/uploads\/2017\/01\/Bom-logo-cordete-10.jpg\"><img loading=\"lazy\" decoding=\"async\" class=\"alignnone size-full wp-image-317\" src=\"http:\/\/www.minasdosul.com.br\/wp-content\/uploads\/2017\/01\/Bom-logo-cordete-10.jpg\" alt=\"Bom logo-cordete\" width=\"224\" height=\"258\" \/><\/a><\/p>\n","protected":false},"excerpt":{"rendered":"<p>Neste &#8220;Bom Dia, Leitor&#8221; quero pedir licen\u00e7a a todos os eleitos e empossados &#8211; Prefeitos, Vices, Vereadores, para estender e fazer como se fossem suas, todos voc\u00eas, as palavras proferidas pelo vereador de Varginha, Zacarias Piva. Alertou sobre a Responsabilidade: \u201c\u00c9 com muita alegria e com senso de responsabilidade, compromissado ao fino trato com o [&hellip;]<\/p>\n","protected":false},"author":2,"featured_media":0,"comment_status":"open","ping_status":"closed","sticky":false,"template":"","format":"standard","meta":{"rop_custom_images_group":[],"rop_custom_messages_group":[],"rop_publish_now":"initial","rop_publish_now_accounts":[],"rop_publish_now_history":[],"rop_publish_now_status":"pending","footnotes":""},"categories":[27],"tags":[],"class_list":["bg-stuff"],"_links":{"self":[{"href":"http:\/\/www.minasdosul.com.br\/index.php?rest_route=\/wp\/v2\/posts\/303","targetHints":{"allow":["GET"]}}],"collection":[{"href":"http:\/\/www.minasdosul.com.br\/index.php?rest_route=\/wp\/v2\/posts"}],"about":[{"href":"http:\/\/www.minasdosul.com.br\/index.php?rest_route=\/wp\/v2\/types\/post"}],"author":[{"embeddable":true,"href":"http:\/\/www.minasdosul.com.br\/index.php?rest_route=\/wp\/v2\/users\/2"}],"replies":[{"embeddable":true,"href":"http:\/\/www.minasdosul.com.br\/index.php?rest_route=%2Fwp%2Fv2%2Fcomments&post=303"}],"version-history":[{"count":8,"href":"http:\/\/www.minasdosul.com.br\/index.php?rest_route=\/wp\/v2\/posts\/303\/revisions"}],"predecessor-version":[{"id":318,"href":"http:\/\/www.minasdosul.com.br\/index.php?rest_route=\/wp\/v2\/posts\/303\/revisions\/318"}],"wp:attachment":[{"href":"http:\/\/www.minasdosul.com.br\/index.php?rest_route=%2Fwp%2Fv2%2Fmedia&parent=303"}],"wp:term":[{"taxonomy":"category","embeddable":true,"href":"http:\/\/www.minasdosul.com.br\/index.php?rest_route=%2Fwp%2Fv2%2Fcategories&post=303"},{"taxonomy":"post_tag","embeddable":true,"href":"http:\/\/www.minasdosul.com.br\/index.php?rest_route=%2Fwp%2Fv2%2Ftags&post=303"}],"curies":[{"name":"wp","href":"https:\/\/api.w.org\/{rel}","templated":true}]}}