{"id":289,"date":"2017-01-13T17:43:53","date_gmt":"2017-01-13T19:43:53","guid":{"rendered":"http:\/\/www.minasdosul.com.br\/?p=289"},"modified":"2017-01-13T17:47:22","modified_gmt":"2017-01-13T19:47:22","slug":"bom-dia-leitor-3","status":"publish","type":"post","link":"http:\/\/www.minasdosul.com.br\/?p=289","title":{"rendered":"Bom Dia, Leitor"},"content":{"rendered":"<p><a href=\"http:\/\/www.minasdosul.com.br\/wp-content\/uploads\/2017\/01\/Bom-Dia-Leitor-site-1.jpg\"><img loading=\"lazy\" decoding=\"async\" src=\"http:\/\/www.minasdosul.com.br\/wp-content\/uploads\/2017\/01\/Bom-Dia-Leitor-site-1-300x31.jpg\" alt=\"Bom Dia, Leitor site\" width=\"300\" height=\"31\" class=\"alignnone size-medium wp-image-290\" srcset=\"http:\/\/www.minasdosul.com.br\/wp-content\/uploads\/2017\/01\/Bom-Dia-Leitor-site-1-300x31.jpg 300w, http:\/\/www.minasdosul.com.br\/wp-content\/uploads\/2017\/01\/Bom-Dia-Leitor-site-1-768x80.jpg 768w, http:\/\/www.minasdosul.com.br\/wp-content\/uploads\/2017\/01\/Bom-Dia-Leitor-site-1-1024x107.jpg 1024w\" sizes=\"auto, (max-width: 300px) 100vw, 300px\" \/><\/a><br \/>\n<a href=\"http:\/\/www.minasdosul.com.br\/wp-content\/uploads\/2017\/01\/Bom-logo-cordete-4.jpg\"><img loading=\"lazy\" decoding=\"async\" src=\"http:\/\/www.minasdosul.com.br\/wp-content\/uploads\/2017\/01\/Bom-logo-cordete-4-263x300.jpg\" alt=\"Bom logo-cordete\" width=\"263\" height=\"300\" class=\"alignnone size-medium wp-image-295\" srcset=\"http:\/\/www.minasdosul.com.br\/wp-content\/uploads\/2017\/01\/Bom-logo-cordete-4-263x300.jpg 263w, http:\/\/www.minasdosul.com.br\/wp-content\/uploads\/2017\/01\/Bom-logo-cordete-4.jpg 672w\" sizes=\"auto, (max-width: 263px) 100vw, 263px\" \/><\/a><br \/>\nFazem alguns anos (40) que tenho observado o cen\u00e1rio pol\u00edtico do Sul de Minas &#8211; de Lavras a Varginha e El\u00f3i Mendes at\u00e9 Alfenas, Campos Gerais e Campo do Meio, chegando at\u00e9 Pouso Alegre e Po\u00e7os de Caldas, al\u00e9m de Tr\u00eas Cora\u00e7\u00f5es, Caxambu, S\u00e3o Louren\u00e7o e Itajub\u00e1, e mais as cidades circunvizinhas a estas.<br \/>\nNa condi\u00e7\u00e3o de sujeito pol\u00edtico que sou \u2013 considero-me sujeito pol\u00edtico, n\u00e3o s\u00f3 no campo partid\u00e1rio, mas do cotidiano, das a\u00e7\u00f5es sociais, entre outras. Essa inser\u00e7\u00e3o me possibilitou perceber o quanto era importante se escolher bons representantes pol\u00edticos.<br \/>\nHoje, ao observar as atuais campanhas politicas e relembrando minhas experi\u00eancias nesse campo, passei a compreender que a fragilidade de alguns representantes est\u00e1 diretamente relacionada \u00e0 fragilidade politica da popula\u00e7\u00e3o que os tem escolhido.<br \/>\nOs politicos que hoje est\u00e3o nas ruas &#8211; e aqueles em seus gabinetes &#8211; em sua maioria (salvo alguns) n\u00e3o tem representado os interesses da popula\u00e7\u00e3o. Estes, que antes defendiam uma ideologia partid\u00e1ria, hoje nem isso fazem. Transitam de palco em palco (com\u00edcios), contracenando com atores de \u201cdiferentes cores,\u201d promovendo-se afim de conquistar suas \u201cvit\u00f3rias\u201d eleitorais.<br \/>\nOu seja, a legenda dos partidos, bem como o programa de atua\u00e7\u00e3o, s\u00e3o colocados de lado em nome da manuten\u00e7\u00e3o do poder, materializando na pr\u00e1tica o que tinha nos alertado Maquiavel quando em sua obra \u201cO Pr\u00edncipe\u201d afirmara que os fins justificam os meios.<br \/>\nN\u00e3o s\u00e3o poucos os casos de den\u00fancia de corrup\u00e7\u00e3o, maiores os que n\u00e3o s\u00e3o divulgados. Tudo tem sido divulgado amplamente na m\u00eddia, e da mesma forma (infelizmente) esquecido na primeira leva de novas noticias, no primeiro gol da copa ou do brasileir\u00e3o.<br \/>\nPor falar em copa, penso que s\u00e3o muitos os representantes que descem de seus tronos de marfim de quatro em quatro anos. Descem aos infernos quentes &#8211; ruas pobres esburacadas e sem saneamento, nos sert\u00f5es sem \u00e1gua, esquecidos momentaneamente por eles mesmos. Por\u00e9m lembrados agora, depois de quatro anos.<br \/>\nDescem ao encontro do povo, do pov\u00e3o, da massa; ao encontro dos que possuem o poder verdadeiro, e que, alienados por um universo de fatores, renunciam suas import\u00e2ncias delegando a muitos parasitas seus poderes atrav\u00e9s de uma pseudodemocracia.<br \/>\nRenunciam por n\u00e3o compreenderem o significado amplo da palavra \u201ccidadania\u201d, limitando-se a considerarem-se cidad\u00e3os apenas no breve momento que se encontram diante de uma fr\u00e1gil m\u00e1quina &#8211; a urna (uns 30 segundos).<br \/>\nE nesses momentos, v\u00e3o conquistando votos, apertando nas m\u00e3os sujas e calejadas dos trabalhadores, suando e cantando suas m\u00fasicas infernais e mentirosas, que profanam e desmistificam o significado das palavras mais sublimes: \u00e9tica, verdade, honra, amor, compromisso, etc.<br \/>\nAp\u00f3s terem conquistado os votos, eleitos pelo povo, mas n\u00e3o para o povo, retornam aos gabinetes limpos com ar condicionado, verbas e passagens, planos de sa\u00fade, reuni\u00f5es, sal\u00e1rios formais e informais. Voltam para defender os seus, n\u00e3o os outros; promovendo a\u00e7\u00f5es que n\u00e3o condizem com suas promessas publicas, com seus papeis constitucionais.<br \/>\nS\u00e3o essas a\u00e7\u00f5es que me motivaram a fazer esses breves coment\u00e1rios sobre a politica.<br \/>\nMas ressalvo que a grande maioria dos pol\u00edticos com os quais convivi e ainda convivo, s\u00e3o merecedores do inverso acima por mim colocado, esmerando em fazer algo de bom e de melhor para os eleitores e a popula\u00e7\u00e3o que lhe confiaram o voto desprovido de interesse particular.<br \/>\n\u00c9 importante registrar que, as vezes que me propus discutir estas reflex\u00f5es sobre a  campanha politica, no espa\u00e7o de trabalho e outros tidos como democr\u00e1ticos, at\u00e9 os que consideravam semelhantes se levantaram contra mim, empunhando suas espadas amea\u00e7adoras e  me condenando  ao  \u201cex\u00edlio das reparti\u00e7\u00f5es p\u00fablicas\u201d.<br \/>\nDiante de algumas a\u00e7\u00f5es que procuraram me impor o sil\u00eancio, meu sentimento de empoderamento foi se nutrindo por uma for\u00e7a de resist\u00eancia que tem se expressado na ideia de que ainda posso mudar alguma coisa. Fui nutrindo um contra-discursso que poderia ser gritado silenciosamente nas minhas edi\u00e7\u00f5es do Bom Dia, Leitor.<\/p>\n","protected":false},"excerpt":{"rendered":"<p>Fazem alguns anos (40) que tenho observado o cen\u00e1rio pol\u00edtico do Sul de Minas &#8211; de Lavras a Varginha e El\u00f3i Mendes at\u00e9 Alfenas, Campos Gerais e Campo do Meio, chegando at\u00e9 Pouso Alegre e Po\u00e7os de Caldas, al\u00e9m de Tr\u00eas Cora\u00e7\u00f5es, Caxambu, S\u00e3o Louren\u00e7o e Itajub\u00e1, e mais as cidades circunvizinhas a estas. Na [&hellip;]<\/p>\n","protected":false},"author":2,"featured_media":0,"comment_status":"open","ping_status":"closed","sticky":false,"template":"","format":"standard","meta":{"rop_custom_images_group":[],"rop_custom_messages_group":[],"rop_publish_now":"initial","rop_publish_now_accounts":[],"rop_publish_now_history":[],"rop_publish_now_status":"pending","footnotes":""},"categories":[27],"tags":[],"class_list":["bg-stuff"],"_links":{"self":[{"href":"http:\/\/www.minasdosul.com.br\/index.php?rest_route=\/wp\/v2\/posts\/289","targetHints":{"allow":["GET"]}}],"collection":[{"href":"http:\/\/www.minasdosul.com.br\/index.php?rest_route=\/wp\/v2\/posts"}],"about":[{"href":"http:\/\/www.minasdosul.com.br\/index.php?rest_route=\/wp\/v2\/types\/post"}],"author":[{"embeddable":true,"href":"http:\/\/www.minasdosul.com.br\/index.php?rest_route=\/wp\/v2\/users\/2"}],"replies":[{"embeddable":true,"href":"http:\/\/www.minasdosul.com.br\/index.php?rest_route=%2Fwp%2Fv2%2Fcomments&post=289"}],"version-history":[{"count":4,"href":"http:\/\/www.minasdosul.com.br\/index.php?rest_route=\/wp\/v2\/posts\/289\/revisions"}],"predecessor-version":[{"id":296,"href":"http:\/\/www.minasdosul.com.br\/index.php?rest_route=\/wp\/v2\/posts\/289\/revisions\/296"}],"wp:attachment":[{"href":"http:\/\/www.minasdosul.com.br\/index.php?rest_route=%2Fwp%2Fv2%2Fmedia&parent=289"}],"wp:term":[{"taxonomy":"category","embeddable":true,"href":"http:\/\/www.minasdosul.com.br\/index.php?rest_route=%2Fwp%2Fv2%2Fcategories&post=289"},{"taxonomy":"post_tag","embeddable":true,"href":"http:\/\/www.minasdosul.com.br\/index.php?rest_route=%2Fwp%2Fv2%2Ftags&post=289"}],"curies":[{"name":"wp","href":"https:\/\/api.w.org\/{rel}","templated":true}]}}